{"id":114389,"date":"2025-12-16T07:44:15","date_gmt":"2025-12-16T07:44:15","guid":{"rendered":"https:\/\/www.europesays.com\/no\/114389\/"},"modified":"2025-12-16T07:44:15","modified_gmt":"2025-12-16T07:44:15","slug":"rett-vest-med-hogre-ein-tragedie","status":"publish","type":"post","link":"https:\/\/www.europesays.com\/no\/114389\/","title":{"rendered":"Rett vest med H\u00f8gre: \u2014 Ein tragedie"},"content":{"rendered":"\n<ul class=\"_list_o9xde_3 _list_64s2r_85 _unordered_o9xde_106 text-sans-m\">\n<li class=\"_item_o9xde_30\">H\u00f8gre-mannen Jan Inge Kleppevik stemde Frp ved \u00e5rets val, etter \u00e5 ha vore H\u00f8gre-veljar i 50 \u00e5r.<\/li>\n<li class=\"_item_o9xde_30\">Langs vestlandskysten har mange H\u00f8gre-veljarar bytt til Frp, som har hatt ein stor framgang.<\/li>\n<li class=\"_item_o9xde_30\">Fleire er kritiske til at den nye toppleiinga i H\u00f8gre berre best\u00e5r av folk fr\u00e5 Austlandet.<\/li>\n<\/ul>\n<p>Vis mer <\/p>\n<p class=\"_paragraph_o9xde_4 _paragraph_xtcu6_10 layout-component text-serif-m layout-normal text-serif-m layout-padded\">\u2014 F\u00f8rre stortingsval heldt eg meg for nasen \u2014 og r\u00f8ysta H\u00f8gre, seier Jan Inge Kleppevik (73).<\/p>\n<p class=\"_paragraph_o9xde_4 _paragraph_xtcu6_10 layout-component text-serif-m layout-normal text-serif-m layout-padded\">Det har han gjort i 50 \u00e5r, men dette stortingsvalet vart annleis. D\u00e5 r\u00f8ysta han p\u00e5 Framstegspartiet.<\/p>\n<p class=\"_paragraph_o9xde_4 _paragraph_xtcu6_10 layout-component text-serif-m layout-normal text-serif-m layout-padded\">Kleppevik er ein av dei mange H\u00f8gre-veljarane som har forlate partiet. Men for han kjennest det motsatt.<\/p>\n<p class=\"_paragraph_o9xde_4 _paragraph_xtcu6_10 layout-component text-serif-m layout-normal text-serif-m layout-padded\">\u2014 Det er mitt H\u00f8gre som er borte, seier han til VG.<\/p>\n<p>Framleis H\u00f8gremann<\/p>\n<p class=\"_paragraph_o9xde_4 _paragraph_xtcu6_10 layout-component text-serif-m layout-normal text-serif-m layout-padded\">Heime p\u00e5 Sund i <a href=\"https:\/\/www.vg.no\/tag\/oeygarden?utm_source=vg-article&amp;utm_medium=auto-tagger&amp;utm_campaign=XMwe37\" class=\"_link_o9xde_39\" rel=\"nofollow noopener\" target=\"_blank\">\u00d8ygarden<\/a> sit han og kona Svanhild i kvar sin lenestol. Barnebarna har hjelpt dei med \u00e5 pynta til jul.<\/p>\n<p class=\"_paragraph_o9xde_4 _paragraph_xtcu6_10 layout-component text-serif-m layout-normal text-serif-m layout-padded\">\u2014 Eg vart h\u00f8gremann lenge f\u00f8r eg fekk stemmerett. Det har alltid vore mitt parti. Framleis er eg eigentleg h\u00f8gremann.<\/p>\n<p><img alt=\"\" class=\"_image_qp4xg_65 layout-component layout-right\" data-fullscreen- data-track-element-type=\"Article image fullscreen\" data-track-name=\"ImageFullscreen\" decoding=\"async\" loading=\"lazy\" height=\"5411\" itemprop=\"image\"  src=\"https:\/\/www.europesays.com\/no\/wp-content\/uploads\/2025\/12\/9df8f0ca-0acd-4583-9e63-2e514cc9cd97\"  style=\"object-position:0% 0%\" width=\"8078\"\/><img alt=\"\" class=\"_image_qp4xg_65 layout-component layout-left\" data-fullscreen- data-track-element-type=\"Article image fullscreen\" data-track-name=\"ImageFullscreen\" decoding=\"async\" loading=\"lazy\" height=\"5479\" itemprop=\"image\"  src=\"https:\/\/www.europesays.com\/no\/wp-content\/uploads\/2025\/12\/650be1bf-c8d3-422d-917b-73f727066b14\"  style=\"object-position:0% 0%\" width=\"7915\"\/><\/p>\n<p class=\"_paragraph_o9xde_4 _paragraph_xtcu6_10 layout-component text-serif-m layout-normal text-serif-m layout-padded\">Han meiner H\u00f8gre har mista bl\u00e5fargen sin og m\u00e5 bevege seg lenger til h\u00f8gre.<\/p>\n<p class=\"_paragraph_o9xde_4 _paragraph_xtcu6_10 layout-component text-serif-m layout-normal text-serif-m layout-padded\">Skattepengane skal g\u00e5 til \u201cskikkeleg drift\u201d av prim\u00e6roppg\u00e5vene som sjukehus, samferdsel, skule, barnehage og forsvar, meiner Kleppevik.<\/p>\n<p class=\"_paragraph_o9xde_4 _paragraph_xtcu6_10 layout-component text-serif-m layout-normal text-serif-m layout-padded\"><strong class=\"_strong_o9xde_25\">\u2014 Me skal ikkje sl\u00f8sa dei bort p\u00e5 alt mogeleg tullball. Det er s\u00e5 bort i helsikes mykje idiotisk pengebruk at det ikkje liknar grisen.<\/strong><\/p>\n<p class=\"_paragraph_o9xde_4 _paragraph_xtcu6_10 layout-component text-serif-m layout-normal text-serif-m layout-padded\">Han trekkjer pusten og held fram:<\/p>\n<p class=\"_paragraph_o9xde_4 _paragraph_xtcu6_10 layout-component text-serif-m layout-normal text-serif-m layout-padded\">\u2014 Det g\u00e5r fleire hundre millionar kroner til batterifabrikkar. Reisa ned til Brasil og dela ut 30 millionar kroner til regnskogen. Det er heilt p\u00e5 trynet. Heilt meiningslaust!<\/p>\n<p class=\"_paragraph_o9xde_4 _paragraph_xtcu6_10 layout-component text-serif-m layout-normal text-serif-m layout-padded\">\u2014 Synest eg, legg han til.<\/p>\n<p><img alt=\"\" class=\"_image_qp4xg_65 layout-component layout-fullwidth\" data-fullscreen- data-track-element-type=\"Article image fullscreen\" data-track-name=\"ImageFullscreen\" decoding=\"async\" loading=\"lazy\" height=\"5504\" itemprop=\"image\"  src=\"https:\/\/www.europesays.com\/no\/wp-content\/uploads\/2025\/12\/40661449-59b3-4b98-87e9-7d67eff30515\"  style=\"object-position:0% 0%\" width=\"8256\"\/><\/p>\n<p class=\"_paragraph_o9xde_4 _paragraph_xtcu6_10 layout-component text-serif-m layout-normal text-serif-m layout-padded\">F\u00f8r var han ein trufast EU-tilhengar. Han r\u00f8ysta ja i folker\u00f8ystingane om EU b\u00e5de i 1972 og 1994.<\/p>\n<p class=\"_paragraph_o9xde_4 _paragraph_xtcu6_10 layout-component text-serif-m layout-normal text-serif-m layout-padded\">\u2014 I dag ville eg r\u00f8ysta imot. Dei sit og vedtek \u201cei helvetes br\u00f8te med t\u00f8vete ting som dei trer \u00f8ve h\u00e5ve te folk\u201d, seier han p\u00e5 strilem\u00e5l. <\/p>\n<p>M\u00f8rkebl\u00e5 b\u00f8lgje<\/p>\n<p class=\"_paragraph_o9xde_4 _paragraph_xtcu6_10 layout-component text-serif-m layout-normal text-serif-m layout-padded\">Langs vestlandskysten vart valresultatet brutalt for H\u00f8gre. Gullkysten der Erna Solberg lenge har regjert, <a href=\"https:\/\/www.vg.no\/nyheter\/i\/Oo5exq\/gullkysten-kan-gleppe\" data-track-element-type=\"Link\" data-track-id=\"link:Oo5exq\" class=\"_link_o9xde_39\" rel=\"nofollow noopener\" target=\"_blank\">glapp<\/a>. <\/p>\n<p class=\"_paragraph_o9xde_4 _paragraph_xtcu6_10 layout-component text-serif-m layout-normal text-serif-m layout-padded\"><strong class=\"_strong_o9xde_25\">Berre ta ein titt her:<\/strong><\/p>\n<p class=\"_paragraph_o9xde_4 _paragraph_xtcu6_10 layout-component text-serif-m layout-normal text-serif-m layout-padded\">Samtidig har Frp fossa fram. Dei to partia har s\u00e5 \u00e5 seie bytt plass i mange kommunar, men framleis er det H\u00f8gre som sit med makta i \u00d8ygarden.<\/p>\n<p class=\"_paragraph_o9xde_4 _paragraph_xtcu6_10 layout-component text-serif-m layout-normal text-serif-m layout-padded\">Utanfor kontoret til ordf\u00f8rar Tom Georg Indrevik blokkerer eit berg av stein for utsikta. <\/p>\n<p class=\"_paragraph_o9xde_4 _paragraph_xtcu6_10 layout-component text-serif-m layout-normal text-serif-m layout-padded\">Dei er godt i gang med det nye Sotrasambandet, som har ein prislapp p\u00e5 23 milliardar kroner.<\/p>\n<p><img alt=\"\" class=\"_image_qp4xg_65 layout-component layout-left\" data-fullscreen- data-track-element-type=\"Article image fullscreen\" data-track-name=\"ImageFullscreen\" decoding=\"async\" loading=\"lazy\" height=\"5328\" itemprop=\"image\"  src=\"https:\/\/www.europesays.com\/no\/wp-content\/uploads\/2025\/12\/bc63663e-6956-47cc-b1cc-21ac9cd23877\"  style=\"object-position:0% 0%\" width=\"7392\"\/><img alt=\"\" class=\"_image_qp4xg_65 layout-component layout-right\" data-fullscreen- data-track-element-type=\"Article image fullscreen\" data-track-name=\"ImageFullscreen\" decoding=\"async\" loading=\"lazy\" height=\"5504\" itemprop=\"image\"  src=\"https:\/\/www.europesays.com\/no\/wp-content\/uploads\/2025\/12\/2f81c8da-b323-42b5-8c55-c1ad3f419cf5\"  style=\"object-position:0% 0%\" width=\"8256\"\/><\/p>\n<p class=\"_paragraph_o9xde_4 _paragraph_xtcu6_10 layout-component text-serif-m layout-normal text-serif-m layout-padded\">Indrevik meiner H\u00f8gre ikkje n\u00e5dde fram til veljarane med l\u00f8ysingane sine.<\/p>\n<p class=\"_paragraph_o9xde_4 _paragraph_xtcu6_10 layout-component text-serif-m layout-normal text-serif-m layout-padded\">\u2014 Vi var ikkje tydelege eller skarpe nok. Vi brukte mykje tid p\u00e5 \u00e5 diskutere kven av H\u00f8gre og Frp som var mest bl\u00e5. Heilt fram til april trudde vi nok at det kom til \u00e5 snu, seier Indrevik om valresultatet.<\/p>\n<p><img alt=\"\" class=\"_image_qp4xg_65 layout-component layout-normal\" data-fullscreen- data-track-element-type=\"Article image fullscreen\" data-track-name=\"ImageFullscreen\" decoding=\"async\" loading=\"lazy\" height=\"5236\" itemprop=\"image\"  src=\"https:\/\/www.europesays.com\/no\/wp-content\/uploads\/2025\/12\/f87e35e8-5d3d-4e19-99ae-4d09946a0033\"  style=\"object-position:0% 0%\" width=\"6983\"\/><\/p>\n<p class=\"_paragraph_o9xde_4 _paragraph_xtcu6_10 layout-component text-serif-m layout-normal text-serif-m layout-padded\">Ein av skilnadene mellom H\u00f8gre og Frp er viljen til \u00e5 inng\u00e5 kompromiss, meiner Indrevik.<\/p>\n<p class=\"_paragraph_o9xde_4 _paragraph_xtcu6_10 layout-component text-serif-m layout-normal text-serif-m layout-padded\">\u2014 I dag h\u00f8yrer folk p\u00e5 deg i 20 sekund. D\u00e5 hjelper det ikkje at resonnementet ditt er tre minutt. Frp er veldig tydelege, men \u00f2g kanskje mindre pragmatiske enn det vi er. Du kan gjerne ha sterke meiningar, men viss du ikkje f\u00e5r gjennomslag, s\u00e5 hjelper det ikkje, seier han og held fram:<\/p>\n<p class=\"_paragraph_o9xde_4 _paragraph_xtcu6_10 layout-component text-serif-m layout-normal text-serif-m layout-padded\">\u2014 H\u00f8gre har kanskje teke p\u00e5 seg for mykje av rolla p\u00e5 borgarleg side, at vi alltid skal vere limet. Av og til blir ein straffa for det.<\/p>\n<p><img alt=\"\" class=\"_image_qp4xg_65 layout-component layout-normal\" data-fullscreen- data-track-element-type=\"Article image fullscreen\" data-track-name=\"ImageFullscreen\" decoding=\"async\" loading=\"lazy\" height=\"5262\" itemprop=\"image\"  src=\"https:\/\/www.europesays.com\/no\/wp-content\/uploads\/2025\/12\/408b120b-69ba-4b3d-b8a4-cb9764c67a03\"  style=\"object-position:0% 0%\" width=\"7110\"\/><\/p>\n<p class=\"_paragraph_o9xde_4 _paragraph_xtcu6_10 layout-component text-serif-m layout-normal text-serif-m layout-padded\">P\u00e5 mobilen tel ordf\u00f8raren ned til vallokala stengjer ved neste kommuneval. I februar skal han bestemme seg for om han tek attval eller ikkje.<\/p>\n<p class=\"_paragraph_o9xde_4 _paragraph_xtcu6_10 layout-component text-serif-m layout-normal text-serif-m layout-padded\">\u2014 Valet i 2027 er avgjerande for H\u00f8gre. Dette er eit tydeleg signal om kor dyktige vi har vore lokalt.<\/p>\n<p class=\"_paragraph_o9xde_4 _paragraph_xtcu6_10 layout-component text-serif-m layout-normal text-serif-m layout-padded\">\u2014 Kan de vinne tilbake vestlandskommunane utan nokon vestlendingar i toppen?<\/p>\n<p class=\"_paragraph_o9xde_4 _paragraph_xtcu6_10 layout-component text-serif-m layout-normal text-serif-m layout-padded\">\u2014 Ja, eg trur vi kan det.<\/p>\n<p>Vinnarlaget<\/p>\n<p class=\"_paragraph_o9xde_4 _paragraph_xtcu6_10 layout-component text-serif-m layout-normal text-serif-m layout-padded\">P\u00e5 nabo\u00f8ya Ask\u00f8y pissregnar det.<\/p>\n<p class=\"_paragraph_o9xde_4 _paragraph_xtcu6_10 layout-component text-serif-m layout-normal text-serif-m layout-padded\">Maskinentrepren\u00f8r Rudi Soltvedt (46) og lokallagsleiar i Ask\u00f8y Frp, Jan Erik Aaseb\u00f8 (60), smiler der dei st\u00e5r i ly under bakd\u00f8ra p\u00e5 varebilen. Det er godt \u00e5 vere Frp-ar om dagen, s\u00e6rleg n\u00e5r du kan snakke om <a href=\"https:\/\/www.vg.no\/nyheter\/i\/6qnlOO\/frp-med-beste-vg-maaling-paa-over-15-aar\" data-track-element-type=\"Link\" data-track-id=\"link:6qnlOO\" class=\"_link_o9xde_39\" rel=\"nofollow noopener\" target=\"_blank\">m\u00e5lingar som n\u00e6rmar seg 30-talet.<\/a><\/p>\n<p><img alt=\"Rudi Soltvedt (til venstre) og Jan Erik Aaseb\u00f8 er begge \u201cborn and raised\u201d ask\u00f8yv\u00e6ringar.  Foto: Helge Mikalsen \/ VG\" class=\"_image_qp4xg_65 layout-component layout-right\" data-fullscreen- data-track-element-type=\"Article image fullscreen\" data-track-name=\"ImageFullscreen\" decoding=\"async\" loading=\"lazy\" height=\"5337\" itemprop=\"image\"  src=\"https:\/\/www.europesays.com\/no\/wp-content\/uploads\/2025\/12\/e44eeb8d-4c3e-43f7-8bcd-451b07557a0c\"  style=\"object-position:0% 0%\" width=\"7772\"\/>Rudi Soltvedt (til venstre) og Jan Erik Aaseb\u00f8 er begge \u201cborn and raised\u201d ask\u00f8yv\u00e6ringar.  Foto: Helge Mikalsen \/ VG<\/p>\n<p class=\"_paragraph_o9xde_4 _paragraph_xtcu6_10 layout-component text-serif-m layout-normal text-serif-m layout-padded\">Maskinentrepren\u00f8r Soltvedt stemde \u00f2g H\u00f8gre ved f\u00f8rre stortingsval, men gjekk for Frp i \u00e5r.<\/p>\n<p class=\"_paragraph_o9xde_4 _paragraph_xtcu6_10 layout-component text-serif-m layout-normal text-serif-m layout-padded\">\u2014 Eg synest Sylvi har gjort det veldig bra og vore tydeleg, det kjenner eg ikkje att hos Erna. Det er nesten som om lufta har g\u00e5tt litt ut av henne, seier han.<\/p>\n<p class=\"_paragraph_o9xde_4 _paragraph_xtcu6_10 layout-component text-serif-m layout-normal text-serif-m layout-padded\">Det er s\u00e6rleg dieselavgifta og byr\u00e5krati-kritikk som overtydde han.<\/p>\n<p class=\"_paragraph_o9xde_4 _paragraph_xtcu6_10 layout-component text-serif-m layout-normal text-serif-m layout-padded\">\u2014 Berre du skal skifte til eit anna borrhammer-merke, skal alle ha oppl\u00e6ring, og det er ei papirm\u00f8lle herifr\u00e5 til himmelen. Der kjenner eg at Frp har vore framme, seier Soltvedt.<\/p>\n<p><img alt=\"\" class=\"_image_qp4xg_65 layout-component layout-normal\" data-fullscreen- data-track-element-type=\"Article image fullscreen\" data-track-name=\"ImageFullscreen\" decoding=\"async\" loading=\"lazy\" height=\"5397\" itemprop=\"image\"  src=\"https:\/\/www.europesays.com\/no\/wp-content\/uploads\/2025\/12\/d3fccdeb-1072-491c-9106-df8b6bbb2ada\"  style=\"object-position:0% 0%\" width=\"7695\"\/><\/p>\n<p class=\"_paragraph_o9xde_4 _paragraph_xtcu6_10 layout-component text-serif-m layout-normal text-serif-m layout-padded\">\u2014 Kva skal til for \u00e5 vinne deg tilbake til H\u00f8gre?<\/p>\n<p class=\"_paragraph_o9xde_4 _paragraph_xtcu6_10 layout-component text-serif-m layout-normal text-serif-m layout-padded\">\u2014 Dei m\u00e5 st\u00e5 end\u00e5 sterkare p\u00e5 meiningane sine, og f\u00e5 inn ein leiar som er tydeleg, seier han.<\/p>\n<p class=\"_paragraph_o9xde_4 _paragraph_xtcu6_10 layout-component text-serif-m layout-normal text-serif-m layout-padded\">Og den som blir ny H\u00f8gre-leiar, Ine Eriksen S\u00f8reide? Det var annleis med Erna Solberg\u2014 som alle her \u00abkjende\u00bb, peikar Soltvedt p\u00e5.<\/p>\n<p class=\"_paragraph_o9xde_4 _paragraph_xtcu6_10 layout-component text-serif-m layout-normal text-serif-m layout-padded\">\u2014 Eg har ikkje s\u00e5 stor kjennskap til Ine, seier han.<\/p>\n<p class=\"_paragraph_o9xde_4 _paragraph_xtcu6_10 layout-component text-serif-m layout-normal text-serif-m layout-padded\">Frp-lokallagsleiar Aaseb\u00f8 er overtydd om at landet sin neste statsminister heiter Sylvi Listhaug, men han peikar p\u00e5 at H\u00f8gre m\u00e5 bli st\u00f8rre dersom dei borgarlege skal vinne val.<\/p>\n<p class=\"_paragraph_o9xde_4 _paragraph_xtcu6_10 layout-component text-serif-m layout-normal text-serif-m layout-padded\">\u2014 Vi b\u00f8r helst vere sterke begge to, b\u00e5de Frp og H\u00f8gre \u2014 men med eit st\u00f8rst Frp, ler han.<\/p>\n<p><img alt=\"\" class=\"_image_qp4xg_65 layout-component layout-fullwidth\" data-fullscreen- data-track-element-type=\"Article image fullscreen\" data-track-name=\"ImageFullscreen\" decoding=\"async\" loading=\"lazy\" height=\"5430\" itemprop=\"image\"  src=\"https:\/\/www.europesays.com\/no\/wp-content\/uploads\/2025\/12\/994f8a2b-3457-4fe1-89f0-6d907cd96647\"  style=\"object-position:0% 0%\" width=\"7982\"\/><\/p>\n<p class=\"_paragraph_o9xde_4 _paragraph_xtcu6_10 layout-component text-serif-m layout-normal text-serif-m layout-padded\">Vestlending, austlending, nordlending \u2014 for trappekonstrukt\u00f8r Espen Fosse (44) er det det same kven som sit p\u00e5 toppen i H\u00f8gre.<\/p>\n<p class=\"_paragraph_o9xde_4 _paragraph_xtcu6_10 layout-component text-serif-m layout-normal text-serif-m layout-padded\">\u2014 Det spelar inga rolle kven som er leiar, s\u00e5 lenge dei f\u00e5r fram politikken sin. Om eg stemmer Ap eller H\u00f8gre no, kjenner eg det som om dei liksom er p\u00e5 same lag. Eg har ikkje lagt H\u00f8gre bak meg, men det kjem an p\u00e5 kva dei gjer, seier Fosse til VG<\/p>\n<p><img alt=\"\" class=\"_image_qp4xg_65 layout-component layout-fullwidth\" data-fullscreen- data-track-element-type=\"Article image fullscreen\" data-track-name=\"ImageFullscreen\" decoding=\"async\" loading=\"lazy\" height=\"5289\" itemprop=\"image\"  src=\"https:\/\/www.europesays.com\/no\/wp-content\/uploads\/2025\/12\/37981398-2599-4e0a-b1c0-8c82c61c6e64\"  style=\"object-position:0% 0%\" width=\"7337\"\/><\/p>\n<p class=\"_paragraph_o9xde_4 _paragraph_xtcu6_10 layout-component text-serif-m layout-normal text-serif-m layout-padded\">Han er \u00f2g blant dei som har stemt H\u00f8gre i \u00aballe \u00e5r\u00bb, men som no droppa dei til fordel for Frp i \u00e5r. Skattar, avgifter, \u00e5 bli kvitt sl\u00f8sing \u2014 og ellevilt h\u00f8g straumpris \u2014 overtydde han.<\/p>\n<p class=\"_paragraph_o9xde_4 _paragraph_xtcu6_10 layout-component text-serif-m layout-normal text-serif-m layout-padded\">\u2014 Det verka som H\u00f8gre hadde gitt litt opp. Eg kjende at dei ikkje var p\u00e5, men det var Frp, seier Fosse.<\/p>\n<p class=\"_paragraph_o9xde_4 _paragraph_xtcu6_10 layout-component text-serif-m layout-normal text-serif-m layout-padded\">P\u00e5 bordet framfor han ligg det planteikningar. Dei skal utvide verkstaden der dei byggjer og sel trapper.<\/p>\n<p class=\"_paragraph_o9xde_4 _paragraph_xtcu6_10 layout-component text-serif-m layout-normal text-serif-m layout-padded\">\u2014 Eg merkar at det skal inn papir p\u00e5 alt mogeleg rart. HMS-en skal fungere, men \u2026<\/p>\n<p><img alt=\"\" class=\"_image_qp4xg_65 layout-component layout-normal\" data-fullscreen- data-track-element-type=\"Article image fullscreen\" data-track-name=\"ImageFullscreen\" decoding=\"async\" loading=\"lazy\" height=\"5309\" itemprop=\"image\"  src=\"https:\/\/www.europesays.com\/no\/wp-content\/uploads\/2025\/12\/dc3a07f3-1abc-420b-8e65-dfa09f0d1e57\"  style=\"object-position:0% 0%\" width=\"7821\"\/><\/p>\n<p class=\"_paragraph_o9xde_4 _paragraph_xtcu6_10 layout-component text-serif-m layout-normal text-serif-m layout-padded\">\u2014 Er det ikkje bra med kontroll i alle ledd?<\/p>\n<p class=\"_paragraph_o9xde_4 _paragraph_xtcu6_10 layout-component text-serif-m layout-normal text-serif-m layout-padded\"><strong class=\"_strong_o9xde_25\">\u2014 Jo, men vi har lyst til \u00e5 tene pengar p\u00e5 det vi leverer. Vi tener ikkje pengar p\u00e5 \u00e5 skrive papir.<\/strong><\/p>\n<p class=\"_paragraph_o9xde_4 _paragraph_xtcu6_10 layout-component text-serif-m layout-normal text-serif-m layout-padded\">\u2014 \u00c5 byggje trapp, derimot?<\/p>\n<p class=\"_paragraph_o9xde_4 _paragraph_xtcu6_10 layout-component text-serif-m layout-normal text-serif-m layout-padded\">\u2014 D\u00e5 tener vi pengar! seier han og ler.<\/p>\n<p>T\u00f8ffe tider<\/p>\n<p class=\"_paragraph_o9xde_4 _paragraph_xtcu6_10 layout-component text-serif-m layout-normal text-serif-m layout-padded\">H\u00f8gre-ordf\u00f8rar Yngve Magnus Fosse tek imot VG p\u00e5 Ask\u00f8y r\u00e5dhus.<\/p>\n<p class=\"_paragraph_o9xde_4 _paragraph_xtcu6_10 layout-component text-serif-m layout-normal text-serif-m layout-padded\">\u2014 Vi sat veldig lenge stille i b\u00e5ten. D\u00e5 ting f\u00f8rst byrja \u00e5 skje, leita vi etter \u00e5rene. D\u00e5 stod Frp klare. Viss vi pr\u00f8vde \u00e5 vere tydelegare, var Frp end\u00e5 tydelegare. Vi var p\u00e5 h\u00e6lane heile vegen, seier Fosse.<\/p>\n<p><img alt=\"\" class=\"_image_qp4xg_65 layout-component layout-left\" data-fullscreen- data-track-element-type=\"Article image fullscreen\" data-track-name=\"ImageFullscreen\" decoding=\"async\" loading=\"lazy\" height=\"5288\" itemprop=\"image\"  src=\"https:\/\/www.europesays.com\/no\/wp-content\/uploads\/2025\/12\/fb608062-5d87-4923-a700-07b9f01668b5\"  style=\"object-position:0% 0%\" width=\"7335\"\/><img alt=\"\" class=\"_image_qp4xg_65 layout-component layout-right\" data-fullscreen- data-track-element-type=\"Article image fullscreen\" data-track-name=\"ImageFullscreen\" decoding=\"async\" loading=\"lazy\" height=\"4953\" itemprop=\"image\"  src=\"https:\/\/www.europesays.com\/no\/wp-content\/uploads\/2025\/12\/63d48610-cc95-4f65-a737-b08b7872169c\"  style=\"object-position:0% 0%\" width=\"6799\"\/><\/p>\n<p class=\"_paragraph_o9xde_4 _paragraph_xtcu6_10 layout-component text-serif-m layout-normal text-serif-m layout-padded\">N\u00e5r partiet no skal snu skuta, meiner han Vestlandet b\u00f8r vere representert i leiinga.<\/p>\n<p class=\"_paragraph_o9xde_4 _paragraph_xtcu6_10 layout-component text-serif-m layout-normal text-serif-m layout-padded\">\u2014 Eg trur heilt \u00e6rleg at H\u00f8gre si leiing ville vore styrkt med ein nestleiar som kom fr\u00e5 ein annan stad enn Oslo. Vi fr\u00e5 Vestlandet si side er veldig n\u00f8gde med \u00e5 ha hatt Erna s\u00e5 lenge.<\/p>\n<p class=\"_paragraph_o9xde_4 _paragraph_xtcu6_10 layout-component text-serif-m layout-normal text-serif-m layout-padded\">\u2014 Kanskje de hadde dykkar 20 \u00e5r med H\u00f8gre-leiar, og m\u00e5 sleppe til nokon andre no?<\/p>\n<p class=\"_paragraph_o9xde_4 _paragraph_xtcu6_10 layout-component text-serif-m layout-normal text-serif-m layout-padded\">\u2014 Ja, s\u00e5 \u00abno kan distrikta fr\u00e5 Oslo \u00f2g f\u00e5 litt leiing\u00bb, seier han ironisk og ler.<\/p>\n<p><img alt=\"Mange portrett og ein katt. \u2013 Det var ei jente som var glad i katt, forklarer ordf\u00f8raren.  Foto: Helge Mikalsen \/ VG\" class=\"_image_qp4xg_65 layout-component layout-normal\" data-fullscreen- data-track-element-type=\"Article image fullscreen\" data-track-name=\"ImageFullscreen\" decoding=\"async\" loading=\"lazy\" height=\"5299\" itemprop=\"image\"  src=\"https:\/\/www.europesays.com\/no\/wp-content\/uploads\/2025\/12\/c19de531-919d-490f-a5d0-1550711169bb\"  style=\"object-position:0% 0%\" width=\"7645\"\/>Mange portrett og ein katt. \u2013 Det var ei jente som var glad i katt, forklarer ordf\u00f8raren.  Foto: Helge Mikalsen \/ VG<\/p>\n<p class=\"_paragraph_o9xde_4 _paragraph_xtcu6_10 layout-component text-serif-m layout-normal text-serif-m layout-padded\">Han h\u00e5par nokon vil ta kampen p\u00e5 landsm\u00f8tet. Det store sp\u00f8rsm\u00e5let er berre kven det skal vere, etter at Peter Fr\u00f8lich fr\u00e5 Bergen trekte seg.<\/p>\n<p class=\"_paragraph_o9xde_4 _paragraph_xtcu6_10 layout-component text-serif-m layout-normal text-serif-m layout-padded\">\u2014 Vi skal ta det litt p\u00e5 v\u00e5r eiga kappe. Vi har spelt alle korta v\u00e5re p\u00e5 Peter. Han har vore v\u00e5r mann, og vi har ikkje hatt s\u00e5 veldig mange andre.<\/p>\n<p class=\"_paragraph_o9xde_4 _paragraph_xtcu6_10 layout-component text-serif-m layout-normal text-serif-m layout-padded\">\u2014 Den nye leiinga kjem jo heilt sikkert til \u00e5 reise mykje, ogs\u00e5 p\u00e5 Vestlandet.<\/p>\n<p class=\"_paragraph_o9xde_4 _paragraph_xtcu6_10 layout-component text-serif-m layout-normal text-serif-m layout-padded\">\u2014 Eg er ikkje i tvil. Dei er kjempedyktige, og eg likar dei alle saman. Det er ingenting vondt, men du kan reise s\u00e5 mykje du vil \u2014 du er framleis der du er fr\u00e5 og representerer det du representerer, seier han.<\/p>\n<p>\u2014 Vil dei ikkje noko vondt<\/p>\n<p class=\"_paragraph_o9xde_4 _paragraph_xtcu6_10 layout-component text-serif-m layout-normal text-serif-m layout-padded\">Ine Eriksen S\u00f8reide, Henrik Asheim og Ola Svenneby vil slite med \u00e5 gjenvinne Kleppevik i \u00d8ygarden si stemme.<\/p>\n<p class=\"_paragraph_o9xde_4 _paragraph_xtcu6_10 layout-component text-serif-m layout-normal text-serif-m layout-padded\">\u2014 Dei er ikkje mine favorittar, seier han.<\/p>\n<p class=\"_paragraph_o9xde_4 _paragraph_xtcu6_10 layout-component text-serif-m layout-normal text-serif-m layout-padded\">Peter Fr\u00f8lich har han meir tru p\u00e5, og seier det er fordi han er litt meir konservativ.<\/p>\n<p><img alt=\"\" class=\"_image_qp4xg_65 layout-component layout-normal\" data-fullscreen- data-track-element-type=\"Article image fullscreen\" data-track-name=\"ImageFullscreen\" decoding=\"async\" loading=\"lazy\" height=\"5410\" itemprop=\"image\"  src=\"https:\/\/www.europesays.com\/no\/wp-content\/uploads\/2025\/12\/e2c1d5c4-35f8-427d-b895-99bd5be4f487\"  style=\"object-position:0% 0%\" width=\"7200\"\/><\/p>\n<p class=\"_paragraph_o9xde_4 _paragraph_xtcu6_10 layout-component text-serif-m layout-normal text-serif-m layout-padded\">\u2014 Viss H\u00f8gre skal g\u00e5 meir til h\u00f8gre, blir dei ikkje berre som Frp?<\/p>\n<p class=\"_paragraph_o9xde_4 _paragraph_xtcu6_10 layout-component text-serif-m layout-normal text-serif-m layout-padded\">\u2014 Nei, eg likar ikkje alt med Frp, seier han og held fram:<\/p>\n<p class=\"_paragraph_o9xde_4 _paragraph_xtcu6_10 layout-component text-serif-m layout-normal text-serif-m layout-padded\"><strong class=\"_strong_o9xde_25\">\u2014 Du kan dra liberalismenliberalismenEn politisk og \u00f8konomisk filosofi som fremmer frihet, rettigheter og likhet for individet, ofte med fokus p\u00e5 begrenset statlig innblanding i \u00f8konomien. for langt, etter mi meining. Ein kan ikkje drive eit samfunn utan skattar og avgifter, men hos Frp handlar det litt meir om den enkelte sitt fridom. Staten skal detaljstyre p\u00e5 alle mogelege faens m\u00e5tar. Det er s\u00e5 innigransk\u00e6vvens mykje.<\/strong><\/p>\n<p class=\"_paragraph_o9xde_4 _paragraph_xtcu6_10 layout-component text-serif-m layout-normal text-serif-m layout-padded\">\u2014 Synest eg, legg han kjapt til.<\/p>\n<p><img alt=\"\" class=\"_image_qp4xg_65 layout-component layout-right\" data-fullscreen- data-track-element-type=\"Article image fullscreen\" data-track-name=\"ImageFullscreen\" decoding=\"async\" loading=\"lazy\" height=\"5393\" itemprop=\"image\"  src=\"https:\/\/www.europesays.com\/no\/wp-content\/uploads\/2025\/12\/3e547e7f-74dc-45c7-9ee6-94efbe8cab89\"  style=\"object-position:0% 0%\" width=\"8098\"\/><img alt=\"\" class=\"_image_qp4xg_65 layout-component layout-right\" data-fullscreen- data-track-element-type=\"Article image fullscreen\" data-track-name=\"ImageFullscreen\" decoding=\"async\" loading=\"lazy\" height=\"5438\" itemprop=\"image\"  src=\"https:\/\/www.europesays.com\/no\/wp-content\/uploads\/2025\/12\/d1eb8402-d802-49cc-a5e2-d98d37dd3108\"  style=\"object-position:0% 0%\" width=\"8162\"\/><\/p>\n<p class=\"_paragraph_o9xde_4 _paragraph_xtcu6_10 layout-component text-serif-m layout-normal text-serif-m layout-padded\">For det finst ingen skadefryd hos strilen ute i \u00d8ygarden. F\u00f8rst og fremst meiner han at H\u00f8gre sitt fall er trist.<\/p>\n<p class=\"_paragraph_o9xde_4 _paragraph_xtcu6_10 layout-component text-serif-m layout-normal text-serif-m layout-padded\">\u2014 Eg vil dei ikkje noko vondt. Det som skjer med H\u00f8gre no, er ein tragedie. Eg er faktisk lei meg for det. Og eg var jo med p\u00e5 \u00e5 bidra til det, i og med at eg stemde Frp, seier Kleppevik.<\/p>\n","protected":false},"excerpt":{"rendered":"H\u00f8gre-mannen Jan Inge Kleppevik stemde Frp ved \u00e5rets val, etter \u00e5 ha vore H\u00f8gre-veljar i 50 \u00e5r. Langs&hellip;\n","protected":false},"author":2,"featured_media":114390,"comment_status":"","ping_status":"","sticky":false,"template":"","format":"standard","meta":{"footnotes":""},"categories":[10],"tags":[2271,20,21,327,24,25,5219,15,1213,22,23,13,30,28,281,29,14,16,2869,26,27,205],"class_list":{"0":"post-114389","1":"post","2":"type-post","3":"status-publish","4":"format-standard","5":"has-post-thumbnail","7":"category-norge","8":"tag-askoy","9":"tag-breaking-news","10":"tag-breakingnews","11":"tag-erna-solberg","12":"tag-featured-news","13":"tag-featurednews","14":"tag-framskrittspartiet-frp","15":"tag-headlines","16":"tag-hoyre-h","17":"tag-latest-news","18":"tag-latestnews","19":"tag-news","20":"tag-no","21":"tag-norge","22":"tag-norsk-politikk","23":"tag-norway","24":"tag-nyheter","25":"tag-overskrifter","26":"tag-oygarden","27":"tag-top-stories","28":"tag-topstories","29":"tag-vgsamfunn"},"share_on_mastodon":{"url":"https:\/\/pubeurope.com\/@no\/115728133175829841","error":""},"_links":{"self":[{"href":"https:\/\/www.europesays.com\/no\/wp-json\/wp\/v2\/posts\/114389","targetHints":{"allow":["GET"]}}],"collection":[{"href":"https:\/\/www.europesays.com\/no\/wp-json\/wp\/v2\/posts"}],"about":[{"href":"https:\/\/www.europesays.com\/no\/wp-json\/wp\/v2\/types\/post"}],"author":[{"embeddable":true,"href":"https:\/\/www.europesays.com\/no\/wp-json\/wp\/v2\/users\/2"}],"replies":[{"embeddable":true,"href":"https:\/\/www.europesays.com\/no\/wp-json\/wp\/v2\/comments?post=114389"}],"version-history":[{"count":0,"href":"https:\/\/www.europesays.com\/no\/wp-json\/wp\/v2\/posts\/114389\/revisions"}],"wp:featuredmedia":[{"embeddable":true,"href":"https:\/\/www.europesays.com\/no\/wp-json\/wp\/v2\/media\/114390"}],"wp:attachment":[{"href":"https:\/\/www.europesays.com\/no\/wp-json\/wp\/v2\/media?parent=114389"}],"wp:term":[{"taxonomy":"category","embeddable":true,"href":"https:\/\/www.europesays.com\/no\/wp-json\/wp\/v2\/categories?post=114389"},{"taxonomy":"post_tag","embeddable":true,"href":"https:\/\/www.europesays.com\/no\/wp-json\/wp\/v2\/tags?post=114389"}],"curies":[{"name":"wp","href":"https:\/\/api.w.org\/{rel}","templated":true}]}}