{"id":114391,"date":"2025-12-16T07:45:12","date_gmt":"2025-12-16T07:45:12","guid":{"rendered":"https:\/\/www.europesays.com\/no\/114391\/"},"modified":"2025-12-16T07:45:12","modified_gmt":"2025-12-16T07:45:12","slug":"ekspertutvalg-advarer-mot-hjemmeeksamen","status":"publish","type":"post","link":"https:\/\/www.europesays.com\/no\/114391\/","title":{"rendered":"Ekspertutvalg advarer mot hjemmeeksamen"},"content":{"rendered":"\n<p class=\"_lead_o9xde_2 _lead_xtcu6_50 layout-component text-serif-m layout-normal text-serif-l layout-component layout-wide layout-padded _wide_17hqh_1 layout-padded\">Studenter b\u00f8r f\u00e5 flere kontrollerte eksamensformer i stedenfor.<\/p>\n<p><img alt=\"Forsknings- og h\u00f8yere utdanningsminister Sigrun Aasland (Ap) sier hun forventer at universiteter og h\u00f8gskoler \u00absetter seg inn i r\u00e5dene fra utvalget\u00bb. Foto: Stian Lysberg Solum \/ NTB\" class=\"_image_qp4xg_65 layout-component layout-wide\" data-fullscreen- data-track-element-type=\"Article image fullscreen\" data-track-name=\"ImageFullscreen\" fetchpriority=\"high\" decoding=\"sync\" loading=\"eager\" height=\"5760\" itemprop=\"image\"  src=\"https:\/\/www.europesays.com\/no\/wp-content\/uploads\/2025\/12\/c00059c2-aa05-4122-aa0c-e0e2d0c639ce\"  style=\"object-position:0% 0%\" width=\"8640\"\/>Forsknings- og h\u00f8yere utdanningsminister Sigrun Aasland (Ap) sier hun forventer at universiteter og h\u00f8gskoler \u00absetter seg inn i r\u00e5dene fra utvalget\u00bb. Foto: Stian Lysberg Solum \/ NTB<\/p>\n<ul aria-hidden=\"true\" class=\"_images_ntbth_112\">\n<li><a class=\"_link_ntbth_117\" href=\"https:\/\/www.vg.no\/forfatter\/isak-loeve-pilskog-loe\" style=\"z-index:1\" title=\"Isak L\u00f8ve Pilskog Loe\" rel=\"nofollow noopener\" target=\"_blank\"><img alt=\"Bilde av Isak L\u00f8ve Pilskog Loe\" class=\"_image_ntbth_93\" fetchpriority=\"low\" loading=\"lazy\" decoding=\"async\" itemprop=\"image\"  src=\"https:\/\/www.europesays.com\/no\/wp-content\/uploads\/2025\/12\/1765871110_841_8b0354e3-bf53-460c-9c1c-790321a0c923\"  width=\"480\"\/><\/a><\/li>\n<\/ul>\n<p> Oppdatert tirsdag 16. desember kl. 07:05     <\/p>\n<p class=\"_paragraph_o9xde_4 _paragraph_xtcu6_10 layout-component text-serif-m layout-normal text-serif-m layout-padded\">Et regjeringsoppnevnt utvalg anbefaler n\u00e5 at universiteter og h\u00f8yskoler supplerer hjemmeeksamen og andre ikke-kontrollerte eksamener med en kontrollert eksamensdel. I tillegg b\u00f8r studentene f\u00e5 flere kontrollerte eksamensformer som skoleeksamen, praksis og muntlige pr\u00f8ver.<\/p>\n<p class=\"_paragraph_o9xde_4 _paragraph_xtcu6_10 layout-component text-serif-m layout-normal text-serif-m layout-padded\">Dette kommer frem i forel\u00f8pige anbefalinger fra <a href=\"https:\/\/www.regjeringen.no\/no\/aktuelt\/her-er-regjeringens-utvalg-om-kunstig-intelligens-i-hoyere-utdanning\/id3093095\/id3093095\/id3093095\/\" class=\"_link_o9xde_39\" rel=\"nofollow noopener\" target=\"_blank\">Malthe-S\u00f8renssen-utvalget<\/a>, som skal analysere hvordan kunstig intelligens p\u00e5virker h\u00f8yere utdanning, skriver regjeringen i en <a href=\"https:\/\/www.regjeringen.no\/no\/aktuelt\/utval-frarar-bruk-av-heimeeksamen\/id3143064\/\" class=\"_link_o9xde_39\" rel=\"nofollow noopener\" target=\"_blank\">pressemelding<\/a>.<\/p>\n<p class=\"_paragraph_o9xde_4 _paragraph_xtcu6_10 layout-component text-serif-m layout-normal text-serif-m layout-padded\">Utvalget sier at eksamen uten tilsyn b\u00f8r f\u00f8lges opp med en kontrollert eksamensdel, som muntlig utsp\u00f8rring.<\/p>\n<p class=\"_paragraph_o9xde_4 _paragraph_xtcu6_10 layout-component text-serif-m layout-normal text-serif-m layout-padded\">\u2013 De generative KI-verkt\u00f8yene har snudd opp ned p\u00e5 hvordan det er \u00e5 drive h\u00f8yere utdanning, b\u00e5de for oss ansatte og for studentene, sier utvalgsleder Anders Malthe-S\u00f8renssen.<\/p>\n<p class=\"_paragraph_o9xde_4 _paragraph_xtcu6_10 layout-component text-serif-m layout-normal text-serif-m layout-padded\">Utvalget frar\u00e5der ogs\u00e5 institusjonene \u00e5 bruke KI-deteksjonsverkt\u00f8y for \u00e5 identifisere fusk. De sier verkt\u00f8yene er lite p\u00e5litelige og vanskelige \u00e5 etterpr\u00f8ve.<\/p>\n<p class=\"_paragraph_o9xde_4 _paragraph_xtcu6_10 layout-component text-serif-m layout-normal text-serif-m layout-padded\">Forsknings- og h\u00f8yere utdanningsminister Sigrun Aasland (Ap) viser til at den teknologiske utviklingen g\u00e5r raskt, og at det derfor har v\u00e6rt viktig \u00e5 f\u00e5 disse anbefalingene p\u00e5 plass n\u00e5. <\/p>\n<p class=\"_paragraph_o9xde_4 _paragraph_xtcu6_10 layout-component text-serif-m layout-normal text-serif-m layout-padded\">Hun sier at de r\u00e5dene vil v\u00e6re sentrale i det videre arbeidet med kunstig intelligens i h\u00f8yere utdanning.<\/p>\n<p class=\"_paragraph_o9xde_4 _paragraph_xtcu6_10 layout-component text-serif-m layout-normal text-serif-m layout-padded\">\u2013 Jeg forventer at universiteter og h\u00f8yskoler n\u00e5 vurderer bruken av slike verkt\u00f8y, i lys av den klare anbefalingen fra utvalget, sier Aasland.<\/p>\n<p class=\"_paragraph_o9xde_4 _paragraph_xtcu6_10 layout-component text-serif-m layout-normal text-serif-m layout-padded\">Utvalget skal levere sin endelige rapport h\u00f8sten 2026.<\/p>\n<p>    <img decoding=\"async\" alt=\"Tips oss illustrasjon\" src=\"https:\/\/www.europesays.com\/no\/wp-content\/uploads\/2025\/10\/pssst-small.webp.webp\"\/>    <\/p>\n<p class=\"title-serif-s\">Har du tips?<\/p>\n<p class=\"text-sans-m\">Send oss informasjon, bilder eller video.<\/p>\n<p>  <a href=\"https:\/\/www.vg.no\/tips-oss\" rel=\"nofollow noopener\" target=\"_blank\"> Tips oss <\/a>      <\/p>\n","protected":false},"excerpt":{"rendered":"Studenter b\u00f8r f\u00e5 flere kontrollerte eksamensformer i stedenfor. Forsknings- og h\u00f8yere utdanningsminister Sigrun Aasland (Ap) sier hun forventer&hellip;\n","protected":false},"author":2,"featured_media":114392,"comment_status":"","ping_status":"","sticky":false,"template":"","format":"standard","meta":{"footnotes":""},"categories":[5],"tags":[31,20,21,24,25,15,19,22,23,17,18,13,30,28,29,14,16,26,27],"class_list":{"0":"post-114391","1":"post","2":"type-post","3":"status-publish","4":"format-standard","5":"has-post-thumbnail","7":"category-overskrifter","8":"tag-breaking","9":"tag-breaking-news","10":"tag-breakingnews","11":"tag-featured-news","12":"tag-featurednews","13":"tag-headlines","14":"tag-hovedoppslag","15":"tag-latest-news","16":"tag-latestnews","17":"tag-main-news","18":"tag-mainnews","19":"tag-news","20":"tag-no","21":"tag-norge","22":"tag-norway","23":"tag-nyheter","24":"tag-overskrifter","25":"tag-top-stories","26":"tag-topstories"},"share_on_mastodon":{"url":"https:\/\/pubeurope.com\/@no\/115728136527117935","error":""},"_links":{"self":[{"href":"https:\/\/www.europesays.com\/no\/wp-json\/wp\/v2\/posts\/114391","targetHints":{"allow":["GET"]}}],"collection":[{"href":"https:\/\/www.europesays.com\/no\/wp-json\/wp\/v2\/posts"}],"about":[{"href":"https:\/\/www.europesays.com\/no\/wp-json\/wp\/v2\/types\/post"}],"author":[{"embeddable":true,"href":"https:\/\/www.europesays.com\/no\/wp-json\/wp\/v2\/users\/2"}],"replies":[{"embeddable":true,"href":"https:\/\/www.europesays.com\/no\/wp-json\/wp\/v2\/comments?post=114391"}],"version-history":[{"count":0,"href":"https:\/\/www.europesays.com\/no\/wp-json\/wp\/v2\/posts\/114391\/revisions"}],"wp:featuredmedia":[{"embeddable":true,"href":"https:\/\/www.europesays.com\/no\/wp-json\/wp\/v2\/media\/114392"}],"wp:attachment":[{"href":"https:\/\/www.europesays.com\/no\/wp-json\/wp\/v2\/media?parent=114391"}],"wp:term":[{"taxonomy":"category","embeddable":true,"href":"https:\/\/www.europesays.com\/no\/wp-json\/wp\/v2\/categories?post=114391"},{"taxonomy":"post_tag","embeddable":true,"href":"https:\/\/www.europesays.com\/no\/wp-json\/wp\/v2\/tags?post=114391"}],"curies":[{"name":"wp","href":"https:\/\/api.w.org\/{rel}","templated":true}]}}