{"id":114395,"date":"2025-12-16T07:51:24","date_gmt":"2025-12-16T07:51:24","guid":{"rendered":"https:\/\/www.europesays.com\/no\/114395\/"},"modified":"2025-12-16T07:51:24","modified_gmt":"2025-12-16T07:51:24","slug":"lokal-politikk-naeringsliv-skal-jobbe-for-a-utvinne-atomkraft-i-ostfold-vi-kan-ikke-bare-drive-med-festtaler","status":"publish","type":"post","link":"https:\/\/www.europesays.com\/no\/114395\/","title":{"rendered":"Lokal politikk, N\u00e6ringsliv | Skal jobbe for \u00e5 utvinne atomkraft i \u00d8stfold: \u2013 Vi kan ikke bare drive med festtaler"},"content":{"rendered":"\n<p>Energidebatten har g\u00e5tt \u2013 og g\u00e5r fremdeles enkelte steder \u2013 hardt for seg i flere \u00d8stfold-kommuner de siste par \u00e5rene.<\/p>\n<p>S\u00e6rlig er det initiativene om vindkraft som har f\u00e5tt lokalbefolkningen til \u00e5 reise bust. Men ogs\u00e5 planer om solkraft, <a href=\"https:\/\/www.sa.no\/nytt-solkraftverk-i-skjeberg-naturmangfoldet-ble-vurdert-etter-at-skogen-var-flathugget\/s\/5-46-1867450\" rel=\"Follow nofollow noopener\" target=\"_blank\">som det enorme Wold solkraftverk i Skjeberg<\/a>, er omstridte.<\/p>\n<p>Flere av initiativene er avbl\u00e5st av lokalpolitikerne. I Sarpsfossen er det utbyggeren selv, Hafslund Kraft AS, som <a href=\"https:\/\/www.sa.no\/hafslund-dropper-nytt-kraftverk-i-fossen\/s\/5-46-1913442\" rel=\"Follow nofollow noopener\" target=\"_blank\">har trukket i n\u00f8dbremsen<\/a>, slik at det ikke blir bygget nytt nord for dagens Sarp kraftverk.<\/p>\n<p>            Dette er kjernekraft<\/p>\n<ul>\n<li>Kjernekraft omtales ogs\u00e5 som atomkraft. Kjerneenergi er energi som frigj\u00f8res ved omdanning av atomkjerner. I et kjernekraftverk utnyttes den frigjorte energien til \u00e5 lage damp, som kj\u00f8res gjennom en dampturbin og produserer str\u00f8m.<\/li>\n<li>\n<p>I tillegg til str\u00f8mproduksjonen, blir det store mengder overskuddsvarme fra prosessen. Denne kan eksempelvis utnyttes til fjernvarme eller i industrien. Kjernekraft er ikke en fornybar energikilde, men den regnes som gr\u00f8nn ettersom den ikke medf\u00f8rer klimagassutslipp.<\/p>\n<\/li>\n<li>I Norge i dag diskuteres f\u00f8rst og fremst s\u00e5kalte SMR-reaktorer, en forkortelse for sm\u00e5 modul\u00e6re reaktorer, som har en umoden teknologi og forel\u00f8pig ikke er satt i kommersiell drift.<\/li>\n<li>Fire slike SMR-reaktorer kan \u00e5rlig produsere 10.000 GWh med str\u00f8m. Til sammenligning har kommunene Sarpsborg, Fredrikstad, Halden, Hvaler og Aremark et samlet forbruk p\u00e5 7.100 GWh i dag, og produserer 1.900 GWh i \u00e5ret.<\/li>\n<li>Den h\u00f8ye produksjonen kombinert med at kraftverkene er lite arealkrevende, gj\u00f8r l\u00f8sningen til en sv\u00e6rt effektiv energikilde.<\/li>\n<li>Den store utfordringen er knyttet til behandling av avfallet etter utvinningen, som er radioaktivt og krever sikker lagring i opptil hundre tusen \u00e5r.<\/li>\n<\/ul>\n<p><b>Kilde: <\/b><a href=\"https:\/\/klimaostfold.no\/wp-content\/uploads\/2025\/03\/Rapport-Energiutredning-Sondre-Ostfold.pdf\" target=\"_self\" rel=\"Follow nofollow noopener\">Energiutredningen for S\u00f8ndre \u00d8stfold IPR<\/a> og <a href=\"https:\/\/naturvernforbundet.no\/energi\/atomkraft\/\" target=\"_self\" rel=\"Follow nofollow noopener\">Naturvernforbundet<\/a>.<\/p>\n<p>Samtidig er det en kjensgjerning at industrien i \u00d8stfold trenger mer elektrisk kraft for \u00e5 komme i m\u00e5l med sine utslippsreduksjoner, og med det opprettholde konkurransekraften.<\/p>\n<p>Behovet blir enda st\u00f8rre dersom det skal bygges datasenter i fylket. Det er det planer om b\u00e5de i V\u00e5ler og i Sarpsborg.<\/p>\n<p>\u2013 \u00d8stfold skriker etter b\u00e5de mer kraft og mer overf\u00f8ringskapasitet p\u00e5 nettet. Dette er ogs\u00e5 noe vi har jobbet mye med i partiet, sier Frp sin gruppeleder i fylkestinget, Niklas Memic-Eriksen, til Sarpsborg Arbeiderblad.<\/p>\n<p>Sjelden seier<\/p>\n<p>Derfor fremmet Frp forrige uke et forslag i fylkestinget om at fylkeskommunen skal v\u00e6re positiv til etableringen av kjernekraft i \u00d8stfold, og ogs\u00e5 en aktiv p\u00e5driver overfor nasjonale myndigheter for \u00e5 f\u00e5 opp tempoet i etablering av slik kraftproduksjon i Norge.<\/p>\n<p>Det er ikke hver dag, knapt nok hvert \u00e5r, at Fremskrittspartiet f\u00e5r viljen sin i fylkestinget.<\/p>\n<p>  <a href=\"https:\/\/www.sa.no\/5-46-1748890\" class=\"related-teaser has-image default-story-teaser article--c-eRUmMG article--c-eRUmMG-jKCPdD-design-default\" rel=\"nofollow noopener\" target=\"_blank\"><\/p>\n<p>    <img decoding=\"async\" loading=\"lazy\"  src=\"https:\/\/www.europesays.com\/no\/wp-content\/uploads\/2025\/12\/TAN_7076.CR3\" alt=\"\" class=\"brick-c-cFOWSL\" style=\"\"\/><\/p>\n<p>\n            Les ogs\u00e5<\/p>\n<p>              Partiet som forsvant ut i kulden\n        <\/p>\n<p>  <\/a><\/p>\n<p>I budsjettdebatten i fylkestinget i forrige uke oppn\u00e5dde imidlertid Memic-Eriksen flertall for forslaget om kjernekraft.<\/p>\n<p>Det skjedde ved hjelp av stemmene til H\u00f8yre, INP, Venstre, Pensjonistpartiet, KrF og Arnstein Koch-Engebretsen, som er uavhengig representant.<\/p>\n<p>Dermed m\u00e5 styringspartiene i fylkestinget, ledet av fylkesordf\u00f8rer Sindre Martinsen-Evje (Ap), jobbe for gjennomf\u00f8ringen av et forslag  er mot.<\/p>\n<blockquote class=\"brick-c-kLSvcb theme-white\">\n<p class=\"blockquote-text\">Vi m\u00e5 vise politisk vilje, ikke bare drive med festtaler<\/p>\n<p>        Niklas Memic-Eriksen, gruppeleder for Frp i fylkestinget\n      <\/p><\/blockquote>\n<p>\u2013 Heldigvis sa fylkestinget ja til en prinsipiell avklaring om kjernekraft. Det er f\u00f8rste skritt i prosessen, og potensielt veldig viktig. Vi m\u00e5 vise politisk vilje, ikke bare drive med festtaler, sier Memic-Eriksen.<\/p>\n<p>Han forventer n\u00e5 framdrift i saken.<\/p>\n<p>\u2013 Det vil v\u00e6re naturlig at vi f\u00e5r saken til en egen behandling i fylkestinget der vi ser hvilke muligheter vi har, med en tidslinje, mener Frps gruppeleder.<\/p>\n<p>Han mener ogs\u00e5 saken b\u00f8r l\u00f8ftes inn i \u00d8stfoldr\u00e5det, der fylkeskommunen, \u00d8stfoldbenken p\u00e5 Stortinget og ordf\u00f8rerne i \u00d8stfold-kommunene samles tverrpolitisk for \u00e5 diskutere fylkets utfordringer.<\/p>\n<p>Langsiktig l\u00f8sning<\/p>\n<p>If\u00f8lge <a href=\"https:\/\/klimaostfold.no\/wp-content\/uploads\/2025\/03\/Rapport-Energiutredning-Sondre-Ostfold.pdf\" rel=\"Follow nofollow noopener\" target=\"_blank\">energiutredningen for S\u00f8ndre \u00d8stfold<\/a>, som ble lagt fram for et dr\u00f8yt \u00e5r siden, er det ikke sannsynlig at kjernekraft er en del av den norske energimiksen f\u00f8r i 2040.<\/p>\n<p>Rapporten viser til Institutt for energiteknikk (IFE) i Halden, som mener det mest sannsynlige er et sted mellom 2040 og 2050.<\/p>\n<p>Memic-Eriksen mener det skal v\u00e6re mulig \u00e5 f\u00e5 realisert raskere.<\/p>\n<p>\u2013 Motstanderne v\u00e5re i denne saken henviser til ekspertuttalelser som jeg mener legger de mest konservative anslagene til grunn. Det er andre eksperter som mener det kan ta betydelig kortere tid, men igjen \u2013 det krever politisk vilje, mener Frp-eren.<\/p>\n<ul>\n<li><b>I forrige uke ble det kjent at Sarpsborg er en av kommunene som vurderes for lagring av atomavfall:<\/b><\/li>\n<\/ul>\n<p>  <a href=\"https:\/\/www.sa.no\/5-46-1928844\" class=\"related-teaser has-image default-story-teaser article--c-eRUmMG article--c-eRUmMG-jKCPdD-design-default\" rel=\"nofollow noopener\" target=\"_blank\"><\/p>\n<p>    <img decoding=\"async\" loading=\"lazy\"  src=\"https:\/\/www.europesays.com\/no\/wp-content\/uploads\/2025\/12\/5_46_1031050+Atomreaktor.jpg\" alt=\"\" class=\"brick-c-cFOWSL\" style=\"\"\/><\/p>\n<p>\n            Les ogs\u00e5<\/p>\n<p>              Sarpsborg mest egnet &#8211; kan f\u00e5 atomavfall\n        <\/p>\n<p>  <\/a><\/p>\n<p>Han mener \u00d8stfold, og spesielt Halden, er et naturlig sted \u00e5 legge produksjon av kjernekraft.<\/p>\n<p>Han viser til fagmilj\u00f8et rundt IFE, og at befolkningen gjennom mange \u00e5r har v\u00e6rt vant til \u00e5 leve med en atomreaktor i umiddelbar n\u00e6rhet.<\/p>\n<p>Flere milj\u00f8organisasjoner er imidlertid skeptisk til atomkraft, blant dem Naturvernforbundet, som viser til at avfallet etter kraftutvinningen m\u00e5 lagres trygt i opptil hundre tusen \u00e5r.<\/p>\n<p>\u2013 Har de negative sidene ved kjernekraft v\u00e6rt tilstrekkelig diskutert f\u00f8r dere har fattet dette vedtaket?<\/p>\n<p>\u2013 Avfallsproblematikken er en sentral del av debatten og m\u00e5 tas p\u00e5 alvor. S\u00e5 er det s\u00e5nn at det er atomkraftverk rundt om i verden, ogs\u00e5 i vestlige land, der dette l\u00f8ses p\u00e5 forsvarlige og trygge m\u00e5ter, sier Memic-Eriksen.<\/p>\n<p>\u2013 Og s\u00e5 er jo ikke teknologiutviklingen begrenset til smarttelefoner og nettbrett. Jeg er trygg p\u00e5 at fagmilj\u00f8et vi har her i \u00d8stfold skal kunne l\u00f8se det p\u00e5 en god m\u00e5te, legger han til.<\/p>\n<p>  <a href=\"https:\/\/www.sa.no\/5-46-1754553\" class=\"related-teaser has-image default-story-teaser article--c-eRUmMG article--c-eRUmMG-jKCPdD-design-default\" rel=\"nofollow noopener\" target=\"_blank\"><\/p>\n<p>    <img decoding=\"async\" loading=\"lazy\"  src=\"https:\/\/www.europesays.com\/no\/wp-content\/uploads\/2025\/12\/87819b82-e08b-4baf-aab5-3940276939f5.bin\" alt=\"\" class=\"brick-c-cFOWSL\" style=\"\"\/><\/p>\n<p>\n            Les ogs\u00e5<\/p>\n<p>              Stiller seg bak h\u00f8yere klimam\u00e5l \u2013 mener det kan bli dyrere \u00e5 vente med kutt\n        <\/p>\n<p>  <\/a><\/p>\n<p>  <a href=\"https:\/\/www.sa.no\/5-46-1913442\" class=\"related-teaser has-image default-story-teaser article--c-eRUmMG article--c-eRUmMG-jKCPdD-design-default\" rel=\"nofollow noopener\" target=\"_blank\"><\/p>\n<p>    <img decoding=\"async\" loading=\"lazy\"  src=\"https:\/\/www.europesays.com\/no\/wp-content\/uploads\/2025\/12\/5_46_1266111+tn_kraftverk+006.jpg\" alt=\"\" class=\"brick-c-cFOWSL\" style=\"\"\/><\/p>\n<p>\n            Les ogs\u00e5<\/p>\n<p>              Hafslund dropper nytt kraftverk i fossen\n        <\/p>\n<p>  <\/a><\/p>\n<p>  <a href=\"https:\/\/www.sa.no\/5-46-1918360\" class=\"related-teaser has-image default-story-teaser article--c-eRUmMG article--c-eRUmMG-jKCPdD-design-default\" rel=\"nofollow noopener\" target=\"_blank\"><\/p>\n<p>    <img decoding=\"async\" loading=\"lazy\"  src=\"https:\/\/www.europesays.com\/no\/wp-content\/uploads\/2025\/12\/tn_vindkraft-003.jpg\" alt=\"\" class=\"brick-c-cFOWSL\" style=\"\"\/><\/p>\n<p>\n            Les ogs\u00e5<\/p>\n<p>              Nei til vindkraft utl\u00f8ste applaus og jubel\n        <\/p>\n<p>  <\/a><\/p>\n<p>  <a href=\"https:\/\/www.sa.no\/5-46-1907963\" class=\"related-teaser has-image default-story-teaser article--c-eRUmMG article--c-eRUmMG-jKCPdD-design-default\" rel=\"nofollow noopener\" target=\"_blank\"><\/p>\n<p>    <img decoding=\"async\" loading=\"lazy\"  src=\"https:\/\/www.europesays.com\/no\/wp-content\/uploads\/2025\/12\/IMG_2593.JPG\" alt=\"\" class=\"brick-c-cFOWSL\" style=\"\"\/><\/p>\n<p>\n            Les ogs\u00e5<\/p>\n<p>              Vindkraft-sjef ble tatt p\u00e5 senga av Arbeiderpartiets nei: \u2013 Vedtaket er fattet p\u00e5 sviktende grunnlag\n        <\/p>\n<p>  <\/a><\/p>\n<p>  <a href=\"https:\/\/www.sa.no\/5-46-1874911\" class=\"related-teaser has-image default-story-teaser article--c-eRUmMG article--c-eRUmMG-jKCPdD-design-default\" rel=\"nofollow noopener\" target=\"_blank\"><\/p>\n<p>    <img decoding=\"async\" loading=\"lazy\"  src=\"https:\/\/www.europesays.com\/no\/wp-content\/uploads\/2025\/12\/IMG_7183.jpg\" alt=\"\" class=\"brick-c-cFOWSL\" style=\"\"\/><\/p>\n<p>\n            Les ogs\u00e5<\/p>\n<p>              Tar kampen mot solenergi i Skjeberg: \u2013 Feil vei \u00e5 g\u00e5\n        <\/p>\n<p>  <\/a><\/p>\n<p>  <a href=\"https:\/\/www.sa.no\/5-46-1871640\" class=\"related-teaser has-image default-story-teaser article--c-eRUmMG article--c-eRUmMG-jKCPdD-design-default\" rel=\"nofollow noopener\" target=\"_blank\"><\/p>\n<p>    <img decoding=\"async\" loading=\"lazy\"  src=\"https:\/\/www.europesays.com\/no\/wp-content\/uploads\/2025\/08\/IMG_7145.jpg\" alt=\"\" class=\"brick-c-cFOWSL\" style=\"\"\/><\/p>\n<p>\n            Les ogs\u00e5<\/p>\n<p>              Bekymret for naturpresset: \u2013 Hvor mye man skal klemme inn i samme omr\u00e5de?\n        <\/p>\n<p>  <\/a><\/p>\n<p>  <a href=\"https:\/\/www.sa.no\/5-46-1867450\" class=\"related-teaser has-image default-story-teaser article--c-eRUmMG article--c-eRUmMG-jKCPdD-design-default\" rel=\"nofollow noopener\" target=\"_blank\"><\/p>\n<p>    <img decoding=\"async\" loading=\"lazy\"  src=\"https:\/\/www.europesays.com\/no\/wp-content\/uploads\/2025\/12\/NTB_eeDu_w3jFZo.jpg\" alt=\"\" class=\"brick-c-cFOWSL\" style=\"\"\/><\/p>\n<p>\n            Les ogs\u00e5<\/p>\n<p>              Nytt solkraftverk i Skjeberg: Naturmangfoldet ble vurdert etter at skogen var flathugget\n        <\/p>\n<p>  <\/a><\/p>\n","protected":false},"excerpt":{"rendered":"Energidebatten har g\u00e5tt \u2013 og g\u00e5r fremdeles enkelte steder \u2013 hardt for seg i flere \u00d8stfold-kommuner de siste&hellip;\n","protected":false},"author":2,"featured_media":114396,"comment_status":"","ping_status":"","sticky":false,"template":"","format":"standard","meta":{"footnotes":""},"categories":[10],"tags":[36,13910,381,20,21,1818,382,13909,24,25,15,409,22,23,3237,62,13,30,28,29,447,14,16,1510,26,27],"class_list":{"0":"post-114395","1":"post","2":"type-post","3":"status-publish","4":"format-standard","5":"has-post-thumbnail","7":"category-norge","8":"tag-art","9":"tag-atomavfall","10":"tag-atomkraft","11":"tag-breaking-news","12":"tag-breakingnews","13":"tag-elektrifisering","14":"tag-energi","15":"tag-energiproduksjon","16":"tag-featured-news","17":"tag-featurednews","18":"tag-headlines","19":"tag-kjernekraft","20":"tag-latest-news","21":"tag-latestnews","22":"tag-lokal-politikk","23":"tag-naeringsliv","24":"tag-news","25":"tag-no","26":"tag-norge","27":"tag-norway","28":"tag-nyhet","29":"tag-nyheter","30":"tag-overskrifter","31":"tag-story","32":"tag-top-stories","33":"tag-topstories"},"share_on_mastodon":{"url":"https:\/\/pubeurope.com\/@no\/115728160360331825","error":""},"_links":{"self":[{"href":"https:\/\/www.europesays.com\/no\/wp-json\/wp\/v2\/posts\/114395","targetHints":{"allow":["GET"]}}],"collection":[{"href":"https:\/\/www.europesays.com\/no\/wp-json\/wp\/v2\/posts"}],"about":[{"href":"https:\/\/www.europesays.com\/no\/wp-json\/wp\/v2\/types\/post"}],"author":[{"embeddable":true,"href":"https:\/\/www.europesays.com\/no\/wp-json\/wp\/v2\/users\/2"}],"replies":[{"embeddable":true,"href":"https:\/\/www.europesays.com\/no\/wp-json\/wp\/v2\/comments?post=114395"}],"version-history":[{"count":0,"href":"https:\/\/www.europesays.com\/no\/wp-json\/wp\/v2\/posts\/114395\/revisions"}],"wp:featuredmedia":[{"embeddable":true,"href":"https:\/\/www.europesays.com\/no\/wp-json\/wp\/v2\/media\/114396"}],"wp:attachment":[{"href":"https:\/\/www.europesays.com\/no\/wp-json\/wp\/v2\/media?parent=114395"}],"wp:term":[{"taxonomy":"category","embeddable":true,"href":"https:\/\/www.europesays.com\/no\/wp-json\/wp\/v2\/categories?post=114395"},{"taxonomy":"post_tag","embeddable":true,"href":"https:\/\/www.europesays.com\/no\/wp-json\/wp\/v2\/tags?post=114395"}],"curies":[{"name":"wp","href":"https:\/\/api.w.org\/{rel}","templated":true}]}}