{"id":114403,"date":"2025-12-16T07:59:27","date_gmt":"2025-12-16T07:59:27","guid":{"rendered":"https:\/\/www.europesays.com\/no\/114403\/"},"modified":"2025-12-16T07:59:27","modified_gmt":"2025-12-16T07:59:27","slug":"plan-for-norge-store-regjeringen-store-lanserer-plan-for-norge","status":"publish","type":"post","link":"https:\/\/www.europesays.com\/no\/114403\/","title":{"rendered":"Plan for Norge, St\u00f8re-regjeringen | St\u00f8re lanserer Plan for Norge"},"content":{"rendered":"\n<p>MARMORHALLEN (Nationen): Jonas Gahr St\u00f8re (Ap) erkjente p\u00e5 pressekonferansen for regjeringens nye Plan for Norge at de n\u00e5 lanserer et langt kortere styringsdokument for en regjering enn vanlig. Statsministeren anslo fra talerstolen at Norges-planen inneholder 10 prosent av en tradisjonell regjeringsplattform.<\/p>\n<p>Siden Senterpartiet foretok exit fra regjering, styrte St\u00f8re-regjeringen p\u00e5 Hurdalsplattformen fram til valget i h\u00f8st.<\/p>\n<p>I stedet for en plattform vil regjeringen n\u00e5 legge fram en \u00e5rlig plan med m\u00e5l for det neste \u00e5ret. M\u00e5lene skal gjelde for ett \u00e5r om gangen.<\/p>\n<p>St\u00f8re varslet ogs\u00e5 at kommune\u00f8konomien vil bli en avgj\u00f8rende prioritering for regjeringen i 2026. Statsministeren uttalte at det i realiteten er to politiske felt der regjeringen har prioritert fornyelse: Ap vil fornye n\u00e6ringspolitikken og offentlig sektor.<\/p>\n<p>  <a href=\"https:\/\/www.nationen.no\/5-148-836313\" class=\"related-teaser has-image default-story-teaser article--c-eRUmMG article--c-eRUmMG-jKCPdD-design-default\" rel=\"nofollow noopener\" target=\"_blank\"><\/p>\n<p>    <img decoding=\"async\" loading=\"lazy\"  src=\"https:\/\/www.europesays.com\/no\/wp-content\/uploads\/2025\/12\/NTB_TvDQLTMMsDg_2.jpg\" alt=\"\" class=\"brick-c-cFOWSL\" style=\"\"\/><\/p>\n<p>\n            Les ogs\u00e5<\/p>\n<p>              Kaller regjeringens Plan for Norge for PR-plan\n        <\/p>\n<p>  <\/a><br \/>\n  Skal bosette flere i Nord-Norge<\/p>\n<p>Ordet distrikt er ikke nevnt direkte i det kortfattede styringsdokumentet, men regjeringen trekker fram distriktspolitikkens betydning for nasjonal beredskap: &laquo;livskraftige lokalsamfunn med aktivitet og bosetting i hele landet er avgj\u00f8rende for beredskapen&raquo;.<\/p>\n<p>Ap-regjeringen fastsl\u00e5r at det skal v\u00e6re et politisk m\u00e5l \u00e5 bosette flere i Nord-Norge: &laquo;Nordomr\u00e5dene er Norges viktigste strategiske satsingsomr\u00e5de, og vi skal bidra til \u00f8kt bosetting i nord og v\u00e6re en ledende og ansvarlig polarnasjon&raquo;.<\/p>\n<p>P\u00e5 sp\u00f8rsm\u00e5l fra pressen om at det st\u00e5r lite om sosial og geografisk ulikhet i Ap-planen og at den politikken er viktig for regjeringens fire budsjettpartnere, svarte St\u00f8re at det som presenteres er gjenkjennelig Ap-politikk.<\/p>\n<p>  <a href=\"https:\/\/www.nationen.no\/5-148-834945\" class=\"related-teaser has-image default-opinion-teaser article--c-eRUmMG article--c-eRUmMG-jKCPdD-design-default\" rel=\"nofollow noopener\" target=\"_blank\"><\/p>\n<p>    <img decoding=\"async\" loading=\"lazy\"  src=\"https:\/\/www.europesays.com\/no\/wp-content\/uploads\/2025\/12\/NTB_HVQ7qhegCVI.jpg\" alt=\"\" class=\"brick-c-cFOWSL\" style=\"\"\/><\/p>\n<p>\n            Les ogs\u00e5<\/p>\n<p>              Ap har 26 prosjekter om trygghet\n        <\/p>\n<p>  <\/a><\/p>\n<p><b>\u2013 Vi har et flertall som har pekt p\u00e5 Ap. Vi har et opposisjonsparti, som inng\u00e5r budsjett med oss. Dette er ikke et koalisjonsprosjekt, understreket han. <\/b><\/p>\n<p>P\u00e5 sp\u00f8rsm\u00e5l om hvorfor det st\u00e5r s\u00e5 lite om distriktspolitikk direkte i styringsdokumentet, svarte statsministeren slik:<\/p>\n<p>\u2013 Dette er en plan for hele landet. Mulighetene for folk i Norge ligger i hele landet, naturressursene ligger i distriktene.<\/p>\n<p>  <a href=\"https:\/\/www.nationen.no\/5-148-835524\" class=\"related-teaser has-image default-story-teaser article--c-eRUmMG article--c-eRUmMG-jKCPdD-design-default\" rel=\"nofollow noopener\" target=\"_blank\"><\/p>\n<p>    <img decoding=\"async\" loading=\"lazy\"  src=\"https:\/\/www.europesays.com\/no\/wp-content\/uploads\/2025\/12\/NTB_Y1WX4kEDFMU.jpg\" alt=\"\" class=\"brick-c-cFOWSL\" style=\"\"\/><\/p>\n<p>\n            Les ogs\u00e5<\/p>\n<p>              Slukker St\u00f8res Robek-h\u00e5p: Avviser f\u00e6rre kommuner p\u00e5 svarteliste\n        <\/p>\n<p>  <\/a><br \/>\n  Dette sier Ap om b\u00f8ndene<\/p>\n<p>Jordbruk nevnes \u00e9n gang i Norges-planen.<\/p>\n<p>Der fastsl\u00e5r regjeringen at m\u00e5let for 2026 er at de: &laquo;Videref\u00f8rer innsatsen for \u00e5 styrke selvforsyningen av mat, og vil fortsatt gi forutsigbarhet for inntektsmuligheter i jordbruket&raquo;.<\/p>\n<p>  <a href=\"https:\/\/www.nationen.no\/5-148-835107\" class=\"related-teaser has-image default-opinion-teaser article--c-eRUmMG article--c-eRUmMG-jKCPdD-design-default\" rel=\"nofollow noopener\" target=\"_blank\"><\/p>\n<p>    <img decoding=\"async\" loading=\"lazy\"  src=\"https:\/\/www.europesays.com\/no\/wp-content\/uploads\/2025\/12\/klip.videomakeriet.nicholaslund.trondheim-6.jpg\" alt=\"\" class=\"brick-c-cFOWSL\" style=\"\"\/><\/p>\n<p>\n            Les ogs\u00e5<\/p>\n<p>              Kommunene trenger handlingsrom\n        <\/p>\n<p>  <\/a><br \/>\n  Vil endre kommunenes hverdag<\/p>\n<p>St\u00f8re varslet ogs\u00e5 at kommune\u00f8konomien kommer til \u00e5 bli en av de viktigste sakene for regjeringen framover.<\/p>\n<p>Men balansegangen mellom frie midler og \u00f8remerkede tilskudd vil v\u00e6re krevende, erkjente statsministeren.<\/p>\n<p>St\u00f8re viste ogs\u00e5 til regjeringens kommunekommisjon, som kommer i januar. En av regjeringens prioriteringer, er \u00e5 gi mer handlefrihet for kommunene, og en annen arbeidsfordeling mellom stat og kommune.<\/p>\n<p>&laquo;Regjeringen vil styrke den tillitsbaserte styringen og ledelsen med f\u00e6rre og tydeligere m\u00e5l, mindre statlig detaljstyring og \u00f8kt lokalt handlingsrom, b\u00e5de for kommuner og ansatte. I 2026 skal regjeringen sette i gang forenklinger og f\u00f8lge opp kommunekommisjonen og fellesskoleutvalget, som begge skal komme med forslag til bedre styring og ressursbruk i offentlig sektor&raquo;, st\u00e5r det i Norgesplanen.<\/p>\n<p>Byrden av regelverk for n\u00e6ringslivet skal ogs\u00e5 lettes p\u00e5.<\/p>\n<p>I kraftpolitikken varsler regjeringen at &laquo;Norge skal v\u00e6re en stabil og langsiktig leverand\u00f8r av energi til Europa, og aktiviteten p\u00e5 norsk sokkel skal utvikles&raquo;.<\/p>\n","protected":false},"excerpt":{"rendered":"MARMORHALLEN (Nationen): Jonas Gahr St\u00f8re (Ap) erkjente p\u00e5 pressekonferansen for regjeringens nye Plan for Norge at de n\u00e5&hellip;\n","protected":false},"author":2,"featured_media":114404,"comment_status":"","ping_status":"","sticky":false,"template":"","format":"standard","meta":{"footnotes":""},"categories":[10],"tags":[36,20,21,24,25,15,22,23,13,30,28,29,14,16,13914,41,1510,568,26,27],"class_list":{"0":"post-114403","1":"post","2":"type-post","3":"status-publish","4":"format-standard","5":"has-post-thumbnail","7":"category-norge","8":"tag-art","9":"tag-breaking-news","10":"tag-breakingnews","11":"tag-featured-news","12":"tag-featurednews","13":"tag-headlines","14":"tag-latest-news","15":"tag-latestnews","16":"tag-news","17":"tag-no","18":"tag-norge","19":"tag-norway","20":"tag-nyheter","21":"tag-overskrifter","22":"tag-plan-for-norge","23":"tag-politikk","24":"tag-story","25":"tag-store-regjeringen","26":"tag-top-stories","27":"tag-topstories"},"share_on_mastodon":{"url":"https:\/\/pubeurope.com\/@no\/115728192059282919","error":""},"_links":{"self":[{"href":"https:\/\/www.europesays.com\/no\/wp-json\/wp\/v2\/posts\/114403","targetHints":{"allow":["GET"]}}],"collection":[{"href":"https:\/\/www.europesays.com\/no\/wp-json\/wp\/v2\/posts"}],"about":[{"href":"https:\/\/www.europesays.com\/no\/wp-json\/wp\/v2\/types\/post"}],"author":[{"embeddable":true,"href":"https:\/\/www.europesays.com\/no\/wp-json\/wp\/v2\/users\/2"}],"replies":[{"embeddable":true,"href":"https:\/\/www.europesays.com\/no\/wp-json\/wp\/v2\/comments?post=114403"}],"version-history":[{"count":0,"href":"https:\/\/www.europesays.com\/no\/wp-json\/wp\/v2\/posts\/114403\/revisions"}],"wp:featuredmedia":[{"embeddable":true,"href":"https:\/\/www.europesays.com\/no\/wp-json\/wp\/v2\/media\/114404"}],"wp:attachment":[{"href":"https:\/\/www.europesays.com\/no\/wp-json\/wp\/v2\/media?parent=114403"}],"wp:term":[{"taxonomy":"category","embeddable":true,"href":"https:\/\/www.europesays.com\/no\/wp-json\/wp\/v2\/categories?post=114403"},{"taxonomy":"post_tag","embeddable":true,"href":"https:\/\/www.europesays.com\/no\/wp-json\/wp\/v2\/tags?post=114403"}],"curies":[{"name":"wp","href":"https:\/\/api.w.org\/{rel}","templated":true}]}}