{"id":114430,"date":"2025-12-16T08:48:10","date_gmt":"2025-12-16T08:48:10","guid":{"rendered":"https:\/\/www.europesays.com\/no\/114430\/"},"modified":"2025-12-16T08:48:10","modified_gmt":"2025-12-16T08:48:10","slug":"ny-varmerekord-for-desembernatt-malt-i-oslo","status":"publish","type":"post","link":"https:\/\/www.europesays.com\/no\/114430\/","title":{"rendered":"Ny varmerekord for desembernatt m\u00e5lt i Oslo"},"content":{"rendered":"\n<p class=\"_lead_o9xde_2 _lead_xtcu6_50 layout-component text-serif-m layout-normal text-serif-l layout-component layout-wide layout-padded _wide_17hqh_1 layout-padded\">Varmen gir seg ikke i hovedstaden. Det har aldri v\u00e6rt s\u00e5 mildt om natten s\u00e5 langt ut i desember tidligere, if\u00f8lge Meteorologisk institutt sine m\u00e5linger.<\/p>\n<p><img alt=\"VARM DESEMBERNATT: Det er ikke vanlig julev\u00e6r i hovedstaden akkurat n\u00e5. Foto: Cornelius Poppe \/ NTB\" class=\"_image_qp4xg_65 layout-component layout-wide\" data-fullscreen- data-track-element-type=\"Article image fullscreen\" data-track-name=\"ImageFullscreen\" fetchpriority=\"high\" decoding=\"sync\" loading=\"eager\" height=\"5984\" itemprop=\"image\"  src=\"https:\/\/www.europesays.com\/no\/wp-content\/uploads\/2025\/12\/0e607829-7887-428d-9569-a95d62805c11\"  style=\"object-position:0% 0%\" width=\"7984\"\/>VARM DESEMBERNATT: Det er ikke vanlig julev\u00e6r i hovedstaden akkurat n\u00e5. Foto: Cornelius Poppe \/ NTB<\/p>\n<ul aria-hidden=\"true\" class=\"_images_ntbth_112\">\n<li><a class=\"_link_ntbth_117\" href=\"https:\/\/www.vg.no\/forfatter\/stella-bugge\" style=\"z-index:1\" title=\"Stella Bugge\" rel=\"nofollow noopener\" target=\"_blank\"><img alt=\"Bilde av Stella Bugge\" class=\"_image_ntbth_93\" fetchpriority=\"low\" loading=\"lazy\" decoding=\"async\" itemprop=\"image\"  src=\"https:\/\/www.europesays.com\/no\/wp-content\/uploads\/2025\/12\/1765874890_442_c673ac82-f3e7-47d3-aa1d-79bb6eca457a\"  width=\"480\"\/><\/a><\/li>\n<\/ul>\n<p> Oppdatert tirsdag 16. desember kl. 09:33     <\/p>\n<p class=\"_paragraph_o9xde_4 _paragraph_xtcu6_10 layout-component text-serif-m layout-normal text-serif-m layout-padded\">\u2013 Det har aldri tidligere v\u00e6rt s\u00e5 mildt s\u00e5 sent p\u00e5 \u00e5ret, sier klimaforsker Jostein Mamen til VG tirsdag morgen om nattens m\u00e5linger p\u00e5 Blindern.<\/p>\n<p class=\"_paragraph_o9xde_4 _paragraph_xtcu6_10 layout-component text-serif-m layout-normal text-serif-m layout-padded\">I natt falt temperaturen her aldri under 8,0 grader. Alts\u00e5 enda mildere enn natt til mandag som med sine 6,9 grader da var den varmeste natten m\u00e5lt i perioden 15\u201331 desember. Den gamle minimumsrekorden p\u00e5 6,7 grader i denne perioden ble satt den 20. desember 2015.<\/p>\n<p class=\"_paragraph_o9xde_4 _paragraph_xtcu6_10 layout-component text-serif-m layout-normal text-serif-m layout-padded\">Men det har v\u00e6rt varmt nattetid i desember tidligere. Den 3. desember i 1953 sank temperaturen aldri under 7,8 grader, men det var alts\u00e5 tidligere i julem\u00e5neden. Ogs\u00e5 i 2000 var det varmt i f\u00f8rste halvdel av m\u00e5neden, da klokket minimumstemperaturen p\u00e5 samme tall \u2013 7,8 grader \u2013 den 6.12. <\/p>\n<p class=\"_paragraph_o9xde_4 _paragraph_xtcu6_10 layout-component text-serif-m layout-normal text-serif-m layout-padded\"><a href=\"https:\/\/www.vg.no\/tag\/meteorologisk-institutt?utm_source=vg-article&amp;utm_medium=auto-tagger&amp;utm_campaign=BxJa7w\" class=\"_link_o9xde_39\" rel=\"nofollow noopener\" target=\"_blank\">Meteorologisk institutt<\/a> har m\u00e5lt temperatur p\u00e5 Blindern siden 1937.<\/p>\n<p class=\"_paragraph_o9xde_4 _paragraph_xtcu6_10 layout-component text-serif-m layout-normal text-serif-m layout-padded\">Men det er ikke f\u00f8nvind som har inntatt hovedstaden.<\/p>\n<p class=\"_paragraph_o9xde_4 _paragraph_xtcu6_10 layout-component text-serif-m layout-normal text-serif-m layout-padded\">\u2013 Det er s\u00f8rlig vindretning og det er luftmassen som er s\u00e5 varm, sier Mamen. <\/p>\n<p>N\u00e5-12<\/p>\n<p class=\"label-medium\">9\u00b0<\/p>\n<p><img decoding=\"async\" alt=\"skyet\" loading=\"lazy\" class=\"_weatherIcon_i2teb_37\" height=\"24\" src=\"https:\/\/www.vg.no\/vgc\/pent\/icons\/pent-icons-07-2023\/weather\/04.svg\" width=\"24\"\/>Laber bris fr\u00e5 s\u00f8r<\/p>\n<p class=\"_infoText_i2teb_59\">5.5 m\/s<\/p>\n<p class=\"label-medium\">8\u00b0<\/p>\n<p><img decoding=\"async\" alt=\"skyet\" loading=\"lazy\" class=\"_weatherIcon_i2teb_37\" height=\"24\" src=\"https:\/\/www.vg.no\/vgc\/pent\/icons\/pent-icons-07-2023\/weather\/04.svg\" width=\"24\"\/>Lett bris fr\u00e5 s\u00f8r<\/p>\n<p class=\"_infoText_i2teb_59\">4.9 m\/s<\/p>\n<p>12-18<\/p>\n<p class=\"label-medium\">8\u00b0<\/p>\n<p><img decoding=\"async\" alt=\"regn\" loading=\"lazy\" class=\"_weatherIcon_i2teb_37\" height=\"24\" src=\"https:\/\/www.vg.no\/vgc\/pent\/icons\/pent-icons-07-2023\/weather\/09.svg\" width=\"24\"\/>Lett bris fr\u00e5 s\u00f8r<\/p>\n<p class=\"_infoText_i2teb_59\">4.4 m\/s<\/p>\n<p class=\"label-medium\">8\u00b0<\/p>\n<p><img decoding=\"async\" alt=\"skyet\" loading=\"lazy\" class=\"_weatherIcon_i2teb_37\" height=\"24\" src=\"https:\/\/www.vg.no\/vgc\/pent\/icons\/pent-icons-07-2023\/weather\/04.svg\" width=\"24\"\/>Lett bris fr\u00e5 s\u00f8r<\/p>\n<p class=\"_infoText_i2teb_59\">3.7 m\/s<\/p>\n<p>18-00<\/p>\n<p class=\"label-medium\">8\u00b0<\/p>\n<p><img decoding=\"async\" alt=\"regn\" loading=\"lazy\" class=\"_weatherIcon_i2teb_37\" height=\"24\" src=\"https:\/\/www.vg.no\/vgc\/pent\/icons\/pent-icons-07-2023\/weather\/09.svg\" width=\"24\"\/>Lett bris fr\u00e5 s\u00f8r<\/p>\n<p class=\"_infoText_i2teb_59\">4.5 m\/s<\/p>\n<p class=\"label-medium\">8\u00b0<\/p>\n<p><img decoding=\"async\" alt=\"regn\" loading=\"lazy\" class=\"_weatherIcon_i2teb_37\" height=\"24\" src=\"https:\/\/www.vg.no\/vgc\/pent\/icons\/pent-icons-07-2023\/weather\/09.svg\" width=\"24\"\/>Svak vind fr\u00e5 s\u00f8r<\/p>\n<p class=\"_infoText_i2teb_59\">1.8 m\/s<\/p>\n","protected":false},"excerpt":{"rendered":"Varmen gir seg ikke i hovedstaden. Det har aldri v\u00e6rt s\u00e5 mildt om natten s\u00e5 langt ut i&hellip;\n","protected":false},"author":2,"featured_media":114431,"comment_status":"","ping_status":"","sticky":false,"template":"","format":"standard","meta":{"footnotes":""},"categories":[5],"tags":[13917,20,21,24,25,15,19,22,23,17,18,1202,13,30,28,29,14,16,385,26,27,553],"class_list":{"0":"post-114430","1":"post","2":"type-post","3":"status-publish","4":"format-standard","5":"has-post-thumbnail","7":"category-overskrifter","8":"tag-blindern","9":"tag-breaking-news","10":"tag-breakingnews","11":"tag-featured-news","12":"tag-featurednews","13":"tag-headlines","14":"tag-hovedoppslag","15":"tag-latest-news","16":"tag-latestnews","17":"tag-main-news","18":"tag-mainnews","19":"tag-meteorologisk-institutt","20":"tag-news","21":"tag-no","22":"tag-norge","23":"tag-norway","24":"tag-nyheter","25":"tag-overskrifter","26":"tag-temperatur","27":"tag-top-stories","28":"tag-topstories","29":"tag-vaer"},"share_on_mastodon":{"url":"https:\/\/pubeurope.com\/@no\/115728384431436910","error":""},"_links":{"self":[{"href":"https:\/\/www.europesays.com\/no\/wp-json\/wp\/v2\/posts\/114430","targetHints":{"allow":["GET"]}}],"collection":[{"href":"https:\/\/www.europesays.com\/no\/wp-json\/wp\/v2\/posts"}],"about":[{"href":"https:\/\/www.europesays.com\/no\/wp-json\/wp\/v2\/types\/post"}],"author":[{"embeddable":true,"href":"https:\/\/www.europesays.com\/no\/wp-json\/wp\/v2\/users\/2"}],"replies":[{"embeddable":true,"href":"https:\/\/www.europesays.com\/no\/wp-json\/wp\/v2\/comments?post=114430"}],"version-history":[{"count":0,"href":"https:\/\/www.europesays.com\/no\/wp-json\/wp\/v2\/posts\/114430\/revisions"}],"wp:featuredmedia":[{"embeddable":true,"href":"https:\/\/www.europesays.com\/no\/wp-json\/wp\/v2\/media\/114431"}],"wp:attachment":[{"href":"https:\/\/www.europesays.com\/no\/wp-json\/wp\/v2\/media?parent=114430"}],"wp:term":[{"taxonomy":"category","embeddable":true,"href":"https:\/\/www.europesays.com\/no\/wp-json\/wp\/v2\/categories?post=114430"},{"taxonomy":"post_tag","embeddable":true,"href":"https:\/\/www.europesays.com\/no\/wp-json\/wp\/v2\/tags?post=114430"}],"curies":[{"name":"wp","href":"https:\/\/api.w.org\/{rel}","templated":true}]}}