{"id":114432,"date":"2025-12-16T08:50:09","date_gmt":"2025-12-16T08:50:09","guid":{"rendered":"https:\/\/www.europesays.com\/no\/114432\/"},"modified":"2025-12-16T08:50:09","modified_gmt":"2025-12-16T08:50:09","slug":"john-carew-jul-julepraten-john-carew","status":"publish","type":"post","link":"https:\/\/www.europesays.com\/no\/114432\/","title":{"rendered":"John Carew, Jul | Julepraten: John Carew"},"content":{"rendered":"\n<p>I <a href=\"https:\/\/www.nettavisen.no\/kjendis\/john-carew-om-sin-verste-jul-skikkelig-nedtur\/s\/5-95-2773023\" rel=\"Follow nofollow noopener\" target=\"_blank\">Nettavisens<\/a> julespalte forteller kjente, norske personer om sine planer for julen, hvilke juletradisjoner de ikke kan v\u00e6re foruten, og hva slags forventninger de har til det kommende \u00e5ret. Fra oss til deg \u2013 GOD JUL!<\/p>\n<p>Vi har tatt en juleprat med tidligere fotballspiller og skuespiller John Carew (46) fra L\u00f8renskog. Han er aktuell i den tredje sesongen av \u00abHjem til jul\u00bb, og i denne spalten avsl\u00f8rer han hvor glad i julen han er.<\/p>\n<p>   <img decoding=\"async\" width=\"1600\" height=\"900\" fetchpriority=\"low\"  loading=\"lazy\"  src=\"https:\/\/www.europesays.com\/no\/wp-content\/uploads\/2025\/12\/John+Carew_1.bin\" alt=\"John Carew i tredje sesong av \u00abHjem til jul\u00bb\" class=\"brick-c-cFOWSL\" style=\"--brick-image-ratio: 1600 \/ 900;\"\/><\/p>\n<p>      GLAD I JULA: John Carew mener julen alltid skal gj\u00f8res stort og flott.<br \/>\n      Foto: Hallgrim Haug (Netflix)\n    <\/p>\n<p><b>Hvordan og med hvem skal du feire jul i \u00e5r?<br \/><\/b>\u2013 Jeg skal feire med familien i Gudbrandsdalen, som jeg gj\u00f8r hvert \u00e5r. Det er veldig fint og man er sikret sn\u00f8 i fjellheimen. Det er fantastisk fint samv\u00e6r med familien og med folk som man ikke ser s\u00e5 ofte, det er en skikkelig fin tradisjon.<\/p>\n<p><b>Hva spiser du p\u00e5 julaften?<\/b><br \/>\u2013 Vi spiser lutefisk og risgrynsmelkesuppe p\u00e5 julaften, det er helt magisk. S\u00e5 spiser vi pinnekj\u00f8tt p\u00e5 lille julaften, ribbe p\u00e5 f\u00f8rste eller andre juledag. Det blir jo veldig mye julemat og vi spiser tre forskjellige juleretter fordelt over tre dager, s\u00e5 vi spiser Grandiosa med ekstra Norvegia-ost i romjulen. Det er for \u00e5 bryte opp med all julematen.<\/p>\n<p><b>Hva er dine juletradisjoner?<\/b><br \/>\u2013 Mye av det ligger i julen p\u00e5 Gudbrandsdalen med familien, den fantastiske julegleden og \u00e5 v\u00e6re med n\u00e6rfamilien og den utstrakte familien gjennom julen.<\/p>\n<p><b>Hva er en overvurdert juletradisjon?<\/b><br \/>\u2013 Jeg synes ikke det er noe som er overvurdert. Jeg har hatt s\u00e5 mye glede av julen, og jeg er veldig takknemlig for julen og hva den betyr for meg og familien. Jeg synes julen skal gj\u00f8res stort og flott, at man tar vare p\u00e5 hverandre og koser seg sammen. Hjerterommet er ofte st\u00f8rre i julen, og folk ser hverandre litt mer og lytter litt mer til hverandre.<\/p>\n<p><b>Hva er ditt beste juleminne?<\/b><br \/>\u2013 Da man var liten og trodde p\u00e5 julenissen, det var ekstra spennende. Det som er s\u00e5 fint er at man f\u00e5r oppleve det p\u00e5 nytt n\u00e5r man f\u00e5r barn, da lever man seg inn i det igjen. Datteren min p\u00e5 fire \u00e5r tror p\u00e5 julenissen, s\u00e5 vi voksne blir ogs\u00e5 litt barn igjen p\u00e5 julaften.<\/p>\n<p><b>Hva er ditt verste juleminne?<\/b><br \/>\u2013 Det var et \u00e5r jeg m\u00e5tte feire alene i London da jeg spilte fotball. Julaften var s\u00e5 tett p\u00e5 en fotballkamp vi skulle spille p\u00e5 Boxing Day, og akkurat det \u00e5ret var det umulig \u00e5 komme seg hjem til Norge til julaften. Jeg klarte alltid \u00e5 rekke \u00e5 fly til Norge og s\u00e5 tilbake til England, og fortsatt rekke kampen. S\u00e5 det ble en kjedelig jul alene i London. Jeg fikk riktignok bes\u00f8k av noen venner der, men det var skikkelig nedtur \u00e5 ikke reise hjem til familien.<\/p>\n<p><b>Hva er den beste eller verste julegaven du har f\u00e5tt eller gitt?<\/b><br \/>\u2013 Alle gavene har v\u00e6rt fine, for det er tanken som teller. Det kommer fra hjertet og den beste mening. Prisen p\u00e5 gavene har ingenting \u00e5 si, folk gj\u00f8r det de kan for \u00e5 f\u00e5 gitt noe. Det er ingen gave som er d\u00e5rligere enn noen andre.<\/p>\n<p><b>Hva m\u00e5 du alltid gj\u00f8re i julen?<\/b><br \/>\u2013 Jeg m\u00e5 ha p\u00e5 julepysj og ullsokker. Hvis jeg har en koselig \u00abjule-outfit\u00bb jeg kan tr\u00e5kke inn i, da er det jul p\u00e5 ordentlig. Da finner jeg roen og koser meg.<\/p>\n<p><b>Hva er den st\u00f8rste julekrisen du har opplevd?<\/b><br \/>\u2013 Den gangen jeg ikke fikk reist hjem til jul.<\/p>\n<p><b>Hva er favoritt-julesangen din, og hvorfor akkurat den?<\/b><br \/>\u2013 \u00abGlade jul\u00bb. Den er helt fantastisk. Det er den f\u00f8rste julesangen jeg husker veldig godt fra barndommen, og som jeg skj\u00f8nte handlet om jul.<\/p>\n<p><b>R\u00f8d eller brun julebrus?<\/b><br \/>\u2013 Jeg er veldig glad i begge deler, men jeg er mest glad i den brune.<\/p>\n<p><b>Hvordan skal du feire nytt\u00e5rsaften?<\/b><br \/>\u2013 F\u00f8rst skal jeg v\u00e6re med familien, vi skal spise lammel\u00e5r og kose oss. Etter det har jeg en stor DJ-gig p\u00e5 Aker Brygge p\u00e5 en nytt\u00e5rsfest, jeg er en av hoved-headlinere med Amara og Chris Abolade. Da blir det fest.<\/p>\n<p><b>Hvordan vil du oppsummere 2025?<\/b><br \/>\u2013 Det har v\u00e6rt et veldig fint og spennende \u00e5r, jeg lever i takknemlighet. Jeg har en familie som jeg er veldig glad i, jeg f\u00e5r utfordret meg selv gjennom interessante jobber og f\u00f8lge lidenskapen min. Jeg h\u00e5per det fortsetter og at neste \u00e5r blir like bra.<\/p>\n<p><b>Hva er ditt st\u00f8rste \u00f8nske f\u00f8r 2026?<\/b><br \/>\u2013 At de rundt meg skal ha det bra, for da har jeg det bra. Jeg h\u00e5per p\u00e5 god helse til alle, og at man f\u00e5r s\u00e5 mye lykke og suksess som mulig. Jeg h\u00e5per generelt at folk f\u00f8lger dr\u00f8mmene sine og at man t\u00f8r \u00e5 feile og bare kj\u00f8re p\u00e5.<\/p>\n<p><b>Hva er dine planer for det neste \u00e5ret?<\/b><br \/>\u2013 Det er en del ting planlagt, jeg holder p\u00e5 med mye. Jeg har et TV-prosjekt som jeg er en del av forberedelsene til, utover det s\u00e5 er det fotball-VM til sommeren. Det skjer noe hele tiden, s\u00e5 det blir et spennende \u00e5r.<\/p>\n","protected":false},"excerpt":{"rendered":"I Nettavisens julespalte forteller kjente, norske personer om sine planer for julen, hvilke juletradisjoner de ikke kan v\u00e6re&hellip;\n","protected":false},"author":2,"featured_media":114433,"comment_status":"","ping_status":"","sticky":false,"template":"","format":"standard","meta":{"footnotes":""},"categories":[58],"tags":[36,71,8554,5593,479,30,28,29,1510,72],"class_list":{"0":"post-114432","1":"post","2":"type-post","3":"status-publish","4":"format-standard","5":"has-post-thumbnail","7":"category-underholdning","8":"tag-art","9":"tag-entertainment","10":"tag-john-carew","11":"tag-jul","12":"tag-kjendis","13":"tag-no","14":"tag-norge","15":"tag-norway","16":"tag-story","17":"tag-underholdning"},"share_on_mastodon":{"url":"https:\/\/pubeurope.com\/@no\/115728392168680554","error":""},"_links":{"self":[{"href":"https:\/\/www.europesays.com\/no\/wp-json\/wp\/v2\/posts\/114432","targetHints":{"allow":["GET"]}}],"collection":[{"href":"https:\/\/www.europesays.com\/no\/wp-json\/wp\/v2\/posts"}],"about":[{"href":"https:\/\/www.europesays.com\/no\/wp-json\/wp\/v2\/types\/post"}],"author":[{"embeddable":true,"href":"https:\/\/www.europesays.com\/no\/wp-json\/wp\/v2\/users\/2"}],"replies":[{"embeddable":true,"href":"https:\/\/www.europesays.com\/no\/wp-json\/wp\/v2\/comments?post=114432"}],"version-history":[{"count":0,"href":"https:\/\/www.europesays.com\/no\/wp-json\/wp\/v2\/posts\/114432\/revisions"}],"wp:featuredmedia":[{"embeddable":true,"href":"https:\/\/www.europesays.com\/no\/wp-json\/wp\/v2\/media\/114433"}],"wp:attachment":[{"href":"https:\/\/www.europesays.com\/no\/wp-json\/wp\/v2\/media?parent=114432"}],"wp:term":[{"taxonomy":"category","embeddable":true,"href":"https:\/\/www.europesays.com\/no\/wp-json\/wp\/v2\/categories?post=114432"},{"taxonomy":"post_tag","embeddable":true,"href":"https:\/\/www.europesays.com\/no\/wp-json\/wp\/v2\/tags?post=114432"}],"curies":[{"name":"wp","href":"https:\/\/api.w.org\/{rel}","templated":true}]}}