{"id":114436,"date":"2025-12-16T08:55:11","date_gmt":"2025-12-16T08:55:11","guid":{"rendered":"https:\/\/www.europesays.com\/no\/114436\/"},"modified":"2025-12-16T08:55:11","modified_gmt":"2025-12-16T08:55:11","slug":"mann-frifunnet-for-drap-etter-22-knivstikk","status":"publish","type":"post","link":"https:\/\/www.europesays.com\/no\/114436\/","title":{"rendered":"Mann frifunnet for drap etter 22 knivstikk"},"content":{"rendered":"\n<p class=\"_lead_o9xde_2 _lead_xtcu6_50 layout-component text-serif-m layout-normal text-serif-l layout-component layout-wide layout-padded _wide_17hqh_1 layout-padded\">Agder lagmannsrett konkluderte med at mannen handlet i n\u00f8dverge.<\/p>\n<ul aria-hidden=\"true\" class=\"_images_ntbth_112\">\n<li><a class=\"_link_ntbth_117\" href=\"https:\/\/www.vg.no\/forfatter\/isak-loeve-pilskog-loe\" style=\"z-index:1\" title=\"Isak L\u00f8ve Pilskog Loe\" rel=\"nofollow noopener\" target=\"_blank\"><img alt=\"Bilde av Isak L\u00f8ve Pilskog Loe\" class=\"_image_ntbth_93\" fetchpriority=\"low\" loading=\"lazy\" decoding=\"async\" itemprop=\"image\"  src=\"https:\/\/www.europesays.com\/no\/wp-content\/uploads\/2025\/12\/1765875309_376_8b0354e3-bf53-460c-9c1c-790321a0c923\"  width=\"480\"\/><\/a><\/li>\n<\/ul>\n<p> Oppdatert tirsdag 16. desember kl. 09:24     <\/p>\n<p class=\"_paragraph_o9xde_4 _paragraph_xtcu6_10 layout-component text-serif-m layout-normal text-serif-m layout-padded\">Mannen ble av Agder tingrett d\u00f8mt til ni \u00e5r og tre m\u00e5neder i fengsel for drap.<\/p>\n<p class=\"_paragraph_o9xde_4 _paragraph_xtcu6_10 layout-component text-serif-m layout-normal text-serif-m layout-padded\">N\u00e5 er han frifunnet av <a href=\"https:\/\/www.vg.no\/tag\/agder-lagmannsrett?utm_source=vg-article&amp;utm_medium=auto-tagger&amp;utm_campaign=WvLpOa\" class=\"_link_o9xde_39\" rel=\"nofollow noopener\" target=\"_blank\">Agder lagmannsrett<\/a>. I kjennelsen konkluderte retten med at mannen handlet i n\u00f8dverge da han drepte en person med 22 knivstikk.<\/p>\n<p class=\"_paragraph_o9xde_4 _paragraph_xtcu6_10 layout-component text-serif-m layout-normal text-serif-m layout-padded\">Der tingretten landet p\u00e5 at den tiltalte handlet utover det som var forsvarlig, konkluderer derimot lagmannsretten enstemmig med at det ikke forel\u00e5 et straffbart forhold. <\/p>\n<p class=\"_paragraph_o9xde_4 _paragraph_xtcu6_10 layout-component text-serif-m layout-normal text-serif-m layout-padded\">Retten legger til grunn at mannen ble utsatt for et p\u00e5g\u00e5ende og alvorlig angrep i sitt eget hjem.<\/p>\n<p class=\"_paragraph_o9xde_4 _paragraph_xtcu6_10 layout-component text-serif-m layout-normal text-serif-m layout-padded\">\u2013 Angrepet opph\u00f8rte ikke f\u00f8r forn\u00e6rmede var d\u00f8delig skadet, heter det i pressemeldingen.<\/p>\n<p class=\"_paragraph_o9xde_4 _paragraph_xtcu6_10 layout-component text-serif-m layout-normal text-serif-m layout-padded\">Retten fant at mannen med god grunn fryktet for sitt liv, og at han ikke hadde andre forsvarlige handlingsalternativer i situasjonen.<\/p>\n<p class=\"_paragraph_o9xde_4 _paragraph_xtcu6_10 layout-component text-serif-m layout-normal text-serif-m layout-padded\">\u2013 Lagmannsretten har foretatt en grundig og prinsipiell vurdering av n\u00f8dvergesituasjonen v\u00e5r klient befant seg i, sier forsvarer John Christian Elden.<\/p>\n<p class=\"_paragraph_o9xde_4 _paragraph_xtcu6_10 layout-component text-serif-m layout-normal text-serif-m layout-padded\">Han sier dommen viser at tingrettens bevis- og rettsanvendelse ikke kunne opprettholdes.<\/p>\n<p class=\"_paragraph_o9xde_4 _paragraph_xtcu6_10 layout-component text-serif-m layout-normal text-serif-m layout-padded\">Lagmannsretten la avgj\u00f8rende vekt p\u00e5 at angrepet p\u00e5gikk kontinuerlig, samt p\u00e5 trusselbildet knyttet til flere involverte personer. Mannen er ogs\u00e5 frifunnet for krav om oppreisning og erstatning.<\/p>\n<p class=\"_paragraph_o9xde_4 _paragraph_xtcu6_10 layout-component text-serif-m layout-normal text-serif-m layout-padded\">\u2013 N\u00e5r retten legger til grunn at angrepet p\u00e5gikk helt frem til det fatale utfallet, er frifinnelse den rettslig riktige konklusjonen, sier Elden.<\/p>\n<p>    <img decoding=\"async\" alt=\"Tips oss illustrasjon\" src=\"https:\/\/www.europesays.com\/no\/wp-content\/uploads\/2025\/10\/pssst-small.webp.webp\"\/>    <\/p>\n<p class=\"title-serif-s\">Har du tips?<\/p>\n<p class=\"text-sans-m\">Send oss informasjon, bilder eller video.<\/p>\n<p>  <a href=\"https:\/\/www.vg.no\/tips-oss\" rel=\"nofollow noopener\" target=\"_blank\"> Tips oss <\/a>      <\/p>\n","protected":false},"excerpt":{"rendered":"Agder lagmannsrett konkluderte med at mannen handlet i n\u00f8dverge. Oppdatert tirsdag 16. desember kl. 09:24 Mannen ble av&hellip;\n","protected":false},"author":2,"featured_media":114437,"comment_status":"","ping_status":"","sticky":false,"template":"","format":"standard","meta":{"footnotes":""},"categories":[10],"tags":[13919,31,20,21,24,25,15,22,23,13,30,28,29,14,16,26,27],"class_list":{"0":"post-114436","1":"post","2":"type-post","3":"status-publish","4":"format-standard","5":"has-post-thumbnail","7":"category-norge","8":"tag-agder-lagmannsrett","9":"tag-breaking","10":"tag-breaking-news","11":"tag-breakingnews","12":"tag-featured-news","13":"tag-featurednews","14":"tag-headlines","15":"tag-latest-news","16":"tag-latestnews","17":"tag-news","18":"tag-no","19":"tag-norge","20":"tag-norway","21":"tag-nyheter","22":"tag-overskrifter","23":"tag-top-stories","24":"tag-topstories"},"share_on_mastodon":{"url":"https:\/\/pubeurope.com\/@no\/115728411968245146","error":""},"_links":{"self":[{"href":"https:\/\/www.europesays.com\/no\/wp-json\/wp\/v2\/posts\/114436","targetHints":{"allow":["GET"]}}],"collection":[{"href":"https:\/\/www.europesays.com\/no\/wp-json\/wp\/v2\/posts"}],"about":[{"href":"https:\/\/www.europesays.com\/no\/wp-json\/wp\/v2\/types\/post"}],"author":[{"embeddable":true,"href":"https:\/\/www.europesays.com\/no\/wp-json\/wp\/v2\/users\/2"}],"replies":[{"embeddable":true,"href":"https:\/\/www.europesays.com\/no\/wp-json\/wp\/v2\/comments?post=114436"}],"version-history":[{"count":0,"href":"https:\/\/www.europesays.com\/no\/wp-json\/wp\/v2\/posts\/114436\/revisions"}],"wp:featuredmedia":[{"embeddable":true,"href":"https:\/\/www.europesays.com\/no\/wp-json\/wp\/v2\/media\/114437"}],"wp:attachment":[{"href":"https:\/\/www.europesays.com\/no\/wp-json\/wp\/v2\/media?parent=114436"}],"wp:term":[{"taxonomy":"category","embeddable":true,"href":"https:\/\/www.europesays.com\/no\/wp-json\/wp\/v2\/categories?post=114436"},{"taxonomy":"post_tag","embeddable":true,"href":"https:\/\/www.europesays.com\/no\/wp-json\/wp\/v2\/tags?post=114436"}],"curies":[{"name":"wp","href":"https:\/\/api.w.org\/{rel}","templated":true}]}}