{"id":114446,"date":"2025-12-16T09:06:08","date_gmt":"2025-12-16T09:06:08","guid":{"rendered":"https:\/\/www.europesays.com\/no\/114446\/"},"modified":"2025-12-16T09:06:08","modified_gmt":"2025-12-16T09:06:08","slug":"kobbie-mainoos-halvbror-med-amorim-stikk-etter-manchester-united-kamp","status":"publish","type":"post","link":"https:\/\/www.europesays.com\/no\/114446\/","title":{"rendered":"Kobbie Mainoos halvbror med Amorim-stikk etter Manchester United-kamp"},"content":{"rendered":"\n<p class=\"_lead_o9xde_2 _lead_xtcu6_50 layout-component text-serif-m layout-normal text-serif-l layout-component layout-wide layout-padded _wide_17hqh_1 layout-padded\">Manchester United-spiller Kobbie Mainoo var innbytter igjen. N\u00e5 reagerer halvbroren. <\/p>\n<p><img alt=\"Jordan Mainoo-Hames poserte slik p\u00e5 Instagram-story etter mandagens kamp. Til h\u00f8yre halvbroren og United-spiller Kobbie Mainoo. Foto: AP\/PRIVAT\" class=\"_image_qp4xg_65 layout-component layout-wide\" data-fullscreen- data-track-element-type=\"Article image fullscreen\" data-track-name=\"ImageFullscreen\" fetchpriority=\"high\" decoding=\"sync\" loading=\"eager\" height=\"5155\" itemprop=\"image\"  src=\"https:\/\/www.europesays.com\/no\/wp-content\/uploads\/2025\/12\/d85f65d6-a590-4953-bafa-53f62ae3ab17\"  style=\"object-position:0% 0%\" width=\"7167\"\/>Jordan Mainoo-Hames poserte slik p\u00e5 Instagram-story etter mandagens kamp. Til h\u00f8yre halvbroren og United-spiller Kobbie Mainoo. Foto: AP\/PRIVAT<\/p>\n<ul aria-hidden=\"true\" class=\"_images_ntbth_112\">\n<li><a class=\"_link_ntbth_117\" href=\"https:\/\/www.vg.no\/forfatter\/oeyvind-herrebroeden\" style=\"z-index:2\" title=\"\u00d8yvind Herrebr\u00f8den\" rel=\"nofollow noopener\" target=\"_blank\"><img alt=\"Bilde av \u00d8yvind Herrebr\u00f8den\" class=\"_image_ntbth_93\" fetchpriority=\"low\" loading=\"lazy\" decoding=\"async\" itemprop=\"image\"  src=\"https:\/\/www.europesays.com\/no\/wp-content\/uploads\/2025\/12\/1765875968_416_8bb7c2c0-7083-4b77-a732-7b476449021f\"  width=\"480\"\/><\/a><\/li>\n<li><a class=\"_link_ntbth_117\" href=\"https:\/\/www.vg.no\/forfatter\/ntb\" style=\"z-index:1\" title=\"NTB\" rel=\"nofollow noopener\" target=\"_blank\"><img alt=\"Bilde av NTB\" class=\"_image_ntbth_93\" fetchpriority=\"low\" loading=\"lazy\" decoding=\"async\" itemprop=\"image\"  src=\"https:\/\/www.europesays.com\/no\/wp-content\/uploads\/2025\/12\/1765875968_259_c33980b0-5d07-4027-84a1-813f90a7c8d6\"  width=\"480\"\/><\/a><\/li>\n<\/ul>\n<p> Oppdatert tirsdag 16. desember kl. 09:38    <\/p>\n<ul class=\"_list_o9xde_3 _list_64s2r_85 _unordered_o9xde_106 text-sans-m\">\n<li class=\"_item_o9xde_30\">Kobbie Mainoo kom inn som innbytter igjen i Manchester Uniteds 4-4 kamp mot Bournemouth.<\/li>\n<li class=\"_item_o9xde_30\">Mainoos halvbror viste st\u00f8tte med t-skjorte-oppfordring \u00abFree Kobbie Mainoo\u00bb.<\/li>\n<li class=\"_item_o9xde_30\">Mainoo har enn\u00e5 ikke startet en Premier League-kamp denne sesongen.<\/li>\n<li class=\"_item_o9xde_30\">Manchester United-ikonet Paul Scholes kritiserer klubbens behandling av Mainoo.<\/li>\n<\/ul>\n<p>Vis mer <\/p>\n<p class=\"_paragraph_o9xde_4 _paragraph_xtcu6_10 layout-component text-serif-m layout-normal text-serif-m layout-padded\">Underveis i mandagens 4-4-drama mot Bournemouth viste Jordan Mainoo-Hames fram en svart T-skjorte med p\u00e5skriften \u00abFree Kobbie Mainoo\u00bb i hvite blokkbokstaver, skriver <a href=\"https:\/\/www.bbc.com\/sport\/football\/articles\/c9d9nxzg8e4o\" class=\"_link_o9xde_39\" rel=\"nofollow noopener\" target=\"_blank\">BBC.<\/a><\/p>\n<p class=\"_paragraph_o9xde_4 _paragraph_xtcu6_10 layout-component text-serif-m layout-normal text-serif-m layout-padded\">Mainoos bror la ut et bilde av seg selv i T-skjorten i sosiale medier etter Old Trafford-kampen. Han har over 680.000 f\u00f8lgere p\u00e5 Instagram og er blant annet kjent som tidligere deltager i et realityshow.<\/p>\n<p class=\"_paragraph_o9xde_4 _paragraph_xtcu6_10 layout-component text-serif-m layout-normal text-serif-m layout-padded\">Kobbie Mainoo er en popul\u00e6r spiller hos United-fansen, men f\u00e5r ikke s\u00e6rlig tillit hos manager Ruben Amorim. <\/p>\n<p class=\"_paragraph_o9xde_4 _paragraph_xtcu6_10 layout-component text-serif-m layout-normal text-serif-m layout-padded\">Fortsatt har ikke Mainoo startet en <a href=\"https:\/\/www.vg.no\/tag\/premier-league?utm_source=vg-article&amp;utm_medium=auto-tagger&amp;utm_campaign=ln1o6G\" class=\"_link_o9xde_39\" rel=\"nofollow noopener\" target=\"_blank\">Premier League<\/a>-kamp denne sesongen. I \u00e5ttem\u00e5lsoppgj\u00f8ret <a href=\"https:\/\/www.vg.no\/sport\/i\/M7ge4E\/aattemaalsthriller-da-bournemouth-tok-poeng-mot-united-paa-old-trafford\" data-track-element-type=\"Link\" data-track-id=\"link:M7ge4E\" class=\"_link_o9xde_39\" rel=\"nofollow noopener\" target=\"_blank\">mandag kveld<\/a> kom han p\u00e5 etter 62 minutter. Etter 4\u20134 \u00abdemonstrerte\u00bb halvbroren ved \u00e5 legge ut bildet i sosiale medier.<\/p>\n<p class=\"_paragraph_o9xde_4 _paragraph_xtcu6_10 layout-component text-serif-m layout-normal text-serif-m layout-padded\">Det vil skape ytterligere spekulasjoner rundt Mainoos fremtid i klubben. I sommer var han i n\u00e6rheten av en overgang til italienske Napoli, men det ble ikke noe av. I januar \u00e5pner overgangsvinduet igjen.<\/p>\n<p class=\"_paragraph_o9xde_4 _paragraph_xtcu6_10 layout-component text-serif-m layout-normal text-serif-m layout-padded\">Ruben Amorim har ikke kommentert tskjorte-stuntet til broren, men p\u00e5 fredagens pressekonferanse i forkant av kampen, var Mainoo og en mulig januarovergang tema.<\/p>\n<p class=\"_paragraph_o9xde_4 _paragraph_xtcu6_10 layout-component text-serif-m layout-normal text-serif-m layout-padded\">\u2013 Jeg har hatt noen samtaler med ham, spesielt i fjor, og med andre spillere, men om det temaet: Nei, jeg har ikke snakket med ham, sa Amorim da.<\/p>\n<p class=\"_paragraph_o9xde_4 _paragraph_xtcu6_10 layout-component text-serif-m layout-normal text-serif-m layout-padded\">Stuntet kan bidra til \u00e5 gj\u00f8re en \u00f8mfintlig situasjon enda mer betent. Nylig gikk Manchester United-ikonet Paul Scholes ut mot behandlingen av Mainoo.<\/p>\n<p class=\"_paragraph_o9xde_4 _paragraph_xtcu6_10 layout-component text-serif-m layout-normal text-serif-m layout-padded\">\u2013 Gutten blir \u00f8delagt av \u00e5 ikke brukes i et lag som ikke kan kontrollere en fotballkamp, skrev Scholes i et Instagram-innlegg han senere slettet.<\/p>\n<p class=\"_paragraph_o9xde_4 _paragraph_xtcu6_10 layout-component text-serif-m layout-normal text-serif-m layout-padded\">20-\u00e5ringen har bare f\u00e5tt \u00e9n start denne sesongen. Den kom i det ydmykende tapet for Grimsby fra niv\u00e5 fire i ligacupen. I Premier League er det bare blitt 212 minutter fordelt p\u00e5 elleve kamper, alle innhopp fra benken.<\/p>\n<p class=\"_paragraph_o9xde_4 _paragraph_xtcu6_10 layout-component text-serif-m layout-normal text-serif-m layout-padded\">\u2013 Jeg hater \u00e5 se egenutviklede spillere dra, men det er nok det beste for ham n\u00e5. Nok er nok, skrev Scholes videre.<\/p>\n","protected":false},"excerpt":{"rendered":"Manchester United-spiller Kobbie Mainoo var innbytter igjen. N\u00e5 reagerer halvbroren. Jordan Mainoo-Hames poserte slik p\u00e5 Instagram-story etter mandagens&hellip;\n","protected":false},"author":2,"featured_media":114447,"comment_status":"","ping_status":"","sticky":false,"template":"","format":"standard","meta":{"footnotes":""},"categories":[59],"tags":[13333,158,30,28,29,161,192,83,82],"class_list":{"0":"post-114446","1":"post","2":"type-post","3":"status-publish","4":"format-standard","5":"has-post-thumbnail","7":"category-sport","8":"tag-kobbie-mainoo","9":"tag-manchester-united","10":"tag-no","11":"tag-norge","12":"tag-norway","13":"tag-premier-league","14":"tag-ruben-amorim","15":"tag-sport","16":"tag-sports"},"share_on_mastodon":{"url":"https:\/\/pubeurope.com\/@no\/115728455256454464","error":""},"_links":{"self":[{"href":"https:\/\/www.europesays.com\/no\/wp-json\/wp\/v2\/posts\/114446","targetHints":{"allow":["GET"]}}],"collection":[{"href":"https:\/\/www.europesays.com\/no\/wp-json\/wp\/v2\/posts"}],"about":[{"href":"https:\/\/www.europesays.com\/no\/wp-json\/wp\/v2\/types\/post"}],"author":[{"embeddable":true,"href":"https:\/\/www.europesays.com\/no\/wp-json\/wp\/v2\/users\/2"}],"replies":[{"embeddable":true,"href":"https:\/\/www.europesays.com\/no\/wp-json\/wp\/v2\/comments?post=114446"}],"version-history":[{"count":0,"href":"https:\/\/www.europesays.com\/no\/wp-json\/wp\/v2\/posts\/114446\/revisions"}],"wp:featuredmedia":[{"embeddable":true,"href":"https:\/\/www.europesays.com\/no\/wp-json\/wp\/v2\/media\/114447"}],"wp:attachment":[{"href":"https:\/\/www.europesays.com\/no\/wp-json\/wp\/v2\/media?parent=114446"}],"wp:term":[{"taxonomy":"category","embeddable":true,"href":"https:\/\/www.europesays.com\/no\/wp-json\/wp\/v2\/categories?post=114446"},{"taxonomy":"post_tag","embeddable":true,"href":"https:\/\/www.europesays.com\/no\/wp-json\/wp\/v2\/tags?post=114446"}],"curies":[{"name":"wp","href":"https:\/\/api.w.org\/{rel}","templated":true}]}}