{"id":114450,"date":"2025-12-16T09:12:10","date_gmt":"2025-12-16T09:12:10","guid":{"rendered":"https:\/\/www.europesays.com\/no\/114450\/"},"modified":"2025-12-16T09:12:10","modified_gmt":"2025-12-16T09:12:10","slug":"de-forste-artistene-er-klare","status":"publish","type":"post","link":"https:\/\/www.europesays.com\/no\/114450\/","title":{"rendered":"De f\u00f8rste artistene er klare"},"content":{"rendered":"\n<p class=\"_lead_o9xde_2 _lead_xtcu6_50 layout-component text-serif-m layout-normal text-serif-l layout-component layout-wide layout-padded _wide_17hqh_1 layout-padded\">Fisher, Tom Odell, Ylva, Tobias Sten og Golf er blant artistene som skal spille p\u00e5 festivalen i sommer. <\/p>\n<p><img alt=\" Foto: Thomas Fure \/ NTB\" class=\"_image_qp4xg_65 layout-component layout-wide\" data-fullscreen- data-track-element-type=\"Article image fullscreen\" data-track-name=\"ImageFullscreen\" fetchpriority=\"high\" decoding=\"sync\" loading=\"eager\" height=\"3471\" itemprop=\"image\"  src=\"https:\/\/www.europesays.com\/no\/wp-content\/uploads\/2025\/12\/be1c16ad-f9e6-40c2-b2da-8e2a78e725bc\"  style=\"object-position:0% 0%\" width=\"2314\"\/> Foto: Thomas Fure \/ NTB<\/p>\n<ul aria-hidden=\"true\" class=\"_images_ntbth_112\">\n<li><a class=\"_link_ntbth_117\" href=\"https:\/\/www.vg.no\/forfatter\/simone-holen-soenstroed\" style=\"z-index:1\" title=\"Simone Holen S\u00f8nstr\u00f8d\" rel=\"nofollow noopener\" target=\"_blank\"><img alt=\"Bilde av Simone Holen S\u00f8nstr\u00f8d\" class=\"_image_ntbth_93\" fetchpriority=\"low\" loading=\"lazy\" decoding=\"async\" itemprop=\"image\"  src=\"https:\/\/www.europesays.com\/no\/wp-content\/uploads\/2025\/12\/1765876328_817_f61c0667-389a-47b7-9bb0-2c4d4abdb35d\"  width=\"480\"\/><\/a><\/li>\n<\/ul>\n<p> Oppdatert tirsdag 16. desember kl. 09:55     <\/p>\n<p class=\"_paragraph_o9xde_4 _paragraph_xtcu6_10 layout-component text-serif-m layout-normal text-serif-m layout-padded\"><a href=\"https:\/\/www.vg.no\/tag\/slottsfjell?utm_source=vg-article&amp;utm_medium=auto-tagger&amp;utm_campaign=7plaEo\" class=\"_link_o9xde_39\" rel=\"nofollow noopener\" target=\"_blank\">Slottsfjell<\/a> har sluppet de f\u00f8rste 20 artistene som skal spille p\u00e5 festivalen 9. og 10. juli 2026. Blant h\u00f8ydepunktene er to av verdens st\u00f8rste DJ-er, Fisher og Dom Dolla, som begge spiller p\u00e5 nattklubbkonseptet Natten.<\/p>\n<p class=\"_paragraph_o9xde_4 _paragraph_xtcu6_10 layout-component text-serif-m layout-normal text-serif-m layout-padded\">Dom Dolla gj\u00f8r sin Norgesdebut n\u00e5r han inntar scenen p\u00e5 Slottsfjell neste sommer.<\/p>\n<p class=\"_paragraph_o9xde_4 _paragraph_xtcu6_10 layout-component text-serif-m layout-normal text-serif-m layout-padded\">\u2013 Hvert \u00e5r har vi som m\u00e5l \u00e5 overg\u00e5 oss selv, og i \u00e5r er intet unntak, forteller markedssjef Sara Emilie Kamsv\u00e5g i en pressemelding.<\/p>\n<p class=\"_paragraph_o9xde_4 _paragraph_xtcu6_10 layout-component text-serif-m layout-normal text-serif-m layout-padded\">Festivalen hadde utsolgt i \u00e5r med publikumsrekord p\u00e5 22.000 bes\u00f8kende per dag.<\/p>\n<p><img alt=\"Den verdensber\u00f8mte DJ-en Fisher skal st\u00e5 p\u00e5 scenen under Slottsfjellsfestivalen 2026.  Foto: Doug DeFelice \/ AP \/ NTB\" class=\"_image_qp4xg_65 layout-component layout-normal\" data-fullscreen- data-track-element-type=\"Article image fullscreen\" data-track-name=\"ImageFullscreen\" decoding=\"async\" loading=\"lazy\" height=\"2666\" itemprop=\"image\"  src=\"https:\/\/www.europesays.com\/no\/wp-content\/uploads\/2025\/12\/4294b261-de1c-401d-bb45-2521bfe11eaf\"  style=\"object-position:0% 0%\" width=\"4000\"\/>Den verdensber\u00f8mte DJ-en Fisher skal st\u00e5 p\u00e5 scenen under Slottsfjellsfestivalen 2026.  Foto: Doug DeFelice \/ AP \/ NTBEneste opptreden i 2026<\/p>\n<p class=\"_paragraph_o9xde_4 _paragraph_xtcu6_10 layout-component text-serif-m layout-normal text-serif-m layout-padded\">Cezinando kommer med en eksklusiv liveproduksjon, laget spesielt for Natten. <\/p>\n<p class=\"_paragraph_o9xde_4 _paragraph_xtcu6_10 layout-component text-serif-m layout-normal text-serif-m layout-padded\">Dette blir eneste mulighet til \u00e5 oppleve artisten p\u00e5 en scene i 2026, if\u00f8lge festivalen.<\/p>\n<p><img alt=\"Kristoffer Cezinando Karlsen er blant flere norske artister som skal spille p\u00e5 Slottsfjell 2026.  Foto: Sam Clarke\" class=\"_image_qp4xg_65 layout-component layout-normal\" data-fullscreen- data-track-element-type=\"Article image fullscreen\" data-track-name=\"ImageFullscreen\" decoding=\"async\" loading=\"lazy\" height=\"2973\" itemprop=\"image\"  src=\"https:\/\/www.europesays.com\/no\/wp-content\/uploads\/2025\/12\/2bb1e002-a8bc-4fff-9291-c58674690d7a\"  style=\"object-position:0% 0%\" width=\"2230\"\/>Kristoffer Cezinando Karlsen er blant flere norske artister som skal spille p\u00e5 Slottsfjell 2026.  Foto: Sam Clarke<\/p>\n<p class=\"_paragraph_o9xde_4 _paragraph_xtcu6_10 layout-component text-serif-m layout-normal text-serif-m layout-padded\">Blant de norske artistene finner vi et av \u00e5rets store gjennombrudd, Oskar med K, som har over 11 millioner m\u00e5nedlige lyttere. Norges mest str\u00f8mmede norske artist i 2025, Tobias Sten, er ogs\u00e5 p\u00e5 plakaten.<\/p>\n<p class=\"_paragraph_o9xde_4 _paragraph_xtcu6_10 layout-component text-serif-m layout-normal text-serif-m layout-padded\">Andre norske navn er stjerneskuddene Ylva, Sa_G og Sandefjordingen Zimmermann, samt Astrid S.<\/p>\n<p> Flere internasjonale artister<\/p>\n<p class=\"_paragraph_o9xde_4 _paragraph_xtcu6_10 layout-component text-serif-m layout-normal text-serif-m layout-padded\">Slippet er fylt med artister fra b\u00e5de inn- og utland.<\/p>\n<p class=\"_paragraph_o9xde_4 _paragraph_xtcu6_10 layout-component text-serif-m layout-normal text-serif-m layout-padded\">\u2013 Alt fra nye stjerner til etablerte artister, og er fordelt p\u00e5 flere sjangre, sier Kamsv\u00e5g.<\/p>\n<p class=\"_paragraph_o9xde_4 _paragraph_xtcu6_10 layout-component text-serif-m layout-normal text-serif-m layout-padded\">Tom Odell og Sienna Spiro tar turen fra Storbritannia, mens Tobias Rahim tar den noe kortere veien over fra Danmark.<\/p>\n<p><img alt=\"Tom Odell tar turen fra Storbritannia for \u00e5 spille p\u00e5 Slottsfjell 2026.  Foto: Peter Byrne \/ Pa Photos \/ NTB\" class=\"_image_qp4xg_65 layout-component layout-normal\" data-fullscreen- data-track-element-type=\"Article image fullscreen\" data-track-name=\"ImageFullscreen\" decoding=\"async\" loading=\"lazy\" height=\"2681\" itemprop=\"image\"  src=\"https:\/\/www.europesays.com\/no\/wp-content\/uploads\/2025\/12\/63b2ad66-4a19-4309-ad6d-73940dbb8413\"  style=\"object-position:0% 0%\" width=\"3883\"\/>Tom Odell tar turen fra Storbritannia for \u00e5 spille p\u00e5 Slottsfjell 2026.  Foto: Peter Byrne \/ Pa Photos \/ NTB<\/p>\n<p class=\"_paragraph_o9xde_4 _paragraph_xtcu6_10 layout-component text-serif-m layout-normal text-serif-m layout-padded\">Slottsfjell lover flere store nyheter om b\u00e5de omr\u00e5det og programmet p\u00e5 ny\u00e5ret.<\/p>\n<p>Disse skal spille p\u00e5 Slottsfjellfestivalen<\/p>\n<p class=\"_paragraph_o9xde_4 _paragraph_xtcu6_10 _paragraph_16v91_10 layout-component text-serif-m layout-normal text-sans-m layout-padded\">\u00b7 Fisher<\/p>\n<p class=\"_paragraph_o9xde_4 _paragraph_xtcu6_10 _paragraph_16v91_10 layout-component text-serif-m layout-normal text-sans-m layout-padded\">\u00b7 Tom Odell<\/p>\n<p class=\"_paragraph_o9xde_4 _paragraph_xtcu6_10 _paragraph_16v91_10 layout-component text-serif-m layout-normal text-sans-m layout-padded\">\u00b7 Dom Dolla<\/p>\n<p class=\"_paragraph_o9xde_4 _paragraph_xtcu6_10 _paragraph_16v91_10 layout-component text-serif-m layout-normal text-sans-m layout-padded\">\u00b7 Sienna Spiro<\/p>\n<p class=\"_paragraph_o9xde_4 _paragraph_xtcu6_10 _paragraph_16v91_10 layout-component text-serif-m layout-normal text-sans-m layout-padded\">\u00b7 Cezinando<\/p>\n<p class=\"_paragraph_o9xde_4 _paragraph_xtcu6_10 _paragraph_16v91_10 layout-component text-serif-m layout-normal text-sans-m layout-padded\">\u00b7 Tobias Sten<\/p>\n<p class=\"_paragraph_o9xde_4 _paragraph_xtcu6_10 _paragraph_16v91_10 layout-component text-serif-m layout-normal text-sans-m layout-padded\">\u00b7 Oskar med K<\/p>\n<p class=\"_paragraph_o9xde_4 _paragraph_xtcu6_10 _paragraph_16v91_10 layout-component text-serif-m layout-normal text-sans-m layout-padded\">\u00b7 Tobias Rahim<\/p>\n<p class=\"_paragraph_o9xde_4 _paragraph_xtcu6_10 _paragraph_16v91_10 layout-component text-serif-m layout-normal text-sans-m layout-padded\">\u00b7 Delara<\/p>\n<p class=\"_paragraph_o9xde_4 _paragraph_xtcu6_10 _paragraph_16v91_10 layout-component text-serif-m layout-normal text-sans-m layout-padded\">\u00b7 Marstein<\/p>\n<p class=\"_paragraph_o9xde_4 _paragraph_xtcu6_10 _paragraph_16v91_10 layout-component text-serif-m layout-normal text-sans-m layout-padded\">\u00b7 Astrid S<\/p>\n<p class=\"_paragraph_o9xde_4 _paragraph_xtcu6_10 _paragraph_16v91_10 layout-component text-serif-m layout-normal text-sans-m layout-padded\">\u00b7 GOLF<\/p>\n<p class=\"_paragraph_o9xde_4 _paragraph_xtcu6_10 _paragraph_16v91_10 layout-component text-serif-m layout-normal text-sans-m layout-padded\">\u00b7 Ylva<\/p>\n<p class=\"_paragraph_o9xde_4 _paragraph_xtcu6_10 _paragraph_16v91_10 layout-component text-serif-m layout-normal text-sans-m layout-padded\">\u00b7 Tjuvjakt<\/p>\n<p class=\"_paragraph_o9xde_4 _paragraph_xtcu6_10 _paragraph_16v91_10 layout-component text-serif-m layout-normal text-sans-m layout-padded\">\u00b7 Sa_G<\/p>\n<p class=\"_paragraph_o9xde_4 _paragraph_xtcu6_10 _paragraph_16v91_10 layout-component text-serif-m layout-normal text-sans-m layout-padded\">\u00b7 Abbo &amp; Amara<\/p>\n<p class=\"_paragraph_o9xde_4 _paragraph_xtcu6_10 _paragraph_16v91_10 layout-component text-serif-m layout-normal text-sans-m layout-padded\">\u00b7 Jon Ranes<\/p>\n<p class=\"_paragraph_o9xde_4 _paragraph_xtcu6_10 _paragraph_16v91_10 layout-component text-serif-m layout-normal text-sans-m layout-padded\">\u00b7 Zimmermann<\/p>\n<p class=\"_paragraph_o9xde_4 _paragraph_xtcu6_10 _paragraph_16v91_10 layout-component text-serif-m layout-normal text-sans-m layout-padded\">\u00b7 Los Mexicanacas<\/p>\n<p class=\"_paragraph_o9xde_4 _paragraph_xtcu6_10 _paragraph_16v91_10 layout-component text-serif-m layout-normal text-sans-m layout-padded\">\u00b7 Les Pattayas<\/p>\n<p>Vis mer<\/p>\n<p class=\"_paragraph_o9xde_4 _paragraph_xtcu6_10 layout-component text-serif-m layout-normal text-serif-m layout-padded\">Psst! VG er blant Slottsfjellsfestivalens sponsorer. Avtalen h\u00e5ndteres av VGs markedsavdeling, og gj\u00f8res uavhengig av redaksjonen.<\/p>\n<p class=\"_paragraph_o9xde_4 _paragraph_xtcu6_10 layout-component text-serif-m layout-normal text-serif-m layout-padded\"><strong class=\"_strong_o9xde_25\">I fjor m\u00f8tte VG Benjamin Ingrosso p\u00e5 Slottsfjell: <\/strong><\/p>\n","protected":false},"excerpt":{"rendered":"Fisher, Tom Odell, Ylva, Tobias Sten og Golf er blant artistene som skal spille p\u00e5 festivalen i sommer.&hellip;\n","protected":false},"author":2,"featured_media":114451,"comment_status":"","ping_status":"","sticky":false,"template":"","format":"standard","meta":{"footnotes":""},"categories":[10],"tags":[20,21,24,25,15,22,23,13,30,28,29,14,16,3675,3255,26,27,431],"class_list":{"0":"post-114450","1":"post","2":"type-post","3":"status-publish","4":"format-standard","5":"has-post-thumbnail","7":"category-norge","8":"tag-breaking-news","9":"tag-breakingnews","10":"tag-featured-news","11":"tag-featurednews","12":"tag-headlines","13":"tag-latest-news","14":"tag-latestnews","15":"tag-news","16":"tag-no","17":"tag-norge","18":"tag-norway","19":"tag-nyheter","20":"tag-overskrifter","21":"tag-pressemelding","22":"tag-slottsfjell","23":"tag-top-stories","24":"tag-topstories","25":"tag-tonsberg"},"share_on_mastodon":{"url":"https:\/\/pubeurope.com\/@no\/115728478911239865","error":""},"_links":{"self":[{"href":"https:\/\/www.europesays.com\/no\/wp-json\/wp\/v2\/posts\/114450","targetHints":{"allow":["GET"]}}],"collection":[{"href":"https:\/\/www.europesays.com\/no\/wp-json\/wp\/v2\/posts"}],"about":[{"href":"https:\/\/www.europesays.com\/no\/wp-json\/wp\/v2\/types\/post"}],"author":[{"embeddable":true,"href":"https:\/\/www.europesays.com\/no\/wp-json\/wp\/v2\/users\/2"}],"replies":[{"embeddable":true,"href":"https:\/\/www.europesays.com\/no\/wp-json\/wp\/v2\/comments?post=114450"}],"version-history":[{"count":0,"href":"https:\/\/www.europesays.com\/no\/wp-json\/wp\/v2\/posts\/114450\/revisions"}],"wp:featuredmedia":[{"embeddable":true,"href":"https:\/\/www.europesays.com\/no\/wp-json\/wp\/v2\/media\/114451"}],"wp:attachment":[{"href":"https:\/\/www.europesays.com\/no\/wp-json\/wp\/v2\/media?parent=114450"}],"wp:term":[{"taxonomy":"category","embeddable":true,"href":"https:\/\/www.europesays.com\/no\/wp-json\/wp\/v2\/categories?post=114450"},{"taxonomy":"post_tag","embeddable":true,"href":"https:\/\/www.europesays.com\/no\/wp-json\/wp\/v2\/tags?post=114450"}],"curies":[{"name":"wp","href":"https:\/\/api.w.org\/{rel}","templated":true}]}}