{"id":114460,"date":"2025-12-16T09:28:08","date_gmt":"2025-12-16T09:28:08","guid":{"rendered":"https:\/\/www.europesays.com\/no\/114460\/"},"modified":"2025-12-16T09:28:08","modified_gmt":"2025-12-16T09:28:08","slug":"krim-ulykker-og-hendelser-inderoy-siktet-ikke-loslatt-likevel-tronder-avisa","status":"publish","type":"post","link":"https:\/\/www.europesays.com\/no\/114460\/","title":{"rendered":"Krim, Ulykker og hendelser | Inder\u00f8y-siktet ikke l\u00f8slatt likevel &#8211; Tr\u00f8nder-Avisa"},"content":{"rendered":"<ol>\n<li><a href=\"https:\/\/news.google.com\/rss\/articles\/CBMidkFVX3lxTFBOZV9mS0xhZGlpa0ctNlZZMGItOE1BYTVNZDNRSHFaLWFSODdsajYxVlRJQTU4SXl4SlZ6bFkzLVdqY1hNOXkyeDd1TF9Mc2l1MlYzbFQ1ZEU2ZW1va3FOWWticEkzUlJ1QVFaTHlRYTdLRFhpbUE?oc=5\" target=\"_blank\" rel=\"nofollow noopener\">Krim, Ulykker og hendelser | Inder\u00f8y-siktet ikke l\u00f8slatt likevel<\/a>&nbsp;&nbsp;Tr\u00f8nder-Avisa<\/li>\n<li><a href=\"https:\/\/news.google.com\/rss\/articles\/CBMiugFBVV95cUxQdERDNUcyWjdUQXlVTkZlM25Bb0tLVU9GU0E3d1BEOTM2NzRmejczbkM0YzA4QjRuTVltcTZwdGw0R3duOXNQT2NGZmJDdW5xc2N1TFNmRXlfeHJNeHdqX1BlcVcwa0Y1ZWp3aDFQY3NYNjZ0dGY2aWRLc0x3a09mb29USHg2Wm5uMGYtejN3cDRQM1dtbVo3djZJOXg5aWtsRHZmN3ZqRkZXVVZlN1Y1UV9DRm9kakRsN1E?oc=5\" target=\"_blank\" rel=\"nofollow noopener\">En kvinne i 60-\u00e5rene funnet d\u00f8d i Inder\u00f8y \u2013 mann i 50-\u00e5rene siktet og p\u00e5grepet<\/a>&nbsp;&nbsp;NRK<\/li>\n<li><a href=\"https:\/\/news.google.com\/rss\/articles\/CBMihwFBVV95cUxQWm9UaEVvNzhGMXNsM0E1dThFR0txcWdkMV9JRmtaRlNZeE14R0RidUI3V3ZqNTdTZmY2UnBmTXB2cmdLeUozczZnRFVtM3ZvbzJtX0lZdlhQUGgtNF9wbW53bmxSNU45blFVd0kyOXQ1RkNQcUphOXg5T20tTjV3TnAtQ3ZVOWs?oc=5\" target=\"_blank\" rel=\"nofollow noopener\">Mann l\u00f8slates etter d\u00f8dsfall<\/a>&nbsp;&nbsp;adressa.no<\/li>\n<li><a href=\"https:\/\/news.google.com\/rss\/articles\/CBMiogFBVV95cUxOQXJrY1lDVEpDM3BLUEY5QjhfNnVSYmFsWTYwYnVLYWh6WDZ3aXVPYUI1TGozaTU0WDFuYUktc25ibGNBWHZGUE9uQy1haUI1ZUpaNnRhb0hYT0lJVjdSdGMtLVpNUlIxZjJMYnVwR0N0R0lwcUdSXzFGZnhlcjRKT1V1Y2l2LVV1UnRxRzYzeUJCdjhzdExtQTZQbXk1Zi1VMFE?oc=5\" target=\"_blank\" rel=\"nofollow noopener\">En person p\u00e5grepet etter funn av d\u00f8d person i Tr\u00f8ndelag<\/a>&nbsp;&nbsp;Aftenposten<\/li>\n<li><a href=\"https:\/\/news.google.com\/rss\/articles\/CBMiiAFBVV95cUxQMGIxR2k2TjYwRlh3ekFUUlJrbzM2QlV2SUl6RTdxeWp0WTFidUpjOHkwYjNtU0g4eHZkMlFPYS0tNDVZZ0FlY1N0Tl92U01qS1NpS2ZOTVZGWlZwQ0pKQ014R1ZaQVg1d29fU2xkYW9USFA3U19fUV9WTjRVTHlPZExhY1ZhdXdi?oc=5\" target=\"_blank\" rel=\"nofollow noopener\">Kvinne funnet d\u00f8d \u2013 mann p\u00e5grepet<\/a>&nbsp;&nbsp;innherred.no<\/li>\n<\/ol>\n","protected":false},"excerpt":{"rendered":"Krim, Ulykker og hendelser | Inder\u00f8y-siktet ikke l\u00f8slatt likevel&nbsp;&nbsp;Tr\u00f8nder-Avisa En kvinne i 60-\u00e5rene funnet d\u00f8d i Inder\u00f8y \u2013&hellip;\n","protected":false},"author":2,"featured_media":114461,"comment_status":"","ping_status":"","sticky":false,"template":"","format":"standard","meta":{"footnotes":""},"categories":[10],"tags":[20,21,24,25,15,22,23,13,30,28,29,14,16,26,27],"class_list":{"0":"post-114460","1":"post","2":"type-post","3":"status-publish","4":"format-standard","5":"has-post-thumbnail","7":"category-norge","8":"tag-breaking-news","9":"tag-breakingnews","10":"tag-featured-news","11":"tag-featurednews","12":"tag-headlines","13":"tag-latest-news","14":"tag-latestnews","15":"tag-news","16":"tag-no","17":"tag-norge","18":"tag-norway","19":"tag-nyheter","20":"tag-overskrifter","21":"tag-top-stories","22":"tag-topstories"},"share_on_mastodon":{"url":"https:\/\/pubeurope.com\/@no\/115728541582275100","error":""},"_links":{"self":[{"href":"https:\/\/www.europesays.com\/no\/wp-json\/wp\/v2\/posts\/114460","targetHints":{"allow":["GET"]}}],"collection":[{"href":"https:\/\/www.europesays.com\/no\/wp-json\/wp\/v2\/posts"}],"about":[{"href":"https:\/\/www.europesays.com\/no\/wp-json\/wp\/v2\/types\/post"}],"author":[{"embeddable":true,"href":"https:\/\/www.europesays.com\/no\/wp-json\/wp\/v2\/users\/2"}],"replies":[{"embeddable":true,"href":"https:\/\/www.europesays.com\/no\/wp-json\/wp\/v2\/comments?post=114460"}],"version-history":[{"count":0,"href":"https:\/\/www.europesays.com\/no\/wp-json\/wp\/v2\/posts\/114460\/revisions"}],"wp:featuredmedia":[{"embeddable":true,"href":"https:\/\/www.europesays.com\/no\/wp-json\/wp\/v2\/media\/114461"}],"wp:attachment":[{"href":"https:\/\/www.europesays.com\/no\/wp-json\/wp\/v2\/media?parent=114460"}],"wp:term":[{"taxonomy":"category","embeddable":true,"href":"https:\/\/www.europesays.com\/no\/wp-json\/wp\/v2\/categories?post=114460"},{"taxonomy":"post_tag","embeddable":true,"href":"https:\/\/www.europesays.com\/no\/wp-json\/wp\/v2\/tags?post=114460"}],"curies":[{"name":"wp","href":"https:\/\/api.w.org\/{rel}","templated":true}]}}