{"id":114476,"date":"2025-12-16T09:45:28","date_gmt":"2025-12-16T09:45:28","guid":{"rendered":"https:\/\/www.europesays.com\/no\/114476\/"},"modified":"2025-12-16T09:45:28","modified_gmt":"2025-12-16T09:45:28","slug":"drapsdomte-jorn-andersen-54-siktet-for-drap","status":"publish","type":"post","link":"https:\/\/www.europesays.com\/no\/114476\/","title":{"rendered":"Drapsd\u00f8mte J\u00f8rn Andersen (54) siktet for drap"},"content":{"rendered":"<p class=\"kicker \" style=\"\">Opplysninger til Dagbladet:<\/p>\n<p>  Fire dager f\u00f8r kvinnen i 30-\u00e5ra ble funnet drept, ble det avholdt et oppvaskm\u00f8te som f\u00f8lge av en konflikt mellom avd\u00f8de og den drapssiktede mannen, if\u00f8lge Dagbladets opplysninger.<\/p>\n<p>L\u00d8KKEN, ORKLAND (Dagbladet): Seint l\u00f8rdag kveld ble kvinnen i 30-\u00e5ra funnet drept i et skogholdt i det lille tettstedet L\u00f8kken, en dr\u00f8y time utenfor Trondheim.\u00a0<\/p>\n<p>Tidligere <a href=\"https:\/\/www.dagbladet.no\/nyheter\/jorn-andersen-54-siktet-for-drap\/83985378\" rel=\"nofollow noopener\" target=\"_blank\">drapsd\u00f8mte J\u00f8rn Andersen<\/a> (54) er p\u00e5grepet og siktet for drap, if\u00f8lge Dagbladets opplysninger.\u00a0<\/p>\n<p>Politiet har tidligere uttalt at Andersen og avd\u00f8de skal ha hatt et kortvarig kj\u00e6resteforhold som nylig skal ha tatt slutt, og at de etterforsker dette som et mulig motiv. Dagbladet har imidlertid snakket med flere personer i omgangskretsen til de involverte, som avkrefter at de hadde hatt en kj\u00e6resterelasjon.<\/p>\n<p class=\"font-weight-bold m-font-weight-bold\" data-lab-font_weight=\"font-weight-bold\">Men at de to kjente hverandre, er det ikke uenighet om. Dagbladet f\u00e5r opplyst at det den siste tida skal ha v\u00e6rt en konflikt mellom dem &#8211; og at det bare fire dager f\u00f8r drapet ble avholdt et oppvaskm\u00f8te som f\u00f8lge av dette.<\/p>\n<p>        TIDLIGERE D\u00d8MT: L\u00f8rdag kveld ble en kvinne i 30-\u00e5ra funnet d\u00f8d av en turg\u00e5er i Orkland i Tr\u00f8ndelag. Tidligere drapsd\u00f8mte J\u00f8rn Andersen er siktet, if\u00f8lge Dagbladets opplysninger. Reportere: Marte Nyl\u00f8kken Helseth og Anette Beckhaug \/ Dagbladet. Foto: Ingun A. M\u00e6hlum \/ Frank Karlsen \/ Dagbladet<\/p>\n<p>Arbeidsgiver var til stede\t<\/p>\n<p data-lab-font_weight=\"\">If\u00f8lge Dagbladets opplysninger var siktede og avd\u00f8de til stede i m\u00f8tet, sammen med Tom Ketil Krogstad.\u00a0<\/p>\n<p data-lab-font_weight=\"\">Krogstad er daglig leder av Bj\u00f8rnli Gjesteheim, som blant annet drifter Bj\u00f8rnlihiet Pub der den avd\u00f8de kvinnen jobbet som bartender. Den siktede mannen hadde ogs\u00e5 tilknytning til baren, og bodde i lokalene i andre etasje, f\u00e5r Dagbladet opplyst.\u00a0<\/p>\n<p data-lab-font_weight=\"\">Dagbladet har gjentatte ganger fors\u00f8kt \u00e5 f\u00e5 en kommentar fra Krogstad i forbindelse med denne saken, forel\u00f8pig uten hell.\u00a0<\/p>\n<p data-lab-font_weight=\"font-weight-bold\" class=\"font-weight-bold m-font-weight-bold\">Overfor <a href=\"https:\/\/www.adressa.no\/nyheter\/trondelag\/i\/M7gllR\/hevder-avdoede-ville-ha-slutt-paa-trakassering-hun-var-redd-ham\" rel=\"nofollow noopener\" target=\"_blank\">Adresseavisen<\/a>, som ogs\u00e5 har omtalt oppvaskm\u00f8tet, bekrefter Krogstad at\u00a0m\u00f8tet fant sted og at det ble avholdt for at de to skulle kunne omg\u00e5s som venner. <\/p>\n<p data-lab-font_weight=\"\">P\u00e5 sp\u00f8rsm\u00e5l fra avisa om politiet kjenner til m\u00f8tet, svarer politiadvokat Ole Andreas Aftret\u00a0at\u00a0\u00abKrogstad er avh\u00f8rt av politiet og at dette er et tema i etterforskningen\u00bb<\/p>\n<p data-lab-font_weight=\"\">Tidligere mandag beskrev Krogstad hendelsen som\u00a0\u00abutrolig trist og tragisk\u00bb.<\/p>\n<p data-lab-font_weight=\"\">&#8211; Jeg har mistet en meget god medarbeider og venn i livet. Hun var et bedre menneske enn de aller fleste og vil bli dypt savnet og husket med masse positive minner, sa han til Dagbladet.<\/p>\n<p>    Hvorfor identifiserer Dagbladet J\u00f8rn Andersen?<\/p>\n<ul>\n<li>Allmennheten har et legitimt behov for \u00e5 vite hvem som st\u00e5r bak de aller mest alvorlige kriminelle handlingene i samfunnet v\u00e5rt.<\/li>\n<li>Identifiseringen begrunnes konkret i at siktede tidligere er d\u00f8mt for et overlagt drap p\u00e5 en ung jente og til forvaring for grov mishandling av en annen kvinne. At politiet mener han igjen st\u00e5r bak en sv\u00e6rt alvorlig kriminell handling, har offentlighetens interesse.<\/li>\n<li>N\u00e5r mistenkte identifiseres, kan det bidra til at publikum lettere gir politiet flere n\u00f8dvendige opplysninger. Identifisering bidrar ogs\u00e5 til \u00e5 begrense ryktespredning og spekulasjoner.<\/li>\n<\/ul>\n<p>      Vis mer<br \/>\n      Vis mindre<\/p>\n<p>Ikke forklart seg\t<\/p>\n<p>Det er ingen andre siktede eller mistenkte i saken.\u00a0<\/p>\n<p>&#8211; Det er summen av de opplysningene vi har s\u00e5 langt som danner bakgrunnen for drapssiktelsen. Det er b\u00e5de vitneopplysninger og deres observasjoner, hvilken kjennskap de har hatt til partene fra tidligere, og kriminaltekniske funn, sa Aftret til Dagbladet tidligere mandag.<\/p>\n<p>Andersen har forel\u00f8pig valgt \u00e5 benytte seg av sin rett til \u00e5 ikke forklare seg for politiet. Mannens forsvarer, advokat Fredrik Sch\u00f8ne Brodwall, har heller ikke \u00f8nsket \u00e5 kommentere saken. Det betyr at det er ukjent hvordan han stiller seg til drapssiktelsen &#8211; og hvordan han s\u00e5 p\u00e5 relasjonen til avd\u00f8de.<\/p>\n<p>Mandag ble den avd\u00f8de kvinnen obdusert. Resultatene av den forel\u00f8pige obduksjonsrapporten viser at kvinnen ble utsatt for vold og at skadene hun ble p\u00e5f\u00f8rt, var d\u00f8delige. Politiet \u00f8nsker ikke \u00e5 si noe om hva slags vold hun ble utsatt for, eller om de har tatt beslag i v\u00e5pen eller andre gjenstander som de knytter til drapshandlingen.<\/p>\n<p>        <img loading=\"lazy\" decoding=\"async\" src=\"https:\/\/www.europesays.com\/no\/wp-content\/uploads\/2025\/12\/83988626.webp\" width=\"980\" height=\"559\" title=\"I SORG: Familie, venner og lokalsamfunnet er rystet etter drapet, og det er mange som har lagt ned lys og blomster ved \u00e5stedet. Foto: Marte Nyl\u00f8kken Helseth \/ Dagbladet\" alt=\"\" class=\"\" style=\"--aspect-ratio-image: 1.75; \"\/><\/p>\n<p>\n        I SORG: Familie, venner og lokalsamfunnet er rystet etter drapet, og det er mange som har lagt ned lys og blomster ved \u00e5stedet. Foto: Marte Nyl\u00f8kken Helseth \/ Dagbladet\n    <\/p>\n<p>Dette er siktede\t<\/p>\n<p>Mannen som n\u00e5 er siktet for drapet i Orkdal, ble i april 2000 d\u00f8mt til 14 \u00e5rs fengsel for \u00e5 ha drept ekskj\u00e6resten Linn Charlott Nesblom med kniv \u00e5ret f\u00f8r. Andersen erkjente at at han hadde tatt livet av ekskj\u00e6resten, men nektet for at det var planlagt.<\/p>\n<p>Andersen er ogs\u00e5 domfelt for flere tilfeller av vold mot kvinner han har hatt et kj\u00e6rlighetsforhold til &#8211; blant annet da han var ute p\u00e5 pr\u00f8vel\u00f8slatelse i 2009. I en dom Dagbladet har f\u00e5tt tilgang p\u00e5, st\u00e5r det at han troppet opp i leiligheten til en annen ekskj\u00e6reste uanmeldt, tok kvelertak p\u00e5 henne og truet med \u00e5 drepe henne.<\/p>\n<p>Det f\u00f8rte til at pr\u00f8vel\u00f8slatelsen ble trukket tilbake og at mannen ble d\u00f8mt til forvaring. I 2016 ble han l\u00f8slatt.<\/p>\n<p>Siktede sonet nylig ferdig en promilledom, og slapp ut bare ni dager f\u00f8r han ble p\u00e5grepet igjen og siktet for drap.<\/p>\n<p class=\"italic m-italic\" data-lab-italic=\"italic\">Les mer om mannens straffehistorikk i saken under:<\/p>\n<p>    <a itemprop=\"url\" href=\"https:\/\/www.dagbladet.no\/nyheter\/jorn-andersen-54-siktet-for-drap\/83985378\" rel=\"nofollow noopener\" target=\"_blank\"><\/p>\n<p>        <img loading=\"lazy\" decoding=\"async\" src=\"https:\/\/www.europesays.com\/no\/wp-content\/uploads\/2025\/12\/83985647.webp\" width=\"980\" height=\"441\" title=\"J\u00f8rn Andersen (54) siktet for drap\" alt=\"\" class=\"lazyload\" style=\"--aspect-ratio-image: 2.22; \"\/><\/p>\n<p>        J\u00f8rn Andersen (54) siktet for drap<\/p>\n<p>    <\/a><\/p>\n","protected":false},"excerpt":{"rendered":"Opplysninger til Dagbladet: Fire dager f\u00f8r kvinnen i 30-\u00e5ra ble funnet drept, ble det avholdt et oppvaskm\u00f8te som&hellip;\n","protected":false},"author":2,"featured_media":114477,"comment_status":"","ping_status":"","sticky":false,"template":"","format":"standard","meta":{"footnotes":""},"categories":[10],"tags":[20,21,24,25,15,2539,22,23,13,30,28,29,14,2238,16,26,27],"class_list":{"0":"post-114476","1":"post","2":"type-post","3":"status-publish","4":"format-standard","5":"has-post-thumbnail","7":"category-norge","8":"tag-breaking-news","9":"tag-breakingnews","10":"tag-featured-news","11":"tag-featurednews","12":"tag-headlines","13":"tag-innenriks","14":"tag-latest-news","15":"tag-latestnews","16":"tag-news","17":"tag-no","18":"tag-norge","19":"tag-norway","20":"tag-nyheter","21":"tag-orkland","22":"tag-overskrifter","23":"tag-top-stories","24":"tag-topstories"},"share_on_mastodon":{"url":"https:\/\/pubeurope.com\/@no\/115728608724891224","error":""},"_links":{"self":[{"href":"https:\/\/www.europesays.com\/no\/wp-json\/wp\/v2\/posts\/114476","targetHints":{"allow":["GET"]}}],"collection":[{"href":"https:\/\/www.europesays.com\/no\/wp-json\/wp\/v2\/posts"}],"about":[{"href":"https:\/\/www.europesays.com\/no\/wp-json\/wp\/v2\/types\/post"}],"author":[{"embeddable":true,"href":"https:\/\/www.europesays.com\/no\/wp-json\/wp\/v2\/users\/2"}],"replies":[{"embeddable":true,"href":"https:\/\/www.europesays.com\/no\/wp-json\/wp\/v2\/comments?post=114476"}],"version-history":[{"count":0,"href":"https:\/\/www.europesays.com\/no\/wp-json\/wp\/v2\/posts\/114476\/revisions"}],"wp:featuredmedia":[{"embeddable":true,"href":"https:\/\/www.europesays.com\/no\/wp-json\/wp\/v2\/media\/114477"}],"wp:attachment":[{"href":"https:\/\/www.europesays.com\/no\/wp-json\/wp\/v2\/media?parent=114476"}],"wp:term":[{"taxonomy":"category","embeddable":true,"href":"https:\/\/www.europesays.com\/no\/wp-json\/wp\/v2\/categories?post=114476"},{"taxonomy":"post_tag","embeddable":true,"href":"https:\/\/www.europesays.com\/no\/wp-json\/wp\/v2\/tags?post=114476"}],"curies":[{"name":"wp","href":"https:\/\/api.w.org\/{rel}","templated":true}]}}