{"id":114478,"date":"2025-12-16T09:46:10","date_gmt":"2025-12-16T09:46:10","guid":{"rendered":"https:\/\/www.europesays.com\/no\/114478\/"},"modified":"2025-12-16T09:46:10","modified_gmt":"2025-12-16T09:46:10","slug":"venstre-krever-ukraina-svar-fra-jonas-gahr-store","status":"publish","type":"post","link":"https:\/\/www.europesays.com\/no\/114478\/","title":{"rendered":"Venstre krever Ukraina svar fra Jonas Gahr St\u00f8re"},"content":{"rendered":"\n<p class=\"_lead_o9xde_2 _lead_xtcu6_50 layout-component text-serif-m layout-normal text-serif-l layout-component layout-wide layout-padded _wide_17hqh_1 layout-padded\">Tirsdag formiddag kommer statsminister Jonas Gahr St\u00f8re (Ap) til Stortinget for \u00e5 snakke med partilederne om st\u00f8tten til Ukraina i 2026. <\/p>\n<p><img alt=\"BERLIN-M\u00d8TE: Jonas Gahr St\u00f8re og Finlands president Alexander Stubb var blant deltagerne p\u00e5 et Ukraina-m\u00f8te i Berlin mandag kveld.  Foto: Cornelius Poppe \/ NTB\" class=\"_image_qp4xg_65 layout-component layout-wide\" data-fullscreen- data-track-element-type=\"Article image fullscreen\" data-track-name=\"ImageFullscreen\" fetchpriority=\"high\" decoding=\"sync\" loading=\"eager\" height=\"5214\" itemprop=\"image\"  src=\"https:\/\/www.europesays.com\/no\/wp-content\/uploads\/2025\/12\/dd76c196-406d-4c96-96c2-28779320a683\"  style=\"object-position:0% 0%\" width=\"7822\"\/>BERLIN-M\u00d8TE: Jonas Gahr St\u00f8re og Finlands president Alexander Stubb var blant deltagerne p\u00e5 et Ukraina-m\u00f8te i Berlin mandag kveld.  Foto: Cornelius Poppe \/ NTB<\/p>\n<ul aria-hidden=\"true\" class=\"_images_ntbth_112\">\n<li><a class=\"_link_ntbth_117\" href=\"https:\/\/www.vg.no\/forfatter\/alf-bjarne-johnsen\" style=\"z-index:1\" title=\"Alf Bjarne Johnsen\" rel=\"nofollow noopener\" target=\"_blank\"><img alt=\"Bilde av Alf Bjarne Johnsen\" class=\"_image_ntbth_93\" fetchpriority=\"low\" loading=\"lazy\" decoding=\"async\" itemprop=\"image\"  src=\"https:\/\/www.europesays.com\/no\/wp-content\/uploads\/2025\/12\/1765878369_329_a8952b63-f4d3-424e-ab5c-93e67076c9b0\"  width=\"480\"\/><\/a><\/li>\n<\/ul>\n<p> Oppdatert tirsdag 16. desember kl. 10:28     <\/p>\n<p class=\"_paragraph_o9xde_4 _paragraph_xtcu6_10 layout-component text-serif-m layout-normal text-serif-m layout-padded\">Der vil Venstre-leder Guri Melby be statsministeren om \u00e5 avklare mulig norske bidrag til en stabiliseringsstyrke inne i <a href=\"https:\/\/www.vg.no\/tag\/ukraina?utm_source=vg-article&amp;utm_medium=auto-tagger&amp;utm_campaign=43dpmo\" class=\"_link_o9xde_39\" rel=\"nofollow noopener\" target=\"_blank\">Ukraina<\/a>, om det blir en v\u00e5penhvile eller fredsavtale med Russland i denne runden.<\/p>\n<p class=\"_paragraph_o9xde_4 _paragraph_xtcu6_10 layout-component text-serif-m layout-normal text-serif-m layout-padded\">\u2013 Denne debatten har St\u00f8re hittil avvist, sier Melby til VG.<\/p>\n<p><img decoding=\"async\" alt=\"Bilde av \" class=\"_image_ygndg_42\" height=\"27\" itemprop=\"image\" loading=\"lazy\"  src=\"https:\/\/www.europesays.com\/no\/wp-content\/uploads\/2025\/12\/9bea2047-3a57-4449-9d41-6fd92922b6f3\"  width=\"40\"\/><strong class=\"_name_ygndg_51 title-serif-xs\"\/><\/p>\n<p class=\"_paragraph_o9xde_4 text-sans-m _description_ygndg_56\">Guri Melby <\/p>\n<p class=\"_paragraph_o9xde_4 _paragraph_xtcu6_10 layout-component text-serif-m layout-normal text-serif-m layout-padded\">\u2013 Vi har flere ganger etterlyst en politisk debatt om hva Norge kan bidra med inn i en sikkerhetsgaranti overfor Ukraina. Venstre har sagt at vi er \u00e5pne for \u00e5 bidra, men har ikke konkludert. N\u00e5 m\u00e5 regjeringen melde hva de ser for seg, sier Venstre-lederen.<\/p>\n<p>Ny forpliktelse <\/p>\n<p class=\"_paragraph_o9xde_4 _paragraph_xtcu6_10 layout-component text-serif-m layout-normal text-serif-m layout-padded\">St\u00f8re deltok i  et <a href=\"https:\/\/www.vg.no\/nyheter\/i\/0pE6X6\/witkoff-mye-framgang-i-ukraina-samtaler\" data-track-element-type=\"Link\" data-track-id=\"link:0pE6X6\" class=\"_link_o9xde_39\" rel=\"nofollow noopener\" target=\"_blank\">middagsm\u00f8te i Berlin mandag kveld<\/a> med Ukrainas president Volodymyr Zelenskyj og en rekke europeiske toppledere.<\/p>\n<p class=\"_paragraph_o9xde_4 _paragraph_xtcu6_10 layout-component text-serif-m layout-normal text-serif-m layout-padded\">Etter middagen kom en felles uttalelse fra europeerne \u2013 en uttalelse som St\u00f8re sluttet seg til:<\/p>\n<p class=\"_paragraph_o9xde_4 _paragraph_xtcu6_10 layout-component text-serif-m layout-normal text-serif-m layout-padded\">\u00abB\u00e5de amerikanske og europeiske ledere forpliktet seg til \u00e5 samarbeide for \u00e5 gi robuste sikkerhetsgarantier og st\u00f8ttetiltak for \u00f8konomisk gjenoppretting for Ukraina i forbindelse med en avtale om \u00e5 avslutte krigen\u00bb, uttalte de.<\/p>\n<p class=\"_paragraph_o9xde_4 _paragraph_xtcu6_10 layout-component text-serif-m layout-normal text-serif-m layout-padded\">Uttalelsen var konkret om en europeisk-ledet multinasjonal styrke for Ukraina:<\/p>\n<p class=\"_paragraph_o9xde_4 _paragraph_xtcu6_10 layout-component text-serif-m layout-normal text-serif-m layout-padded\"><strong class=\"_strong_o9xde_25\">Styrken skal best\u00e5 \u00abbidrag fra villige nasjoner innenfor rammen av Koalisjonen av de villige og st\u00f8ttet av USA. Den vil bist\u00e5 i regenereringen av Ukrainas styrker, i \u00e5 sikre Ukrainas luftrom og i \u00e5 st\u00f8tte tryggere hav, blant annet gjennom \u00e5 operere inne i Ukraina\u00bb, skrev St\u00f8re og de andre lederne i uttalelsen.<\/strong><\/p>\n<p>Vil \u00f8ke Nansen-st\u00f8tten <\/p>\n<p class=\"_paragraph_o9xde_4 _paragraph_xtcu6_10 layout-component text-serif-m layout-normal text-serif-m layout-padded\">Melby sier at hun g\u00e5r til m\u00f8tet med St\u00f8re og partilederne klokken 10.30 tirsdag med et konkret forslag om \u00e5 \u00f8ke Nansen-st\u00f8tten til Ukraina i 2026:<\/p>\n<p class=\"_paragraph_o9xde_4 _paragraph_xtcu6_10 layout-component text-serif-m layout-normal text-serif-m layout-padded\">For kort tid siden var partiene p\u00e5 Stortinget med p\u00e5 \u00e5 forskuttere 10,9 milliarder kroner allerede i \u00e5r, fra Ukraina-st\u00f8tten p\u00e5 85 milliarder i 2026. Bakgrunnen var desperate finansielle behov i Ukraina.<\/p>\n<p class=\"_paragraph_o9xde_4 _paragraph_xtcu6_10 layout-component text-serif-m layout-normal text-serif-m layout-padded\">\u2013 Vi tar med oss et forslag om \u00e5 \u00f8ke neste \u00e5rs bevilgning tilsvarende, slik at bel\u00f8pet for 2026 fortsatt skal v\u00e6re 85 milliarder kroner, sier Melby. <\/p>\n","protected":false},"excerpt":{"rendered":"Tirsdag formiddag kommer statsminister Jonas Gahr St\u00f8re (Ap) til Stortinget for \u00e5 snakke med partilederne om st\u00f8tten til&hellip;\n","protected":false},"author":2,"featured_media":114479,"comment_status":"","ping_status":"","sticky":false,"template":"","format":"standard","meta":{"footnotes":""},"categories":[5],"tags":[20,21,24,25,1099,15,19,201,22,23,17,18,13,30,28,281,29,14,16,26,27,489,1098,205],"class_list":{"0":"post-114478","1":"post","2":"type-post","3":"status-publish","4":"format-standard","5":"has-post-thumbnail","7":"category-overskrifter","8":"tag-breaking-news","9":"tag-breakingnews","10":"tag-featured-news","11":"tag-featurednews","12":"tag-guri-melby","13":"tag-headlines","14":"tag-hovedoppslag","15":"tag-jonas-gahr-store","16":"tag-latest-news","17":"tag-latestnews","18":"tag-main-news","19":"tag-mainnews","20":"tag-news","21":"tag-no","22":"tag-norge","23":"tag-norsk-politikk","24":"tag-norway","25":"tag-nyheter","26":"tag-overskrifter","27":"tag-top-stories","28":"tag-topstories","29":"tag-ukraina","30":"tag-venstre-v","31":"tag-vgsamfunn"},"share_on_mastodon":{"url":"https:\/\/pubeurope.com\/@no\/115728612550857206","error":""},"_links":{"self":[{"href":"https:\/\/www.europesays.com\/no\/wp-json\/wp\/v2\/posts\/114478","targetHints":{"allow":["GET"]}}],"collection":[{"href":"https:\/\/www.europesays.com\/no\/wp-json\/wp\/v2\/posts"}],"about":[{"href":"https:\/\/www.europesays.com\/no\/wp-json\/wp\/v2\/types\/post"}],"author":[{"embeddable":true,"href":"https:\/\/www.europesays.com\/no\/wp-json\/wp\/v2\/users\/2"}],"replies":[{"embeddable":true,"href":"https:\/\/www.europesays.com\/no\/wp-json\/wp\/v2\/comments?post=114478"}],"version-history":[{"count":0,"href":"https:\/\/www.europesays.com\/no\/wp-json\/wp\/v2\/posts\/114478\/revisions"}],"wp:featuredmedia":[{"embeddable":true,"href":"https:\/\/www.europesays.com\/no\/wp-json\/wp\/v2\/media\/114479"}],"wp:attachment":[{"href":"https:\/\/www.europesays.com\/no\/wp-json\/wp\/v2\/media?parent=114478"}],"wp:term":[{"taxonomy":"category","embeddable":true,"href":"https:\/\/www.europesays.com\/no\/wp-json\/wp\/v2\/categories?post=114478"},{"taxonomy":"post_tag","embeddable":true,"href":"https:\/\/www.europesays.com\/no\/wp-json\/wp\/v2\/tags?post=114478"}],"curies":[{"name":"wp","href":"https:\/\/api.w.org\/{rel}","templated":true}]}}