{"id":114488,"date":"2025-12-16T09:56:20","date_gmt":"2025-12-16T09:56:20","guid":{"rendered":"https:\/\/www.europesays.com\/no\/114488\/"},"modified":"2025-12-16T09:56:20","modified_gmt":"2025-12-16T09:56:20","slug":"nettleie-elavgiften-na-blir-nettleien-billigere-reduksjonen-er-pa-45-140-kroner-i-maneden","status":"publish","type":"post","link":"https:\/\/www.europesays.com\/no\/114488\/","title":{"rendered":"Nettleie, Elavgiften | N\u00e5 blir nettleien billigere: \u2013 Reduksjonen er p\u00e5 45\u2013140 kroner i m\u00e5neden"},"content":{"rendered":"\n<p>En gjennomsnittskunde vil spare om lag tusen kroner i \u00e5ret n\u00e5r elavgiften kuttes til til 7,13 \u00f8re fra nytt\u00e5r. Dette blir andre gang siden 1. oktober vi f\u00e5r et kutt. Den gangen gikk elavgiften fra 16,93 \u00f8re til 12,53 \u00f8re per kWh.<\/p>\n<p>Samtidig er dette h\u00f8yere enn regjeringen \u00f8nsket. I sitt budsjettforslag ville de ha elavgift p\u00e5 4,18, noe som ble justert opp etter forhandlingene mellom regjeringen og samarbeidspartiene om statsbudsjettet for 2026.<\/p>\n<p>\u2013 De siste \u00e5rene har mye blitt dyrere for folk, derfor er det gledelig at nettleien g\u00e5r ned som f\u00f8lge av Stortingets kutt i elavgiften, sier Anne Sagstuen Nys\u00e6ther, administrerende direkt\u00f8r i nettselskapet Elvia i en pressemelding.<\/p>\n<p>  <a href=\"https:\/\/www.nationen.no\/5-148-831969\" class=\"related-teaser has-image default-story-teaser article--c-eRUmMG article--c-eRUmMG-jKCPdD-design-default\" rel=\"nofollow noopener\" target=\"_blank\"><\/p>\n<p>    <img decoding=\"async\" loading=\"lazy\"  src=\"https:\/\/www.europesays.com\/no\/wp-content\/uploads\/2025\/12\/1765878979_847_cueres_scp-mangler_navn_medROaufD9g.jpg\" alt=\"\" class=\"brick-c-cFOWSL\" style=\"\"\/><\/p>\n<p>\n            Les ogs\u00e5<\/p>\n<p>              Norgespris: N\u00e5 f\u00e5r hundretusener penger tilbake\n        <\/p>\n<p>  <\/a><br \/>\n  B\u00f8ter p\u00e5 \u00f8kt nettleie<\/p>\n<p>Kuttet kommer som en ren konsekvens av at nettleien i seg selv vil \u00f8ke i \u00e5rene fremover. Grunnen er store behov for \u00e5 ruste opp dagens str\u00f8mnett.<\/p>\n<p>\u2013 Nettleien vil \u00f8ke fram mot 2030 da nettselskapene m\u00e5 \u00f8ke kapasiteten i nettet gjennom nettbygging, men n\u00e5 g\u00e5r nettleien ned, noe som er positivt for folk.<\/p>\n<p>NVE anslo i fjor at nettleien i gjennomsnitt vil \u00f8ke med cirka 23\u201325 prosent fra 2024 til 2030. Det gir en \u00e5rlig \u00f8kning p\u00e5 omtrent 1500 kroner for en gjennomsnittsforbruker. For 2026 har NVE godkjent en \u00f8kning p\u00e5 omtrent 3,6 prosent.<\/p>\n<p>Den store forskjellen p\u00e5 den nye elavgiften er at man g\u00e5r fra en lavere elavgift om vinteren, til \u00e5 ha samme pris hele \u00e5ret. Elavgift er en del av nettleien, og er penger starten tar per kWt du bruker i str\u00f8m. Nettleie er det du betaler for \u00e5 f\u00e5 fraktet str\u00f8mmen hjem til deg. Nettleia dekker alle kostnader til utbygging, drift, overv\u00e5king og vedlikehold av str\u00f8mnettet.<\/p>\n<p>  <a href=\"https:\/\/www.nationen.no\/5-148-824363\" class=\"related-teaser has-image default-story-teaser article--c-eRUmMG article--c-eRUmMG-jKCPdD-design-default\" rel=\"nofollow noopener\" target=\"_blank\"><\/p>\n<p>    <img decoding=\"async\" loading=\"lazy\"  src=\"https:\/\/www.europesays.com\/no\/wp-content\/uploads\/2025\/12\/cueres_scp-mangler_navn_UeLPCAwl6KM.jpg\" alt=\"\" class=\"brick-c-cFOWSL\" style=\"\"\/><\/p>\n<p>\n            Les ogs\u00e5<\/p>\n<p>              Norge m\u00e5 endre str\u00f8mmarkedet etter EU-kritikk \u2013 dette er forslaget\n        <\/p>\n<p>  <\/a><br \/>\n  540 til 1688 kroner<\/p>\n<p>Elvia er Norges st\u00f8rste nettselskap, og leverer str\u00f8m til kunder i Akershus, \u00d8stfold, Oslo, og Innlandet. De har sett p\u00e5 hvordan det vil sl\u00e5 ut for nettkundene n\u00e5r avgiften kuttes. For en liten bolig som bruker 8000 kWt i \u00e5ret, vil kuttet v\u00e6re p\u00e5 540 kroner neste \u00e5r. St\u00f8rre husholdninger med 25.000 kWt i forbruk vil kunne f\u00e5 et kutt p\u00e5 1,688 kroner.<\/p>\n<p>Tar man med kuttet i oktober, ser endringen slik ut:<\/p>\n<p>  <a href=\"https:\/\/www.nationen.no\/5-148-824360\" class=\"related-teaser has-image default-story-teaser article--c-eRUmMG article--c-eRUmMG-jKCPdD-design-default\" rel=\"nofollow noopener\" target=\"_blank\"><\/p>\n<p>    <img decoding=\"async\" loading=\"lazy\"  src=\"https:\/\/www.europesays.com\/no\/wp-content\/uploads\/2025\/12\/kraftlinjer+strm+hyspentmast+strmpris.bin\" alt=\"\" class=\"brick-c-cFOWSL\" style=\"\"\/><\/p>\n<p>\n            Les ogs\u00e5<\/p>\n<p>              N\u00e5 vil prisen p\u00e5 nettleie \u00f8ke\n        <\/p>\n<p>  <\/a><\/p>\n","protected":false},"excerpt":{"rendered":"En gjennomsnittskunde vil spare om lag tusen kroner i \u00e5ret n\u00e5r elavgiften kuttes til til 7,13 \u00f8re fra&hellip;\n","protected":false},"author":2,"featured_media":114489,"comment_status":"","ping_status":"","sticky":false,"template":"","format":"standard","meta":{"footnotes":""},"categories":[5],"tags":[36,20,21,4275,24,25,15,19,22,23,17,18,10212,7270,13,30,28,29,14,16,1510,243,13920,26,27],"class_list":{"0":"post-114488","1":"post","2":"type-post","3":"status-publish","4":"format-standard","5":"has-post-thumbnail","7":"category-overskrifter","8":"tag-art","9":"tag-breaking-news","10":"tag-breakingnews","11":"tag-elavgiften","12":"tag-featured-news","13":"tag-featurednews","14":"tag-headlines","15":"tag-hovedoppslag","16":"tag-latest-news","17":"tag-latestnews","18":"tag-main-news","19":"tag-mainnews","20":"tag-nett","21":"tag-nettleie","22":"tag-news","23":"tag-no","24":"tag-norge","25":"tag-norway","26":"tag-nyheter","27":"tag-overskrifter","28":"tag-story","29":"tag-strom","30":"tag-stromnett","31":"tag-top-stories","32":"tag-topstories"},"share_on_mastodon":{"url":"https:\/\/pubeurope.com\/@no\/115728651791730450","error":""},"_links":{"self":[{"href":"https:\/\/www.europesays.com\/no\/wp-json\/wp\/v2\/posts\/114488","targetHints":{"allow":["GET"]}}],"collection":[{"href":"https:\/\/www.europesays.com\/no\/wp-json\/wp\/v2\/posts"}],"about":[{"href":"https:\/\/www.europesays.com\/no\/wp-json\/wp\/v2\/types\/post"}],"author":[{"embeddable":true,"href":"https:\/\/www.europesays.com\/no\/wp-json\/wp\/v2\/users\/2"}],"replies":[{"embeddable":true,"href":"https:\/\/www.europesays.com\/no\/wp-json\/wp\/v2\/comments?post=114488"}],"version-history":[{"count":0,"href":"https:\/\/www.europesays.com\/no\/wp-json\/wp\/v2\/posts\/114488\/revisions"}],"wp:featuredmedia":[{"embeddable":true,"href":"https:\/\/www.europesays.com\/no\/wp-json\/wp\/v2\/media\/114489"}],"wp:attachment":[{"href":"https:\/\/www.europesays.com\/no\/wp-json\/wp\/v2\/media?parent=114488"}],"wp:term":[{"taxonomy":"category","embeddable":true,"href":"https:\/\/www.europesays.com\/no\/wp-json\/wp\/v2\/categories?post=114488"},{"taxonomy":"post_tag","embeddable":true,"href":"https:\/\/www.europesays.com\/no\/wp-json\/wp\/v2\/tags?post=114488"}],"curies":[{"name":"wp","href":"https:\/\/api.w.org\/{rel}","templated":true}]}}