{"id":114492,"date":"2025-12-16T10:04:09","date_gmt":"2025-12-16T10:04:09","guid":{"rendered":"https:\/\/www.europesays.com\/no\/114492\/"},"modified":"2025-12-16T10:04:09","modified_gmt":"2025-12-16T10:04:09","slug":"toppene-i-flytrafikken-blir-19-desember-og-4-januar","status":"publish","type":"post","link":"https:\/\/www.europesays.com\/no\/114492\/","title":{"rendered":"Toppene i flytrafikken blir 19. desember og 4. januar"},"content":{"rendered":"\n<p class=\"_lead_o9xde_2 _lead_xtcu6_50 layout-component text-serif-m layout-normal text-serif-l layout-component layout-wide layout-padded _wide_17hqh_1 layout-padded\">Over 125.000 passasjerer kommer til \u00e5 reise via landets fire st\u00f8rste flyplasser fredag 19. desember og s\u00f8ndag 4. januar. Dette blir dermed trafikktoppene.<\/p>\n<p><img alt=\"HJEM TIL JUL: Men det skulle ikke disse passasjerne, de var mer i sommerferiemodus siden er tatt  i juli 2022. Foto: Gabriel Aas Sk\u00e5levik \/ VG\" class=\"_image_qp4xg_65 layout-component layout-wide\" data-fullscreen- data-track-element-type=\"Article image fullscreen\" data-track-name=\"ImageFullscreen\" fetchpriority=\"high\" decoding=\"sync\" loading=\"eager\" height=\"4480\" itemprop=\"image\"  src=\"https:\/\/www.europesays.com\/no\/wp-content\/uploads\/2025\/12\/831d584b-4677-4130-a80e-a4cf3d46fe47\"  style=\"object-position:0% 0%\" width=\"6720\"\/>HJEM TIL JUL: Men det skulle ikke disse passasjerne, de var mer i sommerferiemodus siden er tatt  i juli 2022. Foto: Gabriel Aas Sk\u00e5levik \/ VG<\/p>\n<ul aria-hidden=\"true\" class=\"_images_ntbth_112\">\n<li><a class=\"_link_ntbth_117\" href=\"https:\/\/www.vg.no\/forfatter\/ntb\" style=\"z-index:1\" title=\"NTB\" rel=\"nofollow noopener\" target=\"_blank\"><img alt=\"Bilde av NTB\" class=\"_image_ntbth_93\" fetchpriority=\"low\" loading=\"lazy\" decoding=\"async\" itemprop=\"image\"  src=\"https:\/\/www.europesays.com\/no\/wp-content\/uploads\/2025\/12\/1765879449_105_c33980b0-5d07-4027-84a1-813f90a7c8d6\"  width=\"480\"\/><\/a><\/li>\n<\/ul>\n<p> Oppdatert tirsdag 16. desember kl. 10:22     <\/p>\n<p class=\"_paragraph_o9xde_4 _paragraph_xtcu6_10 layout-component text-serif-m layout-normal text-serif-m layout-padded\"> If\u00f8lge <a href=\"https:\/\/kommunikasjon.ntb.no\/pressemelding\/18751581\/na-starter-juletrafikken-pa-norske-flyplasser?publisherId=17421123&amp;lang=no\" class=\"_link_o9xde_39\" rel=\"nofollow noopener\" target=\"_blank\">Avinor<\/a> ventes det til sammen 1.765.481 reisende via Oslo, Stavanger, Bergen og Trondheim mellom 17. desember og 4. januar.<\/p>\n<p class=\"_paragraph_o9xde_4 _paragraph_xtcu6_10 layout-component text-serif-m layout-normal text-serif-m layout-padded\">\u2013 Vi \u00f8nsker \u00e5 gi alle reisende en god start p\u00e5 juleferien. Med ekstra mannskap p\u00e5 plass, st\u00e5r vi klare for \u00e5rets siste, store reiseb\u00f8lge, som i \u00e5r starter en hel uke f\u00f8r selve julaften, sier Thorgeir Landevaag, konserndirekt\u00f8r med ansvar for de fire flyplassene.<\/p>\n<p class=\"_paragraph_o9xde_4 _paragraph_xtcu6_10 layout-component text-serif-m layout-normal text-serif-m layout-padded\">Totalt skal 2,2 millioner passasjerer reise via Avinors flyplasser i l\u00f8pet av juleferien. <\/p>\n<p class=\"_paragraph_o9xde_4 _paragraph_xtcu6_10 layout-component text-serif-m layout-normal text-serif-m layout-padded\">Allerede fra 17. desember begynner trafikken \u00e5 ta seg opp, og det ventes mange passasjerer hver dag heretter til og med lille julaften. P\u00e5 julaften roer det seg, men det er fortsatt noen som flyr selv da.<\/p>\n<p class=\"_paragraph_o9xde_4 _paragraph_xtcu6_10 layout-component text-serif-m layout-normal text-serif-m layout-padded\">Konserndirekt\u00f8ren oppfordrer alle til \u00e5 sjekke at de har alle reisedokumenter og kjenner flyselskapets regler i forkant \u2013 for \u00e5 spare ventetid.<\/p>\n<p class=\"_paragraph_o9xde_4 _paragraph_xtcu6_10 layout-component text-serif-m layout-normal text-serif-m layout-padded\">Gaver er ogs\u00e5 verdt \u00e5 tenke spesielt p\u00e5 n\u00e5r man reiser.<\/p>\n<p class=\"_paragraph_o9xde_4 _paragraph_xtcu6_10 layout-component text-serif-m layout-normal text-serif-m layout-padded\">\u2013 Hvert \u00e5r ser vi dessverre at enkelte pakkefeil g\u00e5r igjen, og det er kjedelig for b\u00e5de reisende og sikkerhetskontroll\u00f8rer \u00e5 m\u00e5tte pakke om eller fjerne gaver. Husk at julegaver ikke er unntatt fra reglene, understreker Landevaag.<\/p>\n","protected":false},"excerpt":{"rendered":"Over 125.000 passasjerer kommer til \u00e5 reise via landets fire st\u00f8rste flyplasser fredag 19. desember og s\u00f8ndag 4.&hellip;\n","protected":false},"author":2,"featured_media":114493,"comment_status":"","ping_status":"","sticky":false,"template":"","format":"standard","meta":{"footnotes":""},"categories":[10],"tags":[20,21,24,25,15,22,23,13,30,28,29,14,16,26,27],"class_list":{"0":"post-114492","1":"post","2":"type-post","3":"status-publish","4":"format-standard","5":"has-post-thumbnail","7":"category-norge","8":"tag-breaking-news","9":"tag-breakingnews","10":"tag-featured-news","11":"tag-featurednews","12":"tag-headlines","13":"tag-latest-news","14":"tag-latestnews","15":"tag-news","16":"tag-no","17":"tag-norge","18":"tag-norway","19":"tag-nyheter","20":"tag-overskrifter","21":"tag-top-stories","22":"tag-topstories"},"share_on_mastodon":{"url":"https:\/\/pubeurope.com\/@no\/115728683402624874","error":""},"_links":{"self":[{"href":"https:\/\/www.europesays.com\/no\/wp-json\/wp\/v2\/posts\/114492","targetHints":{"allow":["GET"]}}],"collection":[{"href":"https:\/\/www.europesays.com\/no\/wp-json\/wp\/v2\/posts"}],"about":[{"href":"https:\/\/www.europesays.com\/no\/wp-json\/wp\/v2\/types\/post"}],"author":[{"embeddable":true,"href":"https:\/\/www.europesays.com\/no\/wp-json\/wp\/v2\/users\/2"}],"replies":[{"embeddable":true,"href":"https:\/\/www.europesays.com\/no\/wp-json\/wp\/v2\/comments?post=114492"}],"version-history":[{"count":0,"href":"https:\/\/www.europesays.com\/no\/wp-json\/wp\/v2\/posts\/114492\/revisions"}],"wp:featuredmedia":[{"embeddable":true,"href":"https:\/\/www.europesays.com\/no\/wp-json\/wp\/v2\/media\/114493"}],"wp:attachment":[{"href":"https:\/\/www.europesays.com\/no\/wp-json\/wp\/v2\/media?parent=114492"}],"wp:term":[{"taxonomy":"category","embeddable":true,"href":"https:\/\/www.europesays.com\/no\/wp-json\/wp\/v2\/categories?post=114492"},{"taxonomy":"post_tag","embeddable":true,"href":"https:\/\/www.europesays.com\/no\/wp-json\/wp\/v2\/tags?post=114492"}],"curies":[{"name":"wp","href":"https:\/\/api.w.org\/{rel}","templated":true}]}}