{"id":114505,"date":"2025-12-16T10:20:08","date_gmt":"2025-12-16T10:20:08","guid":{"rendered":"https:\/\/www.europesays.com\/no\/114505\/"},"modified":"2025-12-16T10:20:08","modified_gmt":"2025-12-16T10:20:08","slug":"tilsyn-har-avdekket-grove-brudd-i-kjottbransjen","status":"publish","type":"post","link":"https:\/\/www.europesays.com\/no\/114505\/","title":{"rendered":"Tilsyn har avdekket grove brudd i kj\u00f8ttbransjen"},"content":{"rendered":"<p data-testid=\"textWithMarkup-text\" data-v-81d7dc2b=\"\" data-v-62d58f52=\"\">Kj\u00f8ttbransjen utgj\u00f8r en risiko for arbeidslivskriminalitet, skriver A-krimsenteret i en pressemelding. <\/p>\n<p data-testid=\"textWithMarkup-text\" data-v-81d7dc2b=\"\" data-v-62d58f52=\"\">\u2013 Vi har avdekket ulovlig arbeidskraft og s\u00e5rbare personer som utnyttes og presses til \u00e5 jobbe under d\u00e5rlige arbeidsforhold. Vi ser ogs\u00e5 at det unndras skatter og avgifter, at det er betydelige HMS-brudd og at bransjen har problemer med \u00e5 oppfylle kravene til matsikkerhet og hygiene, sier senterleder Gro Smogeli. <\/p>\n<p data-testid=\"textWithMarkup-text\" data-v-81d7dc2b=\"\" data-v-62d58f52=\"\">Ved den siste kontrollen i oktober fattet Mattilsynet hastevedtak om stenging av en virksomhet og omsetningsforbud p\u00e5 grunn av sv\u00e6rt d\u00e5rlig renhold og manglende kompetanse. De varslet ogs\u00e5 destruksjon av cirka 200 kg kj\u00f8tt og kj\u00f8ttprodukter som hadde blitt h\u00e5ndtert og lagret under uhygieniske forhold, og ved for h\u00f8ye temperaturer. Virksomheten ble gjen\u00e5pnet etter \u00e5 ha etterkommet vedtak.<\/p>\n<p data-testid=\"textWithMarkup-text\" data-v-81d7dc2b=\"\" data-v-62d58f52=\"\">Ved samme kontroll anmeldte politiet en arbeidstaker for ulovlig arbeid, fordi personen var asyls\u00f8ker uten arbeidstillatelse. Arbeidsgiveren ble anmeldt for bruk av ulovlig arbeidskraft for andre gang, forrige gang fikk han et forelegg p\u00e5 95.000 kroner. <\/p>\n<p data-testid=\"textWithMarkup-text\" data-v-81d7dc2b=\"\" data-v-62d58f52=\"\">Skatteetaten, Arbeidstilsynet og Nav avdekket ogs\u00e5 mangler under tilsynet. <\/p>\n","protected":false},"excerpt":{"rendered":"Kj\u00f8ttbransjen utgj\u00f8r en risiko for arbeidslivskriminalitet, skriver A-krimsenteret i en pressemelding. \u2013 Vi har avdekket ulovlig arbeidskraft og&hellip;\n","protected":false},"author":2,"featured_media":114506,"comment_status":"","ping_status":"","sticky":false,"template":"","format":"standard","meta":{"footnotes":""},"categories":[10],"tags":[20,21,24,25,15,22,23,13,30,28,29,14,16,26,27],"class_list":{"0":"post-114505","1":"post","2":"type-post","3":"status-publish","4":"format-standard","5":"has-post-thumbnail","7":"category-norge","8":"tag-breaking-news","9":"tag-breakingnews","10":"tag-featured-news","11":"tag-featurednews","12":"tag-headlines","13":"tag-latest-news","14":"tag-latestnews","15":"tag-news","16":"tag-no","17":"tag-norge","18":"tag-norway","19":"tag-nyheter","20":"tag-overskrifter","21":"tag-top-stories","22":"tag-topstories"},"share_on_mastodon":{"url":"https:\/\/pubeurope.com\/@no\/115728746092927863","error":""},"_links":{"self":[{"href":"https:\/\/www.europesays.com\/no\/wp-json\/wp\/v2\/posts\/114505","targetHints":{"allow":["GET"]}}],"collection":[{"href":"https:\/\/www.europesays.com\/no\/wp-json\/wp\/v2\/posts"}],"about":[{"href":"https:\/\/www.europesays.com\/no\/wp-json\/wp\/v2\/types\/post"}],"author":[{"embeddable":true,"href":"https:\/\/www.europesays.com\/no\/wp-json\/wp\/v2\/users\/2"}],"replies":[{"embeddable":true,"href":"https:\/\/www.europesays.com\/no\/wp-json\/wp\/v2\/comments?post=114505"}],"version-history":[{"count":0,"href":"https:\/\/www.europesays.com\/no\/wp-json\/wp\/v2\/posts\/114505\/revisions"}],"wp:featuredmedia":[{"embeddable":true,"href":"https:\/\/www.europesays.com\/no\/wp-json\/wp\/v2\/media\/114506"}],"wp:attachment":[{"href":"https:\/\/www.europesays.com\/no\/wp-json\/wp\/v2\/media?parent=114505"}],"wp:term":[{"taxonomy":"category","embeddable":true,"href":"https:\/\/www.europesays.com\/no\/wp-json\/wp\/v2\/categories?post=114505"},{"taxonomy":"post_tag","embeddable":true,"href":"https:\/\/www.europesays.com\/no\/wp-json\/wp\/v2\/tags?post=114505"}],"curies":[{"name":"wp","href":"https:\/\/api.w.org\/{rel}","templated":true}]}}