{"id":114511,"date":"2025-12-16T10:27:11","date_gmt":"2025-12-16T10:27:11","guid":{"rendered":"https:\/\/www.europesays.com\/no\/114511\/"},"modified":"2025-12-16T10:27:11","modified_gmt":"2025-12-16T10:27:11","slug":"snoen-ga-etter-lastebil-ligger-pa-taket-i-lysloype","status":"publish","type":"post","link":"https:\/\/www.europesays.com\/no\/114511\/","title":{"rendered":"Sn\u00f8en ga etter \u2013 lastebil ligger p\u00e5 taket i lysl\u00f8ype"},"content":{"rendered":"<p>Saken oppdateres.<\/p>\n<p>En lastebil har veltet og ligger n\u00e5 p\u00e5 taket utenfor vegen like ved Sunnan i Steinkjer.<\/p>\n<p>Politiet meldte om lastebilvelten klokka 08.59, etter selv \u00e5 ha f\u00e5tt melding om det.<\/p>\n<p>\u2013 Politiet er p\u00e5 stedet, opplyser Steinkjer24s reporter p\u00e5 stedet like f\u00f8r klokka halv ni.<\/p>\n<p>Skulle passere bil<\/p>\n<p>Politibetjent Ingeborg Benum forteller hva som skjedde p\u00e5 Leinsvegen.<\/p>\n<p>\u2013 Det er en lastebil som kj\u00f8rt her p\u00e5 Leinsvegen. S\u00e5 har det kommet en personbil i mot. Personbil stanset slik at lastebilen skulle f\u00e5 kj\u00f8re forbi, forteller Benum og forklarer videre:<\/p>\n<p>\u2013 Lastebilen har kj\u00f8rt forbi i lav hastighet. Det er ganske smal vei her, og s\u00e5 er det br\u00f8ytet og lastebilen har kommet litt for langt ut p\u00e5 siden i br\u00f8ytekanten. Sn\u00f8en har gitt etter. Og s\u00e5 er det litt vekt her, s\u00e5 hele lastebilen har bare blitt med og havnet p\u00e5 taket.<\/p>\n<p>Uskadd<\/p>\n<p>\u2013 Sj\u00e5f\u00f8ren er uskadd.<\/p>\n<p>\u2013 Hva kan du si om f\u00f8ret her?<\/p>\n<p>\u2013 Det er litt glatt her, men ikke det som er problemet. Det er br\u00f8ytekanten, rett og slett.<\/p>\n<p><img decoding=\"async\" src=\"data:image\/gif;base64,R0lGODlhEAAJAIAAAP\/\/\/wAAACH5BAEAAAAALAAAAAAQAAkAAAIKhI+py+0Po5yUFQA7\" alt=\"\"\/><br \/>\n  Lastebilen har havnet p\u00e5 taket p\u00e5 veien mellom Sunnan og Binde.<br \/>\n  <strong>Foto:<\/strong> Johannes S\u00e6heim Pedersen<\/p>\n<p>Bergingsbil hadde ogs\u00e5 ankommet stedet. Men oppdraget skal v\u00e6re s\u00e5pass omfattende at det m\u00e5 rekvireres en st\u00f8rre bergingsbil.<\/p>\n<p>\u2013 Det er ikke meldt om personskade, opplyste operasjonsleder Kirsten Haugen Bergstr\u00f8m allerede i f\u00f8rste meldingen fra politiet.<\/p>\n<p><img decoding=\"async\" src=\"data:image\/gif;base64,R0lGODlhEAAJAIAAAP\/\/\/wAAACH5BAEAAAAALAAAAAAQAAkAAAIKhI+py+0Po5yUFQA7\" alt=\"\"\/> <\/p>\n<p>  <strong>Foto:<\/strong> Johannes S\u00e6heim Pedersen<\/p>\n","protected":false},"excerpt":{"rendered":"Saken oppdateres. En lastebil har veltet og ligger n\u00e5 p\u00e5 taket utenfor vegen like ved Sunnan i Steinkjer.&hellip;\n","protected":false},"author":2,"featured_media":114512,"comment_status":"","ping_status":"","sticky":false,"template":"","format":"standard","meta":{"footnotes":""},"categories":[10],"tags":[20,21,24,25,15,22,23,13,30,28,29,14,16,26,27],"class_list":{"0":"post-114511","1":"post","2":"type-post","3":"status-publish","4":"format-standard","5":"has-post-thumbnail","7":"category-norge","8":"tag-breaking-news","9":"tag-breakingnews","10":"tag-featured-news","11":"tag-featurednews","12":"tag-headlines","13":"tag-latest-news","14":"tag-latestnews","15":"tag-news","16":"tag-no","17":"tag-norge","18":"tag-norway","19":"tag-nyheter","20":"tag-overskrifter","21":"tag-top-stories","22":"tag-topstories"},"share_on_mastodon":{"url":"https:\/\/pubeurope.com\/@no\/115728773610256685","error":""},"_links":{"self":[{"href":"https:\/\/www.europesays.com\/no\/wp-json\/wp\/v2\/posts\/114511","targetHints":{"allow":["GET"]}}],"collection":[{"href":"https:\/\/www.europesays.com\/no\/wp-json\/wp\/v2\/posts"}],"about":[{"href":"https:\/\/www.europesays.com\/no\/wp-json\/wp\/v2\/types\/post"}],"author":[{"embeddable":true,"href":"https:\/\/www.europesays.com\/no\/wp-json\/wp\/v2\/users\/2"}],"replies":[{"embeddable":true,"href":"https:\/\/www.europesays.com\/no\/wp-json\/wp\/v2\/comments?post=114511"}],"version-history":[{"count":0,"href":"https:\/\/www.europesays.com\/no\/wp-json\/wp\/v2\/posts\/114511\/revisions"}],"wp:featuredmedia":[{"embeddable":true,"href":"https:\/\/www.europesays.com\/no\/wp-json\/wp\/v2\/media\/114512"}],"wp:attachment":[{"href":"https:\/\/www.europesays.com\/no\/wp-json\/wp\/v2\/media?parent=114511"}],"wp:term":[{"taxonomy":"category","embeddable":true,"href":"https:\/\/www.europesays.com\/no\/wp-json\/wp\/v2\/categories?post=114511"},{"taxonomy":"post_tag","embeddable":true,"href":"https:\/\/www.europesays.com\/no\/wp-json\/wp\/v2\/tags?post=114511"}],"curies":[{"name":"wp","href":"https:\/\/api.w.org\/{rel}","templated":true}]}}