{"id":114521,"date":"2025-12-16T10:40:18","date_gmt":"2025-12-16T10:40:18","guid":{"rendered":"https:\/\/www.europesays.com\/no\/114521\/"},"modified":"2025-12-16T10:40:18","modified_gmt":"2025-12-16T10:40:18","slug":"bryne-treneren-er-ferdig-etter-nedrykket","status":"publish","type":"post","link":"https:\/\/www.europesays.com\/no\/114521\/","title":{"rendered":"Bryne-treneren er ferdig etter nedrykket"},"content":{"rendered":"\n<p class=\"_lead_o9xde_2 _lead_xtcu6_50 layout-component text-serif-m layout-normal text-serif-l layout-component layout-wide layout-padded _wide_17hqh_1 layout-padded\">Kevin Knappen hadde egentlig kontrakt ett \u00e5r til.<\/p>\n<p><img alt=\" Foto: Svein Ove Ekornesv\u00e5g \/ NTB\" class=\"_image_qp4xg_65 layout-component layout-wide\" data-fullscreen- data-track-element-type=\"Article image fullscreen\" data-track-name=\"ImageFullscreen\" fetchpriority=\"high\" decoding=\"sync\" loading=\"eager\" height=\"4000\" itemprop=\"image\"  src=\"https:\/\/www.europesays.com\/no\/wp-content\/uploads\/2025\/12\/522a2b9c-4e64-455a-98c8-d4fcc9b08395\"  style=\"object-position:0% 0%\" width=\"6000\"\/> Foto: Svein Ove Ekornesv\u00e5g \/ NTB<\/p>\n<ul aria-hidden=\"true\" class=\"_images_ntbth_112\">\n<li><a class=\"_link_ntbth_117\" href=\"https:\/\/www.vg.no\/forfatter\/oeyvind-herrebroeden\" style=\"z-index:1\" title=\"\u00d8yvind Herrebr\u00f8den\" rel=\"nofollow noopener\" target=\"_blank\"><img alt=\"Bilde av \u00d8yvind Herrebr\u00f8den\" class=\"_image_ntbth_93\" fetchpriority=\"low\" loading=\"lazy\" decoding=\"async\" itemprop=\"image\"  src=\"https:\/\/www.europesays.com\/no\/wp-content\/uploads\/2025\/12\/1765881618_838_8bb7c2c0-7083-4b77-a732-7b476449021f\"  width=\"480\"\/><\/a><\/li>\n<\/ul>\n<p> Oppdatert tirsdag 16. desember kl. 11:19     <\/p>\n<p class=\"_paragraph_o9xde_4 _paragraph_xtcu6_10 layout-component text-serif-m layout-normal text-serif-m layout-padded\">Det bekrefter <a href=\"https:\/\/www.brynefk.no\/nyheter\/bryne-og-kevin-knappen-skiller-lag\" class=\"_link_o9xde_39\" rel=\"nofollow noopener\" target=\"_blank\">klubben<\/a> selv tirsdag formiddag. Knappen har trent Bryne siden 2022-sesongen og tok klubben til <a href=\"https:\/\/www.vg.no\/tag\/eliteserien?utm_source=vg-article&amp;utm_medium=auto-tagger&amp;utm_campaign=Exo1X3\" class=\"_link_o9xde_39\" rel=\"nofollow noopener\" target=\"_blank\">Eliteserien<\/a> h\u00f8sten 2024.<\/p>\n<p class=\"_paragraph_o9xde_4 _paragraph_xtcu6_10 layout-component text-serif-m layout-normal text-serif-m layout-padded\">De maktet ikke \u00e5 holde plassen i 2025. J\u00e6rbuene styrte unna direkte nedrykk, men m\u00e5tte ned igjen til Obosligaen etter \u00e5 ha tapt klart for Kjetil Rekdal og Aalesund i kvalifiseringen.<\/p>\n<p class=\"_paragraph_o9xde_4 _paragraph_xtcu6_10 layout-component text-serif-m layout-normal text-serif-m layout-padded\">\u2013 Med utgangspunkt i en totalvurdering av hva som er det beste for b\u00e5de klubben og Kevin fremover, s\u00e5 er vi enige om at vi avslutter samarbeidet n\u00e5, sier daglig leder Hans-\u00d8yvind Sagen i Bryne.<\/p>\n<p class=\"_paragraph_o9xde_4 _paragraph_xtcu6_10 layout-component text-serif-m layout-normal text-serif-m layout-padded\">Nedrykket er ikke det eneste tr\u00f8bbelet Knappen har st\u00e5tt i denne sesongen. Flere medier rapporterte om misn\u00f8ye i spillerstallen med treneren rundt midtveis denne sesongen.<\/p>\n<p class=\"_paragraph_o9xde_4 _paragraph_xtcu6_10 layout-component text-serif-m layout-normal text-serif-m layout-padded\">Det endte med at Knappen sto i jobben og fikk full st\u00f8tte av klubben, mens enkelte spillere skiftet klubb. <\/p>\n","protected":false},"excerpt":{"rendered":"Kevin Knappen hadde egentlig kontrakt ett \u00e5r til. Foto: Svein Ove Ekornesv\u00e5g \/ NTB Oppdatert tirsdag 16. desember&hellip;\n","protected":false},"author":2,"featured_media":114522,"comment_status":"","ping_status":"","sticky":false,"template":"","format":"standard","meta":{"footnotes":""},"categories":[59],"tags":[2043,134,30,28,29,337,83,82],"class_list":{"0":"post-114521","1":"post","2":"type-post","3":"status-publish","4":"format-standard","5":"has-post-thumbnail","7":"category-sport","8":"tag-bryne-fk","9":"tag-eliteserien","10":"tag-no","11":"tag-norge","12":"tag-norway","13":"tag-obos-ligaen","14":"tag-sport","15":"tag-sports"},"share_on_mastodon":{"url":"https:\/\/pubeurope.com\/@no\/115728825209638535","error":""},"_links":{"self":[{"href":"https:\/\/www.europesays.com\/no\/wp-json\/wp\/v2\/posts\/114521","targetHints":{"allow":["GET"]}}],"collection":[{"href":"https:\/\/www.europesays.com\/no\/wp-json\/wp\/v2\/posts"}],"about":[{"href":"https:\/\/www.europesays.com\/no\/wp-json\/wp\/v2\/types\/post"}],"author":[{"embeddable":true,"href":"https:\/\/www.europesays.com\/no\/wp-json\/wp\/v2\/users\/2"}],"replies":[{"embeddable":true,"href":"https:\/\/www.europesays.com\/no\/wp-json\/wp\/v2\/comments?post=114521"}],"version-history":[{"count":0,"href":"https:\/\/www.europesays.com\/no\/wp-json\/wp\/v2\/posts\/114521\/revisions"}],"wp:featuredmedia":[{"embeddable":true,"href":"https:\/\/www.europesays.com\/no\/wp-json\/wp\/v2\/media\/114522"}],"wp:attachment":[{"href":"https:\/\/www.europesays.com\/no\/wp-json\/wp\/v2\/media?parent=114521"}],"wp:term":[{"taxonomy":"category","embeddable":true,"href":"https:\/\/www.europesays.com\/no\/wp-json\/wp\/v2\/categories?post=114521"},{"taxonomy":"post_tag","embeddable":true,"href":"https:\/\/www.europesays.com\/no\/wp-json\/wp\/v2\/tags?post=114521"}],"curies":[{"name":"wp","href":"https:\/\/api.w.org\/{rel}","templated":true}]}}