{"id":114532,"date":"2025-12-16T10:53:09","date_gmt":"2025-12-16T10:53:09","guid":{"rendered":"https:\/\/www.europesays.com\/no\/114532\/"},"modified":"2025-12-16T10:53:09","modified_gmt":"2025-12-16T10:53:09","slug":"okonomi-og-naeringsliv-arbeidsliv-helene-frihammer-rekker-seg-fra-toppjobb-i-nho","status":"publish","type":"post","link":"https:\/\/www.europesays.com\/no\/114532\/","title":{"rendered":"\u00d8konomi og n\u00e6ringsliv, Arbeidsliv | Helene Frihammer rekker seg fra toppjobb i NHO"},"content":{"rendered":"\n<p>Siden 2021 har Frihammer hatt jobben som \u00f8verste leder for NHO i Vestland.<\/p>\n<p>Den tidligere MDG-politikeren kom til organisasjonen fra en stilling i Klimapartnerne.<\/p>\n<p>Tirsdag kunngjorde hun p\u00e5 sosiale medier at hun gir seg i jobben etter rundt 4,5 \u00e5r.<\/p>\n<p>\u2013 Jeg har ikke tatt sikte p\u00e5 \u00e5 ta gullklokke p\u00e5 noen av de stedene jeg har jobbet. Jeg kunne godt blitt v\u00e6rende i organisasjonen litt lenger. Men n\u00e5r denne muligheten b\u00f8d seg, s\u00e5 bestemte jeg meg for \u00e5 hoppe p\u00e5, sier hun.<\/p>\n<p>Avgj\u00f8relsen har gitt henne hjertesorg, skriver hun i et lengre innlegg p\u00e5 sosiale medier.<\/p>\n<p>\u00abDet er b\u00e5de med hjertesorg og skrekkblandet fryd at jeg n\u00e5 legger ut p\u00e5 eventyr\u00bb skriver hun der.<\/p>\n<p>Tar sluttpakke<\/p>\n<p>Muligheten hun sikter til er sluttpakkene som NHO tilbydde alle ansatte tidligere i h\u00f8st. Frihammer er blant dem som har valgt \u00e5 ta imot.<\/p>\n<p>\u00d8kte kostnader og medlemsvekst har gjort at organisasjonen m\u00e5 kutte kostnader med rundt 10 prosent, if\u00f8lge en pressemelding som ble sendt ut i november.<\/p>\n<p>  <a href=\"https:\/\/www.ba.no\/5-8-3209545\" class=\"related-teaser has-image default-story-teaser article--c-eRUmMG article--c-eRUmMG-jKCPdD-design-default\" rel=\"nofollow noopener\" target=\"_blank\"><\/p>\n<p>    <img decoding=\"async\" loading=\"lazy\"  src=\"https:\/\/www.europesays.com\/no\/wp-content\/uploads\/2025\/12\/NTB_V3HYXHQTWlw.jpg\" alt=\"\" class=\"brick-c-cFOWSL\" style=\"\"\/><\/p>\n<p>\n            Les ogs\u00e5<\/p>\n<p>              NHO tilbyr alle ansatte sluttpakke\n        <\/p>\n<p>  <\/a><\/p>\n<p>Frihammer vil fortsette i jobben til 15. februar. Hva hun skal gj\u00f8re videre er ikke helt klart.<\/p>\n<p>\u2013 Jeg engasjerer meg for at flere kvinner skal investere, og det er noe jeg vil gj\u00f8re selv, sier hun.<\/p>\n<p>Hun kommer ogs\u00e5 til \u00e5 ta p\u00e5 seg et styreverv, men uten \u00e5 spesifisere hvilket.<\/p>\n<p>Blir med-gr\u00fcnder<\/p>\n<p>I tillegg vil hun som et hobbyprosjekt jobbe med en gr\u00fcnder-id\u00e9 i samarbeid med d\u00f8trene p\u00e5 14 og 17 \u00e5r.<\/p>\n<p>Hva ideen er vil hun ikke ut med helt enn\u00e5.<\/p>\n<p>\u2013 Men jeg kan si at det er koblet til reiseliv, teknologi og historikken fra plassen jeg kommer fra i Nordfjord, sier den avtroppende NHO-regiondirekt\u00f8ren.<\/p>\n","protected":false},"excerpt":{"rendered":"Siden 2021 har Frihammer hatt jobben som \u00f8verste leder for NHO i Vestland. Den tidligere MDG-politikeren kom til&hellip;\n","protected":false},"author":2,"featured_media":114533,"comment_status":"","ping_status":"","sticky":false,"template":"","format":"standard","meta":{"footnotes":""},"categories":[10],"tags":[465,36,20,21,24,25,15,22,23,62,13,30,28,29,14,16,216,1510,26,27,1582],"class_list":{"0":"post-114532","1":"post","2":"type-post","3":"status-publish","4":"format-standard","5":"has-post-thumbnail","7":"category-norge","8":"tag-arbeidsliv","9":"tag-art","10":"tag-breaking-news","11":"tag-breakingnews","12":"tag-featured-news","13":"tag-featurednews","14":"tag-headlines","15":"tag-latest-news","16":"tag-latestnews","17":"tag-naeringsliv","18":"tag-news","19":"tag-no","20":"tag-norge","21":"tag-norway","22":"tag-nyheter","23":"tag-overskrifter","24":"tag-okonomi-og-naeringsliv","25":"tag-story","26":"tag-top-stories","27":"tag-topstories","28":"tag-vestland"},"share_on_mastodon":{"url":"https:\/\/pubeurope.com\/@no\/115728876002123361","error":""},"_links":{"self":[{"href":"https:\/\/www.europesays.com\/no\/wp-json\/wp\/v2\/posts\/114532","targetHints":{"allow":["GET"]}}],"collection":[{"href":"https:\/\/www.europesays.com\/no\/wp-json\/wp\/v2\/posts"}],"about":[{"href":"https:\/\/www.europesays.com\/no\/wp-json\/wp\/v2\/types\/post"}],"author":[{"embeddable":true,"href":"https:\/\/www.europesays.com\/no\/wp-json\/wp\/v2\/users\/2"}],"replies":[{"embeddable":true,"href":"https:\/\/www.europesays.com\/no\/wp-json\/wp\/v2\/comments?post=114532"}],"version-history":[{"count":0,"href":"https:\/\/www.europesays.com\/no\/wp-json\/wp\/v2\/posts\/114532\/revisions"}],"wp:featuredmedia":[{"embeddable":true,"href":"https:\/\/www.europesays.com\/no\/wp-json\/wp\/v2\/media\/114533"}],"wp:attachment":[{"href":"https:\/\/www.europesays.com\/no\/wp-json\/wp\/v2\/media?parent=114532"}],"wp:term":[{"taxonomy":"category","embeddable":true,"href":"https:\/\/www.europesays.com\/no\/wp-json\/wp\/v2\/categories?post=114532"},{"taxonomy":"post_tag","embeddable":true,"href":"https:\/\/www.europesays.com\/no\/wp-json\/wp\/v2\/tags?post=114532"}],"curies":[{"name":"wp","href":"https:\/\/api.w.org\/{rel}","templated":true}]}}