{"id":114538,"date":"2025-12-16T11:00:27","date_gmt":"2025-12-16T11:00:27","guid":{"rendered":"https:\/\/www.europesays.com\/no\/114538\/"},"modified":"2025-12-16T11:00:27","modified_gmt":"2025-12-16T11:00:27","slug":"to-personer-satt-fast-pa-traktor-i-flomstor-elv-i-rogaland","status":"publish","type":"post","link":"https:\/\/www.europesays.com\/no\/114538\/","title":{"rendered":"To personer satt fast p\u00e5 traktor i flomstor elv i Rogaland"},"content":{"rendered":"<p class=\"extendedContent hyperion-css-eyn926\" data-test-tag=\"lead-text\">Det ble sendt redningshelikopter til stedet, men de to ble reddet med b\u00e5t etter kort tid. <\/p>\n<p>Publisert: 15.12.2025 19:40 |\u00a0Oppdatert: 15.12.2025 19:56<\/p>\n<p class=\"paywall hyperion-css-1j42uic\">Klokken 19.27 fikk politiet melding om en traktor som har kj\u00f8rt ut i en elv i Hauge i Dalane i Rogaland. <\/p>\n<p class=\"paywall hyperion-css-1j42uic\">\u00abDet er sterk str\u00f8m i elven. N\u00f8detatene og et redningshelikopter er p\u00e5 vei stedet\u00bb, melder S\u00f8r-Vest-politiets operasjonssentral. <\/p>\n<p class=\"paywall hyperion-css-1j42uic\">Politiet meldte f\u00f8rst at det var tre personer som satt fast p\u00e5 traktoren, men kort tid etter ble dette justert ned til to. <\/p>\n<p class=\"paywall hyperion-css-1j42uic\"><strong>Klokken 19.52 meldte politiet at brannvesenets mannskaper hadde reddet de to med b\u00e5t. <\/strong><\/p>\n<p class=\"paywall hyperion-css-1j42uic\">Det er oransje farevarsel for flom i omr\u00e5det. Mye nedb\u00f8r gj\u00f8r at flere vassdrag har g\u00e5tt over sine bredder, og <a data-test-tag=\"internal-link\" href=\"https:\/\/www.aftenposten.no\/norge\/i\/xrR0qn\/store-nedboersmengder-maa-prioritere-liv-og-helse\" class=\"hyperion-css-1raymq9\" rel=\"nofollow noopener\" target=\"\" aria-label=\"deler av Sokndal i Hauge i Dalane\">deler av Sokndal i Hauge i Dalane<\/a> ligger under vann. <\/p>\n<p class=\"paywall hyperion-css-1j42uic\">Saken oppdateres.<\/p>\n","protected":false},"excerpt":{"rendered":"Det ble sendt redningshelikopter til stedet, men de to ble reddet med b\u00e5t etter kort tid. Publisert: 15.12.2025&hellip;\n","protected":false},"author":2,"featured_media":914,"comment_status":"","ping_status":"","sticky":false,"template":"","format":"standard","meta":{"footnotes":""},"categories":[10],"tags":[20,21,24,25,15,22,23,13,30,28,29,14,16,26,27],"class_list":{"0":"post-114538","1":"post","2":"type-post","3":"status-publish","4":"format-standard","5":"has-post-thumbnail","7":"category-norge","8":"tag-breaking-news","9":"tag-breakingnews","10":"tag-featured-news","11":"tag-featurednews","12":"tag-headlines","13":"tag-latest-news","14":"tag-latestnews","15":"tag-news","16":"tag-no","17":"tag-norge","18":"tag-norway","19":"tag-nyheter","20":"tag-overskrifter","21":"tag-top-stories","22":"tag-topstories"},"share_on_mastodon":{"url":"https:\/\/pubeurope.com\/@no\/115728903359930554","error":""},"_links":{"self":[{"href":"https:\/\/www.europesays.com\/no\/wp-json\/wp\/v2\/posts\/114538","targetHints":{"allow":["GET"]}}],"collection":[{"href":"https:\/\/www.europesays.com\/no\/wp-json\/wp\/v2\/posts"}],"about":[{"href":"https:\/\/www.europesays.com\/no\/wp-json\/wp\/v2\/types\/post"}],"author":[{"embeddable":true,"href":"https:\/\/www.europesays.com\/no\/wp-json\/wp\/v2\/users\/2"}],"replies":[{"embeddable":true,"href":"https:\/\/www.europesays.com\/no\/wp-json\/wp\/v2\/comments?post=114538"}],"version-history":[{"count":0,"href":"https:\/\/www.europesays.com\/no\/wp-json\/wp\/v2\/posts\/114538\/revisions"}],"wp:featuredmedia":[{"embeddable":true,"href":"https:\/\/www.europesays.com\/no\/wp-json\/wp\/v2\/media\/914"}],"wp:attachment":[{"href":"https:\/\/www.europesays.com\/no\/wp-json\/wp\/v2\/media?parent=114538"}],"wp:term":[{"taxonomy":"category","embeddable":true,"href":"https:\/\/www.europesays.com\/no\/wp-json\/wp\/v2\/categories?post=114538"},{"taxonomy":"post_tag","embeddable":true,"href":"https:\/\/www.europesays.com\/no\/wp-json\/wp\/v2\/tags?post=114538"}],"curies":[{"name":"wp","href":"https:\/\/api.w.org\/{rel}","templated":true}]}}