{"id":114543,"date":"2025-12-16T11:07:11","date_gmt":"2025-12-16T11:07:11","guid":{"rendered":"https:\/\/www.europesays.com\/no\/114543\/"},"modified":"2025-12-16T11:07:11","modified_gmt":"2025-12-16T11:07:11","slug":"mister-sin-siste-tittel-andrew-degradert-av-marinen","status":"publish","type":"post","link":"https:\/\/www.europesays.com\/no\/114543\/","title":{"rendered":"Mister sin siste tittel: Andrew degradert av marinen"},"content":{"rendered":"\n<p class=\"_lead_o9xde_2 _lead_xtcu6_50 layout-component text-serif-m layout-normal text-serif-l layout-component layout-wide layout-padded _wide_17hqh_1 layout-padded\">Andrew Mountbatten-Windsor (65) er fratatt sin siste gjenv\u00e6rende milit\u00e6re \u00e6resgrad. Det melder det britiske forsvarsdepartementet.<\/p>\n<p><img alt=\"VAN\u00c6RET: Forsvarsdepartementet har fulgt kongens r\u00e5d og fratatt Andrew Mountbatten-Windsor hans siste \u00e6resgrad som f\u00f8lge av Epstein-avsl\u00f8ringene. Foto: JUSTIN TALLIS \/ AFP \/ NTB\" class=\"_image_qp4xg_65 layout-component layout-wide\" data-fullscreen- data-track-element-type=\"Article image fullscreen\" data-track-name=\"ImageFullscreen\" fetchpriority=\"high\" decoding=\"sync\" loading=\"eager\" height=\"1833\" itemprop=\"image\"  src=\"https:\/\/www.europesays.com\/no\/wp-content\/uploads\/2025\/12\/81b53591-0049-451a-ad02-21cce1bbe901\"  style=\"object-position:0% 0%\" width=\"2750\"\/>VAN\u00c6RET: Forsvarsdepartementet har fulgt kongens r\u00e5d og fratatt Andrew Mountbatten-Windsor hans siste \u00e6resgrad som f\u00f8lge av Epstein-avsl\u00f8ringene. Foto: JUSTIN TALLIS \/ AFP \/ NTB<\/p>\n<ul aria-hidden=\"true\" class=\"_images_ntbth_112\">\n<li><a class=\"_link_ntbth_117\" href=\"https:\/\/www.vg.no\/forfatter\/yngve-kvistad\" style=\"z-index:1\" title=\"Yngve Kvistad\" rel=\"nofollow noopener\" target=\"_blank\"><img alt=\"Bilde av Yngve Kvistad\" class=\"_image_ntbth_93\" fetchpriority=\"low\" loading=\"lazy\" decoding=\"async\" itemprop=\"image\"  src=\"https:\/\/www.europesays.com\/no\/wp-content\/uploads\/2025\/12\/1765883230_716_d4dbc8d6-94e3-4f1b-b317-7e8a8fc8bbc7\"  width=\"480\"\/><\/a><\/li>\n<\/ul>\n<p> Oppdatert tirsdag 16. desember kl. 11:50    <\/p>\n<ul class=\"_list_o9xde_3 _list_64s2r_85 _unordered_o9xde_106 text-sans-m\">\n<li class=\"_item_o9xde_30\">Andrew Mountbatten-Windsor har mistet sin siste milit\u00e6re hederstittel &#8211; det har det britiske forsvarsdepartementet bestemt etter r\u00e5d fra kong Charles.<\/li>\n<li class=\"_item_o9xde_30\">Den tidligere hertugen av York er n\u00e5 kommand\u00f8rkaptein (pensjonert) i Royal Navy.<\/li>\n<li class=\"_item_o9xde_30\">Den siste offisielle forbindelsen mellom Andrew og forsvaret er n\u00e5 brutt.<\/li>\n<li class=\"_item_o9xde_30\">Andrew har tidligere mistet titler og roller etter overgrepsanklager fra nylig avd\u00f8de Virginia Giuffre.<\/li>\n<\/ul>\n<p>Vis mer <\/p>\n<p class=\"_paragraph_o9xde_4 _paragraph_xtcu6_10 layout-component text-serif-m layout-normal text-serif-m layout-padded\">Den tidligere hertugen av York har hatt en \u00e6resgrad \u00e6resgrad En tittel eller rang som gis som en \u00e6re, ofte uten at personen har utf\u00f8rt de vanlige kravene for \u00e5 oppn\u00e5 den.som viseadmiral, men er n\u00e5 formelt degradert til kommand\u00f8rkaptein (pensjonert) i Royal Navy \u2013 graden han hadde da han gikk ut av aktiv tjeneste. <\/p>\n<p class=\"_paragraph_o9xde_4 _paragraph_xtcu6_10 layout-component text-serif-m layout-normal text-serif-m layout-padded\">If\u00f8lge departementet trer avgj\u00f8relsen i kraft umiddelbart, som del av \u00aben prosess for \u00e5 fjerne titler og tiltaleformer\u00bb.<\/p>\n<p><img alt=\"OFFISER OG GENTLEMAN: Den tidligere hertugen av York ble i sin tid betraktet som krigshelt og Royal Navys fremste posterboy.  Foto: Ben Birchall \/ Pa Photos \/ NTB\" class=\"_image_qp4xg_65 layout-component layout-normal\" data-fullscreen- data-track-element-type=\"Article image fullscreen\" data-track-name=\"ImageFullscreen\" decoding=\"async\" loading=\"lazy\" height=\"1657\" itemprop=\"image\"  src=\"https:\/\/www.europesays.com\/no\/wp-content\/uploads\/2025\/12\/9fecee9b-a580-44d1-94c7-10d6be4abadf\"  style=\"object-position:0% 0%\" width=\"2490\"\/>OFFISER OG GENTLEMAN: Den tidligere hertugen av York ble i sin tid betraktet som krigshelt og Royal Navys fremste posterboy.  Foto: Ben Birchall \/ Pa Photos \/ NTB<\/p>\n<p class=\"_paragraph_o9xde_4 _paragraph_xtcu6_10 layout-component text-serif-m layout-normal text-serif-m layout-padded\">Forsvarsminister John Healey har tidligere sagt at den britiske regjeringen ville slette Andrews \u00absiste gjenv\u00e6rende tittel\u00bb, etter r\u00e5d og signaler fra kong Charles. <\/p>\n<p class=\"_paragraph_o9xde_4 _paragraph_xtcu6_10 layout-component text-serif-m layout-normal text-serif-m layout-padded\">I praksis betyr det at den siste synlige, offisielle forbindelsen mellom monarkens yngre bror og forsvaret n\u00e5 kuttes.<\/p>\n<p class=\"_paragraph_o9xde_4 _paragraph_xtcu6_10 layout-component text-serif-m layout-normal text-serif-m layout-padded\">Andrew tjenestegjorde i marinen i over to ti\u00e5r og var blant annet helikopterpilot under Falklandskrigen. Falklandskrigen. En krig mellom Argentina og Storbritannia i 1982 over kontrollen av Falklands\u00f8yene.<\/p>\n<p class=\"_paragraph_o9xde_4 _paragraph_xtcu6_10 layout-component text-serif-m layout-normal text-serif-m layout-padded\">The <a href=\"https:\/\/www.telegraph.co.uk\/royal-family\/2025\/12\/15\/andrew-mountbatten-windsor-stripped-last-military-title\/?recomm_id=6ab6fb90-fb7a-4daa-b72f-d3cff5f14a75\" class=\"_link_o9xde_39\" rel=\"nofollow noopener\" target=\"_blank\">Daily Telegraph<\/a>, som har gjengitt beslutningen fra forsvarsdepartementet, poengterer at selv om \u00e6resgraden er borte, beholder eks-hertugen krigsmedaljen fra Falklandskrigen og andre medaljer knyttet til operativ tjeneste. <\/p>\n<p class=\"_paragraph_o9xde_4 _paragraph_xtcu6_10 layout-component text-serif-m layout-normal text-serif-m layout-padded\">If\u00f8lge avisen har veteraner p\u00e5pekt at en \u00e6resbevisning vunnet i aktiv tjeneste ikke b\u00f8r kunne tas fra noen p\u00e5 moralske grunnlag.<\/p>\n<p><img alt=\"BILDEBEVIS: En da 17 \u00e5r gammel Virginia Giuffre (den gang Roberts) sammen med dav\u00e6rende prins Andrew og overgrepsd\u00f8mte Ghislaine Maxwell, Jeffrey Epsteins kj\u00e6reste, i 2001. Foto: US Department of Justice \/ Pa Photos \/ NTB  Foto: HANDOUT \/ AFP \/ NTB\" class=\"_image_qp4xg_65 layout-component layout-normal\" data-fullscreen- data-track-element-type=\"Article image fullscreen\" data-track-name=\"ImageFullscreen\" decoding=\"async\" loading=\"lazy\" height=\"3500\" itemprop=\"image\"  src=\"https:\/\/www.europesays.com\/no\/wp-content\/uploads\/2025\/12\/f054fd24-28b4-4dde-b153-795f04c4f781\"  style=\"object-position:0% 0%\" width=\"3368\"\/>BILDEBEVIS: En da 17 \u00e5r gammel Virginia Giuffre (den gang Roberts) sammen med dav\u00e6rende prins Andrew og overgrepsd\u00f8mte Ghislaine Maxwell, Jeffrey Epsteins kj\u00e6reste, i 2001. Foto: US Department of Justice \/ Pa Photos \/ NTB  Foto: HANDOUT \/ AFP \/ NTB<\/p>\n<p class=\"_paragraph_o9xde_4 _paragraph_xtcu6_10 layout-component text-serif-m layout-normal text-serif-m layout-padded\">Det er heller ikke f\u00f8rste gang Andrew mister titler og distinksjoner. <\/p>\n<p class=\"_paragraph_o9xde_4 _paragraph_xtcu6_10 layout-component text-serif-m layout-normal text-serif-m layout-padded\">I januar 2022 ble han fratatt milit\u00e6re \u00e6resverv og kongelige beskytterskap av sin mor, dronning Elizabeth. Det skjedde kort tid f\u00f8r han inngikk <a href=\"https:\/\/www.vg.no\/rampelys\/i\/dn0OPj\/prins-andrew-og-virginia-giuffre-har-inngaatt-forlik\" data-track-element-type=\"Link\" data-track-id=\"link:dn0OPj\" class=\"_link_o9xde_39\" rel=\"nofollow noopener\" target=\"_blank\">forlik i en sivil sak med Virginia Giuffre<\/a>, som anklaget ham for overgrep.<\/p>\n<p class=\"_paragraph_o9xde_4 _paragraph_xtcu6_10 layout-component text-serif-m layout-normal text-serif-m layout-padded\">Samtidig lot dronningen ham den gangen beholde enkelte formelle privilegier: Han beholdt b\u00e5de hertugtittelen og rollen som Counsellor of State (en forordning som gj\u00f8r at utpekte medlemmer av kongefamilien kan steppe inn ved kongens sykdom eller frav\u00e6r). <\/p>\n<p class=\"_paragraph_o9xde_4 _paragraph_xtcu6_10 layout-component text-serif-m layout-normal text-serif-m layout-padded\">Senere utpekte kong Charles s\u00f8steren Anne og yngstebroren Edward som nye Counsellors of State, og det ble tydelig understreket at Andrew ikke lenger var blant de s\u00e5kalte arbeidende kongelige\u00bb.<\/p>\n<p><img alt=\"KRIGSHELT: Prins Andrew deltok som helikopterpilot i Falklandskrigen.  Foto: AP \/ NTB\" class=\"_image_qp4xg_65 layout-component layout-normal\" data-fullscreen- data-track-element-type=\"Article image fullscreen\" data-track-name=\"ImageFullscreen\" decoding=\"async\" loading=\"lazy\" height=\"2692\" itemprop=\"image\"  src=\"https:\/\/www.europesays.com\/no\/wp-content\/uploads\/2025\/12\/5223b62a-3651-4055-81d7-756604a88938\"  style=\"object-position:0% 0%\" width=\"3000\"\/>KRIGSHELT: Prins Andrew deltok som helikopterpilot i Falklandskrigen.  Foto: AP \/ NTB<\/p>\n<p class=\"_paragraph_o9xde_4 _paragraph_xtcu6_10 layout-component text-serif-m layout-normal text-serif-m layout-padded\">Andrew har konsekvent avvist overgrepsanklagene, men saken bidro til at han ble presset ut av offentlige oppgaver.<\/p>\n<p class=\"_paragraph_o9xde_4 _paragraph_xtcu6_10 layout-component text-serif-m layout-normal text-serif-m layout-padded\">Kongehus-biografen Ingrid Seward kaller degraderingen \u00abnok et ydmykende slag\u00bb, og sier til avisen The Sun at dette kan svi ekstra for kongens bror.<\/p>\n<p class=\"_paragraph_o9xde_4 _paragraph_xtcu6_10 layout-component text-serif-m layout-normal text-serif-m layout-padded\">If\u00f8lge Seward har Forsvaret v\u00e6rt hans mest stabile identitet, og han har gitt uttrykk for at han \u00abhar gjort seg fortjent\u00bb til rang og anerkjennelse gjennom krigstjenesten.<\/p>\n<p class=\"_paragraph_o9xde_4 _paragraph_xtcu6_10 layout-component text-serif-m layout-normal text-serif-m layout-padded\">Offiserpensjonen hans p\u00e5 ca. 270 000 kroner i \u00e5ret er ogs\u00e5 hans eneste offisielle inntekt.<\/p>\n<p>Les ogs\u00e5<\/p>\n","protected":false},"excerpt":{"rendered":"Andrew Mountbatten-Windsor (65) er fratatt sin siste gjenv\u00e6rende milit\u00e6re \u00e6resgrad. Det melder det britiske forsvarsdepartementet. VAN\u00c6RET: Forsvarsdepartementet har&hellip;\n","protected":false},"author":2,"featured_media":114544,"comment_status":"","ping_status":"","sticky":false,"template":"","format":"standard","meta":{"footnotes":""},"categories":[12],"tags":[20,21,24,25,15,4479,22,23,13,30,28,29,14,16,4840,865,26,27,42,43,44,45],"class_list":{"0":"post-114543","1":"post","2":"type-post","3":"status-publish","4":"format-standard","5":"has-post-thumbnail","7":"category-verden","8":"tag-breaking-news","9":"tag-breakingnews","10":"tag-featured-news","11":"tag-featurednews","12":"tag-headlines","13":"tag-kongelige","14":"tag-latest-news","15":"tag-latestnews","16":"tag-news","17":"tag-no","18":"tag-norge","19":"tag-norway","20":"tag-nyheter","21":"tag-overskrifter","22":"tag-prins-andrew","23":"tag-storbritannia","24":"tag-top-stories","25":"tag-topstories","26":"tag-verden","27":"tag-world","28":"tag-world-news","29":"tag-worldnews"},"share_on_mastodon":{"url":"https:\/\/pubeurope.com\/@no\/115728931149712050","error":""},"_links":{"self":[{"href":"https:\/\/www.europesays.com\/no\/wp-json\/wp\/v2\/posts\/114543","targetHints":{"allow":["GET"]}}],"collection":[{"href":"https:\/\/www.europesays.com\/no\/wp-json\/wp\/v2\/posts"}],"about":[{"href":"https:\/\/www.europesays.com\/no\/wp-json\/wp\/v2\/types\/post"}],"author":[{"embeddable":true,"href":"https:\/\/www.europesays.com\/no\/wp-json\/wp\/v2\/users\/2"}],"replies":[{"embeddable":true,"href":"https:\/\/www.europesays.com\/no\/wp-json\/wp\/v2\/comments?post=114543"}],"version-history":[{"count":0,"href":"https:\/\/www.europesays.com\/no\/wp-json\/wp\/v2\/posts\/114543\/revisions"}],"wp:featuredmedia":[{"embeddable":true,"href":"https:\/\/www.europesays.com\/no\/wp-json\/wp\/v2\/media\/114544"}],"wp:attachment":[{"href":"https:\/\/www.europesays.com\/no\/wp-json\/wp\/v2\/media?parent=114543"}],"wp:term":[{"taxonomy":"category","embeddable":true,"href":"https:\/\/www.europesays.com\/no\/wp-json\/wp\/v2\/categories?post=114543"},{"taxonomy":"post_tag","embeddable":true,"href":"https:\/\/www.europesays.com\/no\/wp-json\/wp\/v2\/tags?post=114543"}],"curies":[{"name":"wp","href":"https:\/\/api.w.org\/{rel}","templated":true}]}}