{"id":114549,"date":"2025-12-16T11:14:10","date_gmt":"2025-12-16T11:14:10","guid":{"rendered":"https:\/\/www.europesays.com\/no\/114549\/"},"modified":"2025-12-16T11:14:10","modified_gmt":"2025-12-16T11:14:10","slug":"for-alt-jeg-vet-kan-hun-vaere-dod","status":"publish","type":"post","link":"https:\/\/www.europesays.com\/no\/114549\/","title":{"rendered":"&#8211; For alt jeg vet, kan hun v\u00e6re d\u00f8d"},"content":{"rendered":"<p class=\"kicker \" style=\"\">Aung San Suu Kyi<\/p>\n<p>  S\u00f8nnen til fredsprisvinneren sier han ikke har h\u00f8rt fra sin fengslede mor p\u00e5 flere \u00e5r.<\/p>\n<p>\n    FREDSPRISVINNER: Myanmars tidligere leder Aung San Suu Kyi, her p\u00e5 et bilde tatt i desember 2019. Arkivfoto: Peter Dejong \/ AP \/ NTB\n  <\/p>\n<p>I september uttalte Kim Aris, s\u00f8nnen til Myanmars tidligere leder\u00a0Aung\u00a0San\u00a0Suu\u00a0Kyi, i en video publisert p\u00e5 Facebook at fredprisvinneren er sv\u00e6rt syk.<\/p>\n<p>&#8211; Ut fra det jeg vet, har hun bedt om \u00e5 f\u00e5 se en hjertespesialist, men ingen vet hvor hun holdes arrestert, eller om hun f\u00e5r medisinsk behandling, sa Aris.<\/p>\n<p>Suu\u00a0Kyi\u00a0har v\u00e6rt fengslet siden milit\u00e6rkuppet i Myanmar i 2021.\u00a0<\/p>\n<p class=\"font-weight-bold m-font-weight-bold\" data-lab-font_weight=\"font-weight-bold\">I et nytt intervju med nyhetsbyr\u00e5et\u00a0<a href=\"https:\/\/www.reuters.com\/world\/asia-pacific\/for-all-i-know-she-could-be-dead-says-son-myanmars-suu-kyi-2025-12-15\/\" target=\"_blank\" rel=\"nofollow noopener\">Reuters<\/a>\u00a0sier Aris at han ikke har h\u00f8rt fra sin 80 \u00e5r gamle mor p\u00e5 flere \u00e5r, og at han bare sporadisk mottar oppdateringer om helsetilstanden hennes.\u00a0<\/p>\n<p>&#8211; Ingen har sett henne p\u00e5 over to \u00e5r, sier han til Reuters.<\/p>\n<p>&#8211; For alt jeg vet, kan du v\u00e6re d\u00f8d allerede.\u00a0<\/p>\n<p>Aung\u00a0San\u00a0Suu\u00a0Kyi har blant annet hjerteproblemer, if\u00f8lge s\u00f8nnen.<\/p>\n<p>Etter et ti\u00e5r med fors\u00f8k p\u00e5 demokrati i Myanmar, grep milit\u00e6ret makten i et kupp i februar 2021. Juntaen avsatte landets sivile leder, Aung San\u00a0Suu\u00a0Kyi, rett f\u00f8r hennes nye regjering skulle tiltre.\u00a0<\/p>\n<p>Etter kuppet er\u00a0Suu\u00a0Kyi\u00a0og over 20 000 andre p\u00e5grepet. Opposisjonen har de siste \u00e5rene dannet militser, som i samarbeid med etnisk baserte oppr\u00f8rsgrupper har tatt kontroll over store deler av landet.<\/p>\n<p class=\"font-weight-bold m-font-weight-bold\" data-lab-font_weight=\"font-weight-bold\">Suu\u00a0Kyi har f\u00e5tt en rekke dommer mot seg, som internasjonale observat\u00f8rer sier er politisk motivert.<\/p>\n","protected":false},"excerpt":{"rendered":"Aung San Suu Kyi S\u00f8nnen til fredsprisvinneren sier han ikke har h\u00f8rt fra sin fengslede mor p\u00e5 flere&hellip;\n","protected":false},"author":2,"featured_media":114550,"comment_status":"","ping_status":"","sticky":false,"template":"","format":"standard","meta":{"footnotes":""},"categories":[12],"tags":[20,21,24,25,15,22,23,13,30,28,29,14,16,26,27,412,42,43,44,45],"class_list":{"0":"post-114549","1":"post","2":"type-post","3":"status-publish","4":"format-standard","5":"has-post-thumbnail","7":"category-verden","8":"tag-breaking-news","9":"tag-breakingnews","10":"tag-featured-news","11":"tag-featurednews","12":"tag-headlines","13":"tag-latest-news","14":"tag-latestnews","15":"tag-news","16":"tag-no","17":"tag-norge","18":"tag-norway","19":"tag-nyheter","20":"tag-overskrifter","21":"tag-top-stories","22":"tag-topstories","23":"tag-utenriks","24":"tag-verden","25":"tag-world","26":"tag-world-news","27":"tag-worldnews"},"share_on_mastodon":{"url":"https:\/\/pubeurope.com\/@no\/115728958391132058","error":""},"_links":{"self":[{"href":"https:\/\/www.europesays.com\/no\/wp-json\/wp\/v2\/posts\/114549","targetHints":{"allow":["GET"]}}],"collection":[{"href":"https:\/\/www.europesays.com\/no\/wp-json\/wp\/v2\/posts"}],"about":[{"href":"https:\/\/www.europesays.com\/no\/wp-json\/wp\/v2\/types\/post"}],"author":[{"embeddable":true,"href":"https:\/\/www.europesays.com\/no\/wp-json\/wp\/v2\/users\/2"}],"replies":[{"embeddable":true,"href":"https:\/\/www.europesays.com\/no\/wp-json\/wp\/v2\/comments?post=114549"}],"version-history":[{"count":0,"href":"https:\/\/www.europesays.com\/no\/wp-json\/wp\/v2\/posts\/114549\/revisions"}],"wp:featuredmedia":[{"embeddable":true,"href":"https:\/\/www.europesays.com\/no\/wp-json\/wp\/v2\/media\/114550"}],"wp:attachment":[{"href":"https:\/\/www.europesays.com\/no\/wp-json\/wp\/v2\/media?parent=114549"}],"wp:term":[{"taxonomy":"category","embeddable":true,"href":"https:\/\/www.europesays.com\/no\/wp-json\/wp\/v2\/categories?post=114549"},{"taxonomy":"post_tag","embeddable":true,"href":"https:\/\/www.europesays.com\/no\/wp-json\/wp\/v2\/tags?post=114549"}],"curies":[{"name":"wp","href":"https:\/\/api.w.org\/{rel}","templated":true}]}}