{"id":114551,"date":"2025-12-16T11:15:09","date_gmt":"2025-12-16T11:15:09","guid":{"rendered":"https:\/\/www.europesays.com\/no\/114551\/"},"modified":"2025-12-16T11:15:09","modified_gmt":"2025-12-16T11:15:09","slug":"luster-ulukke-buss-i-grofta-naudetatane-er-pa-staden","status":"publish","type":"post","link":"https:\/\/www.europesays.com\/no\/114551\/","title":{"rendered":"Luster, Ulukke | Buss i gr\u00f8fta, naudetatane er p\u00e5 staden"},"content":{"rendered":"\n<p>Naudetatane rykkjer ut etter melding om buss som har k\u00f8yrt i gr\u00f8fta p\u00e5 Hafslovegen i Luster. <\/p>\n<p>Det melder Vest politidistrikt klokka 08.40 tysdag. Det er s\u00e5 langt ikkje meldt om personskade. 110 Vest melder at det f\u00f8rst var vanskar med \u00e5 f\u00e5 opp d\u00f8ra p\u00e5 bussen, men brannvesenet melde klokka 08.47 at alle passasjerane er ute av bussen. <\/p>\n<p>\u2013 Det var seks passasjerar i bussen, ei blanding av vaksne og barn. Bussen st\u00e5r i gr\u00f8fta, delvis p\u00e5 sida. Det var bekymring for at han ville tippa, men det er komen ein hjullastar som sikrar han. <\/p>\n<p>Det seier operasjonsleiar Bjarte Rebnord i Vest politidistrikt like f\u00f8r klokka 09.00. <\/p>\n<p>Politi og brannmannskap er p\u00e5 staden, ambulanse er p\u00e5 veg. <\/p>\n<p>\u2013 Me kjenner ikkje til at det er personskade. Det er heller ikkje store trafikale problem p\u00e5 staden, seier Rebnord. <\/p>\n","protected":false},"excerpt":{"rendered":"Naudetatane rykkjer ut etter melding om buss som har k\u00f8yrt i gr\u00f8fta p\u00e5 Hafslovegen i Luster. Det melder&hellip;\n","protected":false},"author":2,"featured_media":114552,"comment_status":"","ping_status":"","sticky":false,"template":"","format":"standard","meta":{"footnotes":""},"categories":[10],"tags":[36,20,21,24,25,15,2357,22,23,110,13,30,28,29,14,16,1510,26,27,4501],"class_list":{"0":"post-114551","1":"post","2":"type-post","3":"status-publish","4":"format-standard","5":"has-post-thumbnail","7":"category-norge","8":"tag-art","9":"tag-breaking-news","10":"tag-breakingnews","11":"tag-featured-news","12":"tag-featurednews","13":"tag-headlines","14":"tag-krim-og-politi","15":"tag-latest-news","16":"tag-latestnews","17":"tag-luster","18":"tag-news","19":"tag-no","20":"tag-norge","21":"tag-norway","22":"tag-nyheter","23":"tag-overskrifter","24":"tag-story","25":"tag-top-stories","26":"tag-topstories","27":"tag-ulukke"},"share_on_mastodon":{"url":"https:\/\/pubeurope.com\/@no\/115728962493934024","error":""},"_links":{"self":[{"href":"https:\/\/www.europesays.com\/no\/wp-json\/wp\/v2\/posts\/114551","targetHints":{"allow":["GET"]}}],"collection":[{"href":"https:\/\/www.europesays.com\/no\/wp-json\/wp\/v2\/posts"}],"about":[{"href":"https:\/\/www.europesays.com\/no\/wp-json\/wp\/v2\/types\/post"}],"author":[{"embeddable":true,"href":"https:\/\/www.europesays.com\/no\/wp-json\/wp\/v2\/users\/2"}],"replies":[{"embeddable":true,"href":"https:\/\/www.europesays.com\/no\/wp-json\/wp\/v2\/comments?post=114551"}],"version-history":[{"count":0,"href":"https:\/\/www.europesays.com\/no\/wp-json\/wp\/v2\/posts\/114551\/revisions"}],"wp:featuredmedia":[{"embeddable":true,"href":"https:\/\/www.europesays.com\/no\/wp-json\/wp\/v2\/media\/114552"}],"wp:attachment":[{"href":"https:\/\/www.europesays.com\/no\/wp-json\/wp\/v2\/media?parent=114551"}],"wp:term":[{"taxonomy":"category","embeddable":true,"href":"https:\/\/www.europesays.com\/no\/wp-json\/wp\/v2\/categories?post=114551"},{"taxonomy":"post_tag","embeddable":true,"href":"https:\/\/www.europesays.com\/no\/wp-json\/wp\/v2\/tags?post=114551"}],"curies":[{"name":"wp","href":"https:\/\/api.w.org\/{rel}","templated":true}]}}