{"id":114555,"date":"2025-12-16T11:17:13","date_gmt":"2025-12-16T11:17:13","guid":{"rendered":"https:\/\/www.europesays.com\/no\/114555\/"},"modified":"2025-12-16T11:17:13","modified_gmt":"2025-12-16T11:17:13","slug":"langrennskometen-einar-hedegart-tatt-ut-til-ol-i-italia","status":"publish","type":"post","link":"https:\/\/www.europesays.com\/no\/114555\/","title":{"rendered":"Langrennskometen Einar Hedegart tatt ut til OL i Italia"},"content":{"rendered":"\n<p class=\"_lead_o9xde_2 _lead_xtcu6_50 layout-component text-serif-m layout-normal text-serif-l layout-component layout-wide layout-padded _wide_17hqh_1 layout-padded\">Olympiatoppens har delt ut sine f\u00f8rste billetter til Italia.<\/p>\n<p><img alt=\"Einar Hedegart under seieren i Davos.  Foto: GIAN EHRENZELLER \/ EPA \/ NTB\" class=\"_image_qp4xg_65 layout-component layout-wide\" data-fullscreen- data-track-element-type=\"Article image fullscreen\" data-track-name=\"ImageFullscreen\" fetchpriority=\"high\" decoding=\"sync\" loading=\"eager\" height=\"2415\" itemprop=\"image\"  src=\"https:\/\/www.europesays.com\/no\/wp-content\/uploads\/2025\/12\/7491b229-5a35-4159-88b2-8f2be757edd0\"  style=\"object-position:0% 0%\" width=\"3622\"\/>Einar Hedegart under seieren i Davos.  Foto: GIAN EHRENZELLER \/ EPA \/ NTB<\/p>\n<ul aria-hidden=\"true\" class=\"_images_ntbth_112\">\n<li><a class=\"_link_ntbth_117\" href=\"https:\/\/www.vg.no\/forfatter\/herman-folvik\" style=\"z-index:1\" title=\"Herman Folvik\" rel=\"nofollow noopener\" target=\"_blank\"><img alt=\"Bilde av Herman Folvik\" class=\"_image_ntbth_93\" fetchpriority=\"low\" loading=\"lazy\" decoding=\"async\" itemprop=\"image\"  src=\"https:\/\/www.europesays.com\/no\/wp-content\/uploads\/2025\/12\/1765883833_945_b8d5eb91-9fa9-460c-b9f0-da310ffe35dd\"  width=\"480\"\/><\/a><\/li>\n<\/ul>\n<p> Oppdatert tirsdag 16. desember kl. 12:13    <\/p>\n<ul class=\"_list_o9xde_3 _list_64s2r_85 _unordered_o9xde_106 text-sans-m\">\n<li class=\"_item_o9xde_30\">Olympiatoppen har delt ut sine f\u00f8rste OL-billetter til Italia.<\/li>\n<li class=\"_item_o9xde_30\">\u00c5tte langrennsl\u00f8pere er klare, deriblant Einar Hedegart.<\/li>\n<li class=\"_item_o9xde_30\">Siste frist for uttak er 25. januar.<\/li>\n<li class=\"_item_o9xde_30\">Alpint, skiskyting og hopp har ikke gjort noen uttak enn\u00e5.<\/li>\n<\/ul>\n<p>Vis mer <\/p>\n<p class=\"_paragraph_o9xde_4 _paragraph_xtcu6_10 layout-component text-serif-m layout-normal text-serif-m layout-padded\">Tirsdagens uttak var Olympiatoppens f\u00f8rste med noen av de mest opplagte medaljeh\u00e5pene.<\/p>\n<p class=\"_paragraph_o9xde_4 _paragraph_xtcu6_10 layout-component text-serif-m layout-normal text-serif-m layout-padded\">Det er ogs\u00e5 planlagt nye uttak i midten av januar med ut\u00f8vere som fyller de siste plassene. Siste frist for uttak til OL er 25. januar. <\/p>\n<p class=\"_paragraph_o9xde_4 _paragraph_xtcu6_10 layout-component text-serif-m layout-normal text-serif-m layout-padded\">\u00c5tte, fem herrer og tre kvinnner, langrennsl\u00f8pere er derimot klare. Blant dem <a href=\"https:\/\/www.vg.no\/tag\/einar-hedergart?utm_source=vg-article&amp;utm_medium=auto-tagger&amp;utm_campaign=wrEz7P\" class=\"_link_o9xde_39\" rel=\"nofollow noopener\" target=\"_blank\">Einar Hedegart<\/a> som tidligere vintre har mest erfaring som skiskytter.<\/p>\n<p class=\"_paragraph_o9xde_4 _paragraph_xtcu6_10 layout-component text-serif-m layout-normal text-serif-m layout-padded\">Denne sesongen har Hedegart vunnet OL-\u00f8velsen 10 km fri i langrenn to av to ganger i verdenscupen. 24-\u00e5ringen vant ogs\u00e5 distansen under nasjonal \u00e5pning p\u00e5 Beitost\u00f8len og ble nummer to bak OL-klare Harald \u00d8stberg Amundsen p\u00e5 20 km fri fellesstart i Ruka. <\/p>\n<p class=\"_paragraph_o9xde_4 _paragraph_xtcu6_10 layout-component text-serif-m layout-normal text-serif-m layout-padded\"><a href=\"https:\/\/www.vg.no\/sport\/i\/16k9kK\/sensasjonsseier-til-karoline-simpson-larsen-vant-ol-oevelsen-10-kilometer-fristil-i-davos\" data-track-element-type=\"Link\" data-track-id=\"link:16k9kK\" class=\"_link_o9xde_39\" rel=\"nofollow noopener\" target=\"_blank\">Karoline Simpson-Larsen som s\u00f8ndag vant 10 km fri<\/a> i kvinneklassen har enn\u00e5 ikke f\u00e5tt klarsignal. <\/p>\n<p>F\u00f8rste OL-uttakFreeski:<\/p>\n<ul class=\"_list_o9xde_3 _list_xtcu6_9 _list_16v91_9 _unordered_o9xde_106 layout-component text-serif-m layout-normal text-sans-m layout-padded\" itemprop=\"text\">\n<li class=\"_item_o9xde_30\">Birk Ruud, B\u00e6rums Skiklub<\/li>\n<li class=\"_item_o9xde_30\">Tormod Frostad, B\u00e6rums Skiklub<\/li>\n<\/ul>\n<p>Curling (mixed):<\/p>\n<ul class=\"_list_o9xde_3 _list_xtcu6_9 _list_16v91_9 _unordered_o9xde_106 layout-component text-serif-m layout-normal text-sans-m layout-padded\" itemprop=\"text\">\n<li class=\"_item_o9xde_30\">Magnus Nedregotten, Lillehammer Curlingklubb<\/li>\n<li class=\"_item_o9xde_30\">Kristin Moen Skaslien, Lillehammer Curlingklubb<\/li>\n<\/ul>\n<p>Langrenn:<\/p>\n<ul class=\"_list_o9xde_3 _list_xtcu6_9 _list_16v91_9 _unordered_o9xde_106 layout-component text-serif-m layout-normal text-sans-m layout-padded\" itemprop=\"text\">\n<li class=\"_item_o9xde_30\">Harald \u00d8stberg Amundsen, Asker Skiklubb<\/li>\n<li class=\"_item_o9xde_30\">Einar Hedegart, Inder\u00f8y IL<\/li>\n<li class=\"_item_o9xde_30\">Johannes H\u00f8sflot Kl\u00e6bo, By\u00e5sen IL<\/li>\n<li class=\"_item_o9xde_30\">Martin L\u00f8wstr\u00f8m Nyenget, Lillehammer Skiklub<\/li>\n<li class=\"_item_o9xde_30\">Erik Valnes, Bardufoss og Omegn IF<\/li>\n<li class=\"_item_o9xde_30\">Kristine Stav\u00e5s Skistad, Konnerud IL<\/li>\n<li class=\"_item_o9xde_30\">Astrid \u00d8yre Slind, Oppdal IL<\/li>\n<li class=\"_item_o9xde_30\">Heidi Weng, IL i BUL<\/li>\n<\/ul>\n<p>Sk\u00f8yter:<\/p>\n<ul class=\"_list_o9xde_3 _list_xtcu6_9 _list_16v91_9 _unordered_o9xde_106 layout-component text-serif-m layout-normal text-sans-m layout-padded\" itemprop=\"text\">\n<li class=\"_item_o9xde_30\">Ragne Wiklund, Aktiv Sk\u00f8yteklubb<\/li>\n<li class=\"_item_o9xde_30\">Sander Eitrem, Nord-Odal IL<\/li>\n<li class=\"_item_o9xde_30\">Peder Kongshaug, Stavanger Sandnes Sk\u00f8yteklubb<\/li>\n<li class=\"_item_o9xde_30\">Bj\u00f8rn Magnussen, Sportsklubben Falken<\/li>\n<\/ul>\n<p class=\"_paragraph_o9xde_4 _paragraph_xtcu6_10 layout-component text-serif-m layout-normal text-serif-m layout-padded\">Alpint, skiskyting, kombinert og hopp har forel\u00f8pig ikke tatt ut noen ut\u00f8vere.<\/p>\n<p class=\"_paragraph_o9xde_4 _paragraph_xtcu6_10 layout-component text-serif-m layout-normal text-serif-m layout-padded\">\u2013 Vi har tett dialog med idrettene. Idrettene har litt ulik uttakspraksis, og noen \u00f8nsker \u00e5 vente til utp\u00e5 ny\u00e5ret. I dette f\u00f8rste uttaket har vi prioritert \u00e5 ta ut de klareste kandidatene i de idrettene som \u00f8nsker uttak n\u00e5. For oss i Olympiatoppen er det viktig at uttaksprosessen blir en positiv del av forberedelsene til \u00e5 prestere i OL og Paralympics, sier Tore \u00d8vreb\u00f8, toppidrettssjef.<\/p>\n<p>F\u00f8rste Paralympics-uttakCurling:<\/p>\n<ul class=\"_list_o9xde_3 _list_xtcu6_9 _list_16v91_9 _unordered_o9xde_106 layout-component text-serif-m layout-normal text-sans-m layout-padded\" itemprop=\"text\">\n<li class=\"_item_o9xde_30\">Ingrid Djupsk\u00e5s, Stabekk Curlingklubb<\/li>\n<li class=\"_item_o9xde_30\">Geir Arne Skogstad, Trondheim Curlingklubb<\/li>\n<li class=\"_item_o9xde_30\">Jostein Stordahl, Halden Curling Club<\/li>\n<li class=\"_item_o9xde_30\">Mia Larsen Sveberg, Trondheim Curlingklubb<\/li>\n<li class=\"_item_o9xde_30\">Ole Fredrik Syversen, Halden Curling Club<\/li>\n<\/ul>\n<p>Langrenn:<\/p>\n<ul class=\"_list_o9xde_3 _list_xtcu6_9 _list_16v91_9 _unordered_o9xde_106 layout-component text-serif-m layout-normal text-sans-m layout-padded\" itemprop=\"text\">\n<li class=\"_item_o9xde_30\">Vilde Nilsen, Kval\u00f8ysletta Skilag<\/li>\n<\/ul>\n<p class=\"_paragraph_o9xde_4 _paragraph_xtcu6_10 layout-component text-serif-m layout-normal text-serif-m layout-padded\">Dette vinter-OL g\u00e5r under navnet \u00abMilano\/Cortina\u00bb, men noen av idrettene skal ogs\u00e5 arrangeres i Bormio, Livigno, Anterselva, Val di Fiemme og Predazzo. <\/p>\n<p class=\"_paragraph_o9xde_4 _paragraph_xtcu6_10 layout-component text-serif-m layout-normal text-serif-m layout-padded\">Olympiatoppen har satt m\u00e5l om 35 medaljer i OL. Det er spadd at kostnaden for den norske troppen vil v\u00e6re rundt 14 millioner kroner. <\/p>\n<p class=\"_paragraph_o9xde_4 _paragraph_xtcu6_10 layout-component text-serif-m layout-normal text-serif-m layout-padded\">\u00c5pningsseremonien er 6. februar p\u00e5 fotballstadion San Siro i Milano. Lekene varer til 22. februar. <\/p>\n<p class=\"_paragraph_o9xde_4 _paragraph_xtcu6_10 layout-component text-serif-m layout-normal text-serif-m layout-padded\">Paralympics g\u00e5r 6-15. mars.<\/p>\n","protected":false},"excerpt":{"rendered":"Olympiatoppens har delt ut sine f\u00f8rste billetter til Italia. Einar Hedegart under seieren i Davos. Foto: GIAN EHRENZELLER&hellip;\n","protected":false},"author":2,"featured_media":114556,"comment_status":"","ping_status":"","sticky":false,"template":"","format":"standard","meta":{"footnotes":""},"categories":[59],"tags":[11507,30,28,29,83,82,3428,399],"class_list":{"0":"post-114555","1":"post","2":"type-post","3":"status-publish","4":"format-standard","5":"has-post-thumbnail","7":"category-sport","8":"tag-einar-hedegart","9":"tag-no","10":"tag-norge","11":"tag-norway","12":"tag-sport","13":"tag-sports","14":"tag-vinter-ol","15":"tag-vintersport"},"share_on_mastodon":{"url":"https:\/\/pubeurope.com\/@no\/115728970714865148","error":""},"_links":{"self":[{"href":"https:\/\/www.europesays.com\/no\/wp-json\/wp\/v2\/posts\/114555","targetHints":{"allow":["GET"]}}],"collection":[{"href":"https:\/\/www.europesays.com\/no\/wp-json\/wp\/v2\/posts"}],"about":[{"href":"https:\/\/www.europesays.com\/no\/wp-json\/wp\/v2\/types\/post"}],"author":[{"embeddable":true,"href":"https:\/\/www.europesays.com\/no\/wp-json\/wp\/v2\/users\/2"}],"replies":[{"embeddable":true,"href":"https:\/\/www.europesays.com\/no\/wp-json\/wp\/v2\/comments?post=114555"}],"version-history":[{"count":0,"href":"https:\/\/www.europesays.com\/no\/wp-json\/wp\/v2\/posts\/114555\/revisions"}],"wp:featuredmedia":[{"embeddable":true,"href":"https:\/\/www.europesays.com\/no\/wp-json\/wp\/v2\/media\/114556"}],"wp:attachment":[{"href":"https:\/\/www.europesays.com\/no\/wp-json\/wp\/v2\/media?parent=114555"}],"wp:term":[{"taxonomy":"category","embeddable":true,"href":"https:\/\/www.europesays.com\/no\/wp-json\/wp\/v2\/categories?post=114555"},{"taxonomy":"post_tag","embeddable":true,"href":"https:\/\/www.europesays.com\/no\/wp-json\/wp\/v2\/tags?post=114555"}],"curies":[{"name":"wp","href":"https:\/\/api.w.org\/{rel}","templated":true}]}}