{"id":114557,"date":"2025-12-16T11:18:25","date_gmt":"2025-12-16T11:18:25","guid":{"rendered":"https:\/\/www.europesays.com\/no\/114557\/"},"modified":"2025-12-16T11:18:25","modified_gmt":"2025-12-16T11:18:25","slug":"myten-om-mozart-og-salieri","status":"publish","type":"post","link":"https:\/\/www.europesays.com\/no\/114557\/","title":{"rendered":"Myten om Mozart og Salieri"},"content":{"rendered":"\n<ul class=\"_list_o9xde_3 _list_64s2r_85 _unordered_o9xde_106 text-sans-m\">\n<li class=\"_item_o9xde_30\">En ny TV-serie, \u00abAmadeus\u00bb, puster liv i teorien om at Mozart ble myrdet.<\/li>\n<li class=\"_item_o9xde_30\">Serien f\u00f8lger rivaliseringen mellom Mozart, spilt av Will Sharpe, og Salieri, spilt av Paul Bettany.<\/li>\n<li class=\"_item_o9xde_30\">Historien utforsker myter og dramatikk, med rikelig av fiksjon og gotisk bekjennelse.<\/li>\n<li class=\"_item_o9xde_30\">\u00abAmadeus\u00bb har premiere p\u00e5 Sky Showtime 2. januar.<\/li>\n<\/ul>\n<p>Vis mer <\/p>\n<p class=\"_paragraph_o9xde_4 _paragraph_xtcu6_10 layout-component text-serif-m layout-normal text-serif-m layout-padded\">Miniserien bl\u00e5ser nytt liv i p\u00e5standen om at Wolfgang Amadeus <a href=\"https:\/\/www.vg.no\/tag\/mozart?utm_source=vg-article&amp;utm_medium=auto-tagger&amp;utm_campaign=vrmJQX\" class=\"_link_o9xde_39\" rel=\"nofollow noopener\" target=\"_blank\">Mozart<\/a> ble myrdet, bare 35 \u00e5r gammel. <\/p>\n<p class=\"_paragraph_o9xde_4 _paragraph_xtcu6_10 layout-component text-serif-m layout-normal text-serif-m layout-padded\">Den angivelige gjerningsmannen var keiser Josefs mektige hoffkomponist Antonio Salieri.<\/p>\n<p class=\"_paragraph_o9xde_4 _paragraph_xtcu6_10 layout-component text-serif-m layout-normal text-serif-m layout-padded\">I serien \u2013 basert p\u00e5 Milo\u0161 Formans biografiske musikkdrama \u2013fremstilles han av <a href=\"https:\/\/no.wikipedia.org\/wiki\/Paul_Bettany\" class=\"_link_o9xde_39\" rel=\"nofollow noopener\" target=\"_blank\">Paul Bettany<\/a> (\u00abDogville\u00bb), mens \u00abWhite Lotus\u00bb-stjernen <a href=\"https:\/\/en.wikipedia.org\/wiki\/Will_Sharpe\" class=\"_link_o9xde_39\" rel=\"nofollow noopener\" target=\"_blank\">Will Sharpe<\/a> innehar tittelrollen.<\/p>\n<p class=\"_paragraph_o9xde_4 _paragraph_xtcu6_10 layout-component text-serif-m layout-normal text-serif-m layout-padded\">Produksjonen karakteriseres som \u00abet kjempel\u00f8ft\u00bb av str\u00f8mmetjenesten SkyShowtime. <\/p>\n<p><img alt=\"VAR HAN DRAPSMANN?: P\u00e5 d\u00f8dsleiet hevdet Antonio Salieri (Paul Bettany) at han hadde tatt livet av Mozart. En tilst\u00e5else han rakk \u00e5 trekke tilbake f\u00f8r han gikk bort.   Foto: Adrienn Szabo \/ SkyShowtime\" class=\"_image_qp4xg_65 layout-component layout-normal\" data-fullscreen- data-track-element-type=\"Article image fullscreen\" data-track-name=\"ImageFullscreen\" decoding=\"async\" loading=\"lazy\" height=\"2667\" itemprop=\"image\"  src=\"https:\/\/www.europesays.com\/no\/wp-content\/uploads\/2025\/12\/27223f9d-e94f-475d-a6e0-697951e80398\"  style=\"object-position:0% 0%\" width=\"4000\"\/>VAR HAN DRAPSMANN?: P\u00e5 d\u00f8dsleiet hevdet Antonio Salieri (Paul Bettany) at han hadde tatt livet av Mozart. En tilst\u00e5else han rakk \u00e5 trekke tilbake f\u00f8r han gikk bort.   Foto: Adrienn Szabo \/ SkyShowtime<\/p>\n<p class=\"_paragraph_o9xde_4 _paragraph_xtcu6_10 layout-component text-serif-m layout-normal text-serif-m layout-padded\">Rivaliseringen mellom Mozart og Salieri er opplest og vedtatt som en historisk sannhet. Men den hviler p\u00e5 et anekdotisk premiss om at Salieri i et forvirret \u00f8yeblikk mot slutten av livet skal ha tilst\u00e5tt drapet.<\/p>\n<p class=\"_paragraph_o9xde_4 _paragraph_xtcu6_10 layout-component text-serif-m layout-normal text-serif-m layout-padded\"><strong class=\"_strong_o9xde_25\">En innr\u00f8mmelse som ettertiden har tolket p\u00e5 ulikt vis:<\/strong><\/p>\n<p class=\"_paragraph_o9xde_4 _paragraph_xtcu6_10 layout-component text-serif-m layout-normal text-serif-m layout-padded\">Salieris elev, Beethoven, mente at tilst\u00e5elsen m\u00e5tte forst\u00e5s bokstavelig. Andre avviste den som gal manns snakk, fordi komponisten p\u00e5 angjeldende tidspunkt var omt\u00e5ket av sykdom.<\/p>\n<p class=\"_paragraph_o9xde_4 _paragraph_xtcu6_10 layout-component text-serif-m layout-normal text-serif-m layout-padded\">En tredje skole har tolket skriftem\u00e5let i overf\u00f8rt betydning; at Salieri fremstilte seg som Mozarts fortrolige mens han samtidig brukte sin innflytelse til \u00e5 forhindre at det unge geniet fikk skapt og oppf\u00f8rt nye verker. <\/p>\n<p class=\"_paragraph_o9xde_4 _paragraph_xtcu6_10 layout-component text-serif-m layout-normal text-serif-m layout-padded\">Alts\u00e5 at Salieri indirekte fikk tynt Mozart for krefter, skaperevner og til slutt liv.<\/p>\n<p>Antonio Salieri<\/p>\n<p class=\"_paragraph_o9xde_4 _paragraph_xtcu6_10 _paragraph_16v91_10 layout-component text-serif-m layout-normal text-sans-m layout-padded\" itemprop=\"text\">Antonio Salieri (1750\u20131825) var en italienskf\u00f8dt komponist og dirigent som gjorde karriere i Wien og ble en av sin tids mest innflytelsesrike musikkpersonligheter. Han kom som ung til Habsburg-hovedstaden og steg raskt i gradene ved hoffet. <\/p>\n<p class=\"_paragraph_o9xde_4 _paragraph_xtcu6_10 _paragraph_16v91_10 layout-component text-serif-m layout-normal text-sans-m layout-padded\" itemprop=\"text\">Salieri skrev s\u00e6rlig operaer, men ogs\u00e5 kirkemusikk og instrumentalverker, og ble kjent for solid h\u00e5ndverk, dramatiske instinkter og sikker stilforst\u00e5else i den klassiske epoken.<\/p>\n<p class=\"_paragraph_o9xde_4 _paragraph_xtcu6_10 _paragraph_16v91_10 layout-component text-serif-m layout-normal text-sans-m layout-padded\" itemprop=\"text\">I 1788 ble han keiserlig kapellmester (Hofkapellmeister), en topposisjon i Wiens musikkliv, og han underviste en rekke fremtidige storheter: blant dem Ludwig van Beethoven, Franz Schubert og Franz Liszt. <\/p>\n<p class=\"_paragraph_o9xde_4 _paragraph_xtcu6_10 _paragraph_16v91_10 layout-component text-serif-m layout-normal text-sans-m layout-padded\" itemprop=\"text\">Salieri var lenge h\u00f8yt respektert, men ettertiden har ofte sett ham gjennom myten om et fiendtlig forhold til Mozart \u2013 en forestilling som s\u00e6rlig ble popularisert gjennom teaterstykket og filmen Amadeus. Forskning gir ikke grunnlag for et slikt karikert rivalbilde; Salieri var f\u00f8rst og fremst en sentral administrator, l\u00e6rer og komponist i Wien.<\/p>\n<p class=\"_paragraph_o9xde_4 _paragraph_xtcu6_10 layout-component text-serif-m layout-normal text-serif-m layout-padded\">I TV-giganten Skys storsatsing i fem deler skrus volumet opp p\u00e5 alle disse mytene. Fortellingen om Mozart er brolagt med pudderparykker og prostituerte, prestekrager og partiturer \u2013 samt nye tr\u00e5der av skaml\u00f8s fiksjon, spunnet rundt en historie som allerede er tungt marinert i fri diktning. <\/p>\n<p class=\"_paragraph_o9xde_4 _paragraph_xtcu6_10 layout-component text-serif-m layout-normal text-serif-m layout-padded\">Serien er skrevet av \u00ab<a href=\"https:\/\/en.wikipedia.org\/wiki\/Black_Doves\" class=\"_link_o9xde_39\" rel=\"nofollow noopener\" target=\"_blank\">Black Doves<\/a>\u00bb-skaperen Joe Barton, og i likhet med Formans film bygger den p\u00e5 Peter Schaffers skuespill fra 1979.<\/p>\n<p><img decoding=\"async\" alt=\"Bilde av Joe Barton, serieskaper.\" class=\"_image_ygndg_42\" height=\"53\" itemprop=\"image\" loading=\"lazy\"  src=\"https:\/\/www.europesays.com\/no\/wp-content\/uploads\/2025\/12\/22ac4a54-8efd-4e1d-b942-8d5654d15cdc\"  width=\"40\"\/><strong class=\"_name_ygndg_51 title-serif-xs\">Joe Barton, serieskaper.<\/strong><\/p>\n<p class=\"_paragraph_o9xde_4 _paragraph_xtcu6_10 layout-component text-serif-m layout-normal text-serif-m layout-padded\">Utgangspunktet er kjent: 25 \u00e5r gamle Wolfgang Amadeus Mozart ankommer Wien for \u00e5 skape sitt eget liv, fri fra den strenge faren Leopold og rollen som omreisende vidunderbarn. <\/p>\n<p class=\"_paragraph_o9xde_4 _paragraph_xtcu6_10 layout-component text-serif-m layout-normal text-serif-m layout-padded\">Der m\u00f8ter han sangeren Constanze Weber, som snart blir b\u00e5de muse og ektefelle \u2013 og billetten inn til hoffkomponisten Antonio Salieri, mannen som kontrollerer lydsporet til Josef II, konge av Tyskland og keiser av det tysk-romerske rike.<\/p>\n<p>Wolfgang Amadeus Mozart<\/p>\n<p class=\"_paragraph_o9xde_4 _paragraph_xtcu6_10 _paragraph_16v91_10 layout-component text-serif-m layout-normal text-sans-m layout-padded\" itemprop=\"text\">Wolfgang Amadeus Mozart (1756\u20131791) var en \u00f8sterriksk komponist og pianist, regnet blant de aller st\u00f8rste i musikkhistorien. Han ble f\u00f8dt i Salzburg og viste tidlig et ekstraordin\u00e6rt talent, sterkt st\u00f8ttet og organisert av faren Leopold Mozart. Allerede som barn turnerte han ved Europas hoff og imponerte med b\u00e5de klaverspill og komposisjoner. Som voksen virket han i perioder ved erkebiskopens hoff i Salzburg, f\u00f8r han slo seg ned i Wien som frilansmusiker \u2013 en uvanlig og risikabel rolle i en tid dominert av faste ansettelser.<\/p>\n<p class=\"_paragraph_o9xde_4 _paragraph_xtcu6_10 _paragraph_16v91_10 layout-component text-serif-m layout-normal text-sans-m layout-padded\" itemprop=\"text\">Mozart skrev i de fleste sjangre: opera (blant annet Figaros bryllup, Don Giovanni og Tryllefl\u00f8yten), symfonier, konserter, kammermusikk og kirkemusikk. Han kombinerte teknisk eleganse med dramatisk nerve og en sjeldent melodisk oppfinnsomhet. Han d\u00f8de bare 35 \u00e5r gammel i Wien, og ble etter sin d\u00f8d et ikon for den klassiske musikkens idealer.<\/p>\n<p class=\"_paragraph_o9xde_4 _paragraph_xtcu6_10 layout-component text-serif-m layout-normal text-serif-m layout-padded\">Fortellingen rammes inn av en aldrende, dypt ulykkelig Salieri. Forpint av misunnelse, yrkesstolthet og religi\u00f8se nevroser, fors\u00f8ker han \u00e5 ta livet av seg ved \u00e5 hoppe ut av vinduet. P\u00e5 d\u00f8dsleiet \u00abtilst\u00e5r\u00bb han at han har brukt hele sitt voksne liv p\u00e5 \u00e5 sabotere Mozart. <\/p>\n<p class=\"_paragraph_o9xde_4 _paragraph_xtcu6_10 layout-component text-serif-m layout-normal text-serif-m layout-padded\">Dermed er tonen satt: <\/p>\n<p class=\"_paragraph_o9xde_4 _paragraph_xtcu6_10 layout-component text-serif-m layout-normal text-serif-m layout-padded\"><strong class=\"_strong_o9xde_25\">Dette er ikke en faktadrevet BBC-dokumentar om klassisk musikk, men en gotisk bekjennelse om sjalusi, famlende gudstro og kunstnerisk selvhat.<\/strong><\/p>\n<p class=\"_paragraph_o9xde_4 _paragraph_xtcu6_10 layout-component text-serif-m layout-normal text-serif-m layout-padded\">Sky-serien st\u00e5r p\u00e5 skuldrene av flere forgjengere: F\u00f8rst skrev Aleksandr Pusjkin sitt drama \u00abMozart og Salieri\u00bb i 1830, der Salieri heller gift i vinglasset til rivalen. Senere gjorde Rimskij-Korsakov forelegget til opera. <\/p>\n<p><img alt=\"TITTELROLLE: Will Sharpe, kjent som \u00abEthan Spiller i Sicilia-sesongen av \u00abThe White Lotus\u00bb, er Wolfgang Amadeus Mozart i den nye TV-serien.  Foto: Lucy North \/ Pa Photos \/ NTB\" class=\"_image_qp4xg_65 layout-component layout-normal\" data-fullscreen- data-track-element-type=\"Article image fullscreen\" data-track-name=\"ImageFullscreen\" decoding=\"async\" loading=\"lazy\" height=\"4000\" itemprop=\"image\"  src=\"https:\/\/www.europesays.com\/no\/wp-content\/uploads\/2025\/12\/0efa6b67-012b-4f8b-9f72-8919bb3a6e88\"  style=\"object-position:0% 0%\" width=\"6000\"\/>TITTELROLLE: Will Sharpe, kjent som \u00abEthan Spiller i Sicilia-sesongen av \u00abThe White Lotus\u00bb, er Wolfgang Amadeus Mozart i den nye TV-serien.  Foto: Lucy North \/ Pa Photos \/ NTB<\/p>\n<p class=\"_paragraph_o9xde_4 _paragraph_xtcu6_10 layout-component text-serif-m layout-normal text-serif-m layout-padded\">I 1979 tok den britiske dramatikeren <a href=\"https:\/\/no.wikipedia.org\/wiki\/Peter_Shaffer\" class=\"_link_o9xde_39\" rel=\"nofollow noopener\" target=\"_blank\">Peter Shaffer<\/a> stafettpinnen videre, og formet historien til et psykologisk kammerspill om middelm\u00e5dighet og guddommelig begavelse.<\/p>\n<p class=\"_paragraph_o9xde_4 _paragraph_xtcu6_10 layout-component text-serif-m layout-normal text-serif-m layout-padded\">Teaterstykket ble en sensasjon i London og p\u00e5 Broadway, og i 1984 kom Milo\u0161 Formans spillefilm..<\/p>\n<p class=\"_paragraph_o9xde_4 _paragraph_xtcu6_10 layout-component text-serif-m layout-normal text-serif-m layout-padded\">Siden den gang har Tom Hulces hysteriske gurglelatter og F. Murray Abrahams eksalterte ansikt i n\u00e6rbilde definert forholdet mellom Mozart og Salieri for flere generasjoner.<\/p>\n<p class=\"_paragraph_o9xde_4 _paragraph_xtcu6_10 layout-component text-serif-m layout-normal text-serif-m layout-padded\">(Artikkelen fortsetter under bildet)<\/p>\n<p><img alt=\"LATTERMILD: Tom Hulce spilte tittelrollen i Milo\u0161 Formans storfilm fra 1984.  Foto: Diverse \/ Diverse\" class=\"_image_qp4xg_65 layout-component layout-normal\" data-fullscreen- data-track-element-type=\"Article image fullscreen\" data-track-name=\"ImageFullscreen\" decoding=\"async\" loading=\"lazy\" height=\"2975\" itemprop=\"image\"  src=\"https:\/\/www.europesays.com\/no\/wp-content\/uploads\/2025\/12\/2473066d-2597-462b-8487-a51029c6bfe9\"  style=\"object-position:0% 0%\" width=\"2214\"\/>LATTERMILD: Tom Hulce spilte tittelrollen i Milo\u0161 Formans storfilm fra 1984.  Foto: Diverse \/ Diverse<\/p>\n<p class=\"_paragraph_o9xde_4 _paragraph_xtcu6_10 layout-component text-serif-m layout-normal text-serif-m layout-padded\">Forestillingen ble satt opp i Norge av Toralv Maurstad p\u00e5 Nationaltheatret allerede i 1980, med Ole-J\u00f8rgen Nilsen (Salieri) og Svein Sturla Hungnes (Mozart), og har siden blitt spilt p\u00e5 seks norske scener. Siste gang s\u00e5 sent som i 2023. <\/p>\n<p class=\"_paragraph_o9xde_4 _paragraph_xtcu6_10 layout-component text-serif-m layout-normal text-serif-m layout-padded\">I 2001 gjorde Tr\u00f8ndelag Teater og Oslo Nye Teater en samarbeidsproduksjon med Terje Str\u00f8mdahl som Salieri. For sin fremstilling av den plagede komponisten mottok han Heddaprisen for \u00abs\u00e6rlig fremragende sceneprestasjon\u00bb.<\/p>\n<p class=\"_paragraph_o9xde_4 _paragraph_xtcu6_10 layout-component text-serif-m layout-normal text-serif-m layout-padded\">Stykket, i regi av Carl J\u00f8rgen Ki\u00f8nig, ble ogs\u00e5 Anders Baasmo Christiansens sceniske gjennombrudd i tittelrollen som Mozart. Forestillingen fikk terningkast seks her i VG.<\/p>\n<p><img alt=\"HEDERSMANN: Terje Str\u00f8mdahl h\u00f8stet kollektiv anmelderheder samt Heddapris for \u00absin\u00bb Salieri i 2001.  Foto: NED ALLEY, VG \/ Faksimile: VG\" class=\"_image_qp4xg_65 layout-component layout-normal\" data-fullscreen- data-track-element-type=\"Article image fullscreen\" data-track-name=\"ImageFullscreen\" decoding=\"async\" loading=\"lazy\" height=\"1668\" itemprop=\"image\"  src=\"https:\/\/www.europesays.com\/no\/wp-content\/uploads\/2025\/12\/12693748-599c-4b16-8aa7-78a7d5b05f06\"  style=\"object-position:0% 0%\" width=\"2500\"\/>HEDERSMANN: Terje Str\u00f8mdahl h\u00f8stet kollektiv anmelderheder samt Heddapris for \u00absin\u00bb Salieri i 2001.  Foto: NED ALLEY, VG \/ Faksimile: VG<\/p>\n<p class=\"_paragraph_o9xde_4 _paragraph_xtcu6_10 layout-component text-serif-m layout-normal text-serif-m layout-padded\">Joe Bartons \u00abAmadeus\u00bb hadde verdenspremiere forrige uke p\u00e5 den italienske prestisjefestivalen <a href=\"https:\/\/www.noirfest.com\/en\/program\/amadeus-eng\/\" class=\"_link_o9xde_39\" rel=\"nofollow noopener\" target=\"_blank\">Noir<\/a> \u2013 et m\u00f8tested for krim, klassisk kultur og nye trender innen film og litteratur.<\/p>\n<p class=\"_paragraph_o9xde_4 _paragraph_xtcu6_10 layout-component text-serif-m layout-normal text-serif-m layout-padded\">Der Formans film ga oss en fnisete, infantil 1700-talls Mozart og en noe ensporet Salieri, kliner Barton til med punkenergisk prestisje-TV anno 2025. <\/p>\n<p class=\"_paragraph_o9xde_4 _paragraph_xtcu6_10 layout-component text-serif-m layout-normal text-serif-m layout-padded\">Serien hopper uanstrengt mellom konsertsal, keiserpalass og bordell, og lar det unge geniet t\u00f8ylesl\u00f8st ta for seg av bordets og sengens gleder. <\/p>\n<p class=\"_paragraph_o9xde_4 _paragraph_xtcu6_10 layout-component text-serif-m layout-normal text-serif-m layout-padded\">I \u00e9n scene har Mozart sex med en prinsesse han egentlig skal l\u00e6re \u00e5 spille piano. I en annen hyrer Salieri en prostituert til \u00e5 daske ham under akten, som terapi, vel \u00e5 merke, mot selvhatet. <\/p>\n<p class=\"_paragraph_o9xde_4 _paragraph_xtcu6_10 layout-component text-serif-m layout-normal text-serif-m layout-padded\">Og midt i det hele: Fru Mozart, som dropper premieren p\u00e5 ektemannens storverk, \u00abFigaros bryllup\u00bb, for \u00e5 ha seg med hans elev, Franz Xaver S\u00fcssmayr, i en kirke.<\/p>\n<p><img decoding=\"async\" alt=\"Bilde av Gabrielle Creevy\" class=\"_image_ygndg_42\" height=\"55\" itemprop=\"image\" loading=\"lazy\"  src=\"https:\/\/www.europesays.com\/no\/wp-content\/uploads\/2025\/12\/08feae9e-f61f-4da6-b907-4ca91999510f\"  width=\"40\"\/><strong class=\"_name_ygndg_51 title-serif-xs\">Gabrielle Creevy<\/strong><\/p>\n<p class=\"_paragraph_o9xde_4 _paragraph_xtcu6_10 layout-component text-serif-m layout-normal text-serif-m layout-padded\">Ryktene om et forhold mellom Constanze og <a href=\"https:\/\/no.wikipedia.org\/wiki\/Franz_Xaver_S%C3%BC%C3%9Fmayr\" class=\"_link_o9xde_39\" rel=\"nofollow noopener\" target=\"_blank\">S\u00fcssmayr<\/a> er ikke helt nye; han fikk faktisk jobben med \u00e5 fullf\u00f8re Mozarts uferdige d\u00f8dsmesse, \u00abRequiem\u00bb, og s\u00f8nnen hennes endte opp med samme fornavn som komponisten. <\/p>\n<p class=\"_paragraph_o9xde_4 _paragraph_xtcu6_10 layout-component text-serif-m layout-normal text-serif-m layout-padded\">Men kopulering p\u00e5 kirkegulv under ektemannens st\u00f8rste triumf finnes kun i TV-manuset. Historikere har aldri funnet belegg for hverken det, eller for at Salieri brukte Mozart som musikalsk blodbank p\u00e5 d\u00f8dsleiet.<\/p>\n<p class=\"_paragraph_o9xde_4 _paragraph_xtcu6_10 layout-component text-serif-m layout-normal text-serif-m layout-padded\">Seriens Constanze (<a href=\"https:\/\/www.standard.co.uk\/culture\/tvfilm\/gabrielle-creevy-interview-the-guest-black-doves-b1245568.html\" class=\"_link_o9xde_39\" rel=\"nofollow noopener\" target=\"_blank\">Gabrielle Creevy<\/a>) er for \u00f8vrig alt annet enn den fjompete figuren mange vil huske fra filmen. Hun er smart, jordn\u00e6r og fungerer mer som moralsk kompass enn komisk innslag, selv om Barton alts\u00e5 lar henne ta noen sidesprang p\u00e5 veien.<\/p>\n<p><img alt=\"GJENSYN: F. Murray Abraham (t.v.) og Tom Hulce (t.h.) i 2017\u201333 \u00e5r etter \u00abAmadeus\u00bb. De spilte henholdsvis Salieri og Mozart.   Foto: Evan Agostini \/ AP \/ NTB\" class=\"_image_qp4xg_65 layout-component layout-normal\" data-fullscreen- data-track-element-type=\"Article image fullscreen\" data-track-name=\"ImageFullscreen\" decoding=\"async\" loading=\"lazy\" height=\"2569\" itemprop=\"image\"  src=\"https:\/\/www.europesays.com\/no\/wp-content\/uploads\/2025\/12\/8c626102-a0c2-4b44-b7a2-9d58a6da31f2\"  style=\"object-position:0% 0%\" width=\"3500\"\/>GJENSYN: F. Murray Abraham (t.v.) og Tom Hulce (t.h.) i 2017\u201333 \u00e5r etter \u00abAmadeus\u00bb. De spilte henholdsvis Salieri og Mozart.   Foto: Evan Agostini \/ AP \/ NTB<\/p>\n<p class=\"_paragraph_o9xde_4 _paragraph_xtcu6_10 layout-component text-serif-m layout-normal text-serif-m layout-padded\"><strong class=\"_strong_o9xde_25\">S\u00e5 \u2013 det store sp\u00f8rsm\u00e5let: Ble Mozart forgiftet av Salieri? <\/strong><\/p>\n<p class=\"_paragraph_o9xde_4 _paragraph_xtcu6_10 layout-component text-serif-m layout-normal text-serif-m layout-padded\">Svaret er stadig et ganske sannsynlig (og kjedelig) \u00abnei\u00bb. Mozart d\u00f8de antagelig av nyrebetennelse utl\u00f8st av en feilbehandlet streptokokkinfeksjon. <\/p>\n<p class=\"_paragraph_o9xde_4 _paragraph_xtcu6_10 layout-component text-serif-m layout-normal text-serif-m layout-padded\">Kombinert med langvarig overarbeid og et kosthold preget av mer flytende f\u00f8de enn sunt er, led han et smertefullt sykeleie f\u00f8r han gikk bort, 35 \u00e5r gammel.<\/p>\n<p class=\"_paragraph_o9xde_4 _paragraph_xtcu6_10 layout-component text-serif-m layout-normal text-serif-m layout-padded\">Hvis noen drepte Wolfgang Amadeus Mozart, var det ham selv.<\/p>\n<p class=\"_paragraph_o9xde_4 _paragraph_xtcu6_10 layout-component text-serif-m layout-normal text-serif-m layout-padded\">Rivalisering mellom de to samtidige komponistene fantes nok, men virkelighetens Salieri dirigerte jevnlig Mozarts verk, og tok etter hans d\u00f8d s\u00f8nnen, Franz Xaver, som sin elev. <\/p>\n<p class=\"_paragraph_o9xde_4 _paragraph_xtcu6_10 layout-component text-serif-m layout-normal text-serif-m layout-padded\">S\u00e5 mye for forestillingen om \u00abmiddelm\u00e5dighetens skytshelgen\u00bb, som Salieri \u2013 i filmen \u2013 kaller seg selv. Likevel er det nettopp den rollen Shaffer (og n\u00e5 Barton) tviholder p\u00e5: mannen som har f\u00e5tt nok talent til \u00e5 forst\u00e5 at han aldri vil bli Mozart.<\/p>\n<p class=\"_paragraph_o9xde_4 _paragraph_xtcu6_10 layout-component text-serif-m layout-normal text-serif-m layout-padded\">Peter Shaffer sa selv at han \u00abhelt \u00e5penlyst gjorde krav p\u00e5 historiefortellerens lisens til \u00e5 pynte p\u00e5 sannheten\u00bb \u2013 s\u00e5 lenge det grep publikum og tydeliggjorde konflikten.<\/p>\n<p><img alt=\"SEIERHERRENE: Manusforfatter Peter Shaffer \/t.v.), skuespiller F. Murray Abraham og regiss\u00f8r Milo\u0161 Forman med hver sin Oscar etter prisutdelingen i 1985. I alt fikk \u00abAmadeus\u00bb \u00e5tte Oscar.  Foto: Anonymous \/ AP \/ NTB\" class=\"_image_qp4xg_65 layout-component layout-normal\" data-fullscreen- data-track-element-type=\"Article image fullscreen\" data-track-name=\"ImageFullscreen\" decoding=\"async\" loading=\"lazy\" height=\"2007\" itemprop=\"image\"  src=\"https:\/\/www.europesays.com\/no\/wp-content\/uploads\/2025\/12\/f41faf99-bce6-44bb-aa09-74b36923baf7\"  style=\"object-position:0% 0%\" width=\"3001\"\/>SEIERHERRENE: Manusforfatter Peter Shaffer \/t.v.), skuespiller F. Murray Abraham og regiss\u00f8r Milo\u0161 Forman med hver sin Oscar etter prisutdelingen i 1985. I alt fikk \u00abAmadeus\u00bb \u00e5tte Oscar.  Foto: Anonymous \/ AP \/ NTB<\/p>\n<p class=\"_paragraph_o9xde_4 _paragraph_xtcu6_10 layout-component text-serif-m layout-normal text-serif-m layout-padded\">Barton f\u00f8lger samme partitur: Han ofrer et noenlunde kjent faktagrunnlag p\u00e5 sjalusiens alter for \u00e5 bygge opp under et tydelig tema om frykten for \u00e5 v\u00e6re middelm\u00e5dig.<\/p>\n<p class=\"_paragraph_o9xde_4 _paragraph_xtcu6_10 layout-component text-serif-m layout-normal text-serif-m layout-padded\">Resultatet er en serie som beveger seg i h\u00f8yt tempo gjennom de klassiske stoppestedene i Mozarts liv. <\/p>\n<p class=\"_paragraph_o9xde_4 _paragraph_xtcu6_10 layout-component text-serif-m layout-normal text-serif-m layout-padded\">Alt iscenesatt og filmet i Budapest med nok gull, fl\u00f8yel og stearinlys til \u00e5 holde NRKs kostymeavdeling v\u00e5ken om natten.<\/p>\n<p class=\"_paragraph_o9xde_4 _paragraph_xtcu6_10 layout-component text-serif-m layout-normal text-serif-m layout-padded\">\u00abAmadeus\u00bb f\u00e5r premiere i Norge p\u00e5 Sky Showtime 2. januar.<\/p>\n<p>Les ogs\u00e5<\/p>\n","protected":false},"excerpt":{"rendered":"En ny TV-serie, \u00abAmadeus\u00bb, puster liv i teorien om at Mozart ble myrdet. Serien f\u00f8lger rivaliseringen mellom Mozart,&hellip;\n","protected":false},"author":2,"featured_media":114558,"comment_status":"","ping_status":"","sticky":false,"template":"","format":"standard","meta":{"footnotes":""},"categories":[58],"tags":[1652,71,460,3353,955,13922,30,28,29,2909,792,72],"class_list":{"0":"post-114557","1":"post","2":"type-post","3":"status-publish","4":"format-standard","5":"has-post-thumbnail","7":"category-underholdning","8":"tag-anders-baasmo","9":"tag-entertainment","10":"tag-film","11":"tag-klassisk-musikk","12":"tag-kultur-og-underholdning","13":"tag-mozart","14":"tag-no","15":"tag-norge","16":"tag-norway","17":"tag-teater","18":"tag-tv-serie","19":"tag-underholdning"},"share_on_mastodon":{"url":"https:\/\/pubeurope.com\/@no\/115728975422293137","error":""},"_links":{"self":[{"href":"https:\/\/www.europesays.com\/no\/wp-json\/wp\/v2\/posts\/114557","targetHints":{"allow":["GET"]}}],"collection":[{"href":"https:\/\/www.europesays.com\/no\/wp-json\/wp\/v2\/posts"}],"about":[{"href":"https:\/\/www.europesays.com\/no\/wp-json\/wp\/v2\/types\/post"}],"author":[{"embeddable":true,"href":"https:\/\/www.europesays.com\/no\/wp-json\/wp\/v2\/users\/2"}],"replies":[{"embeddable":true,"href":"https:\/\/www.europesays.com\/no\/wp-json\/wp\/v2\/comments?post=114557"}],"version-history":[{"count":0,"href":"https:\/\/www.europesays.com\/no\/wp-json\/wp\/v2\/posts\/114557\/revisions"}],"wp:featuredmedia":[{"embeddable":true,"href":"https:\/\/www.europesays.com\/no\/wp-json\/wp\/v2\/media\/114558"}],"wp:attachment":[{"href":"https:\/\/www.europesays.com\/no\/wp-json\/wp\/v2\/media?parent=114557"}],"wp:term":[{"taxonomy":"category","embeddable":true,"href":"https:\/\/www.europesays.com\/no\/wp-json\/wp\/v2\/categories?post=114557"},{"taxonomy":"post_tag","embeddable":true,"href":"https:\/\/www.europesays.com\/no\/wp-json\/wp\/v2\/tags?post=114557"}],"curies":[{"name":"wp","href":"https:\/\/api.w.org\/{rel}","templated":true}]}}