{"id":114561,"date":"2025-12-16T11:23:18","date_gmt":"2025-12-16T11:23:18","guid":{"rendered":"https:\/\/www.europesays.com\/no\/114561\/"},"modified":"2025-12-16T11:23:18","modified_gmt":"2025-12-16T11:23:18","slug":"tar-ikke-boka-til-retten","status":"publish","type":"post","link":"https:\/\/www.europesays.com\/no\/114561\/","title":{"rendered":"Tar ikke boka til retten"},"content":{"rendered":"<p class=\"kicker \" style=\"\">Marius Borg H\u00f8iby<\/p>\n<p>  H\u00f8iby g\u00e5r per n\u00e5 ikke rettens vei for \u00e5 stanse boka\u00a0\u00abUte av kontroll: Avsl\u00f8ringen av Marius Borg H\u00f8iby\u00bb.<\/p>\n<p>\n    &#8211; FLERE FEIL: H\u00f8ibys advokater har reagert p\u00e5 den nye boka om 28-\u00e5ringen &#8211; og har trukket fram flere feil. Forlaget har bekreftet at de retter feil i boka \u00abUte av kontroll &#8211; avsl\u00f8ringen om Marius Borg H\u00f8iby\u00bb. Foto: Bonnier Forlag\n  <\/p>\n<p>I starten av november m\u00f8tte Marius Borg H\u00f8ibys forsvarere forlaget Aschehoug\u00a0<a href=\"https:\/\/www.dagbladet.no\/nyheter\/motes-i-retten\/83806521\" rel=\"nofollow noopener\" target=\"_blank\">i retten<\/a>\u00a0i forbindelse med deres krav om \u00e5 f\u00e5 stanset boka \u00abHvite striper, sorte f\u00e5r\u00bb.<\/p>\n<p>H\u00f8iby mener boka inneholder flere usannheter og \u00e6rekrenkelser mot ham, men fikk ikke\u00a0medhold i kravet. Forrige uke ble det kjent at H\u00f8iby ikke anker beslutningen.<\/p>\n<p>Dagen etter at partene m\u00f8ttes i Oslo tingrett, ble boka \u00ab<a href=\"https:\/\/www.dagbladet.no\/nyheter\/kan-ikke-la-oss-diktere\/83813375\" rel=\"nofollow noopener\" target=\"_blank\">Ute av kontroll: Avsl\u00f8ringen av Marius Borg H\u00f8iby<\/a>\u00bb utgitt.\u00a0<\/p>\n<p>H\u00f8ibys forsvarer Ellen Holager Anden\u00e6s har overfor Dagbladet beskrevet det som <a href=\"https:\/\/www.dagbladet.no\/nyheter\/ny-hoiby-bok-grovt\/83840819\" rel=\"nofollow noopener\" target=\"_blank\">\u00aben grov forh\u00e5nds\u00f8mming i klartekst\u00bb<\/a>.\u00a0<\/p>\n<p class=\"font-weight-normal m-font-weight-normal\" data-lab-font_weight=\"font-weight-normal\">N\u00e5 har advokatene bestemt seg for at de per n\u00e5 ikke g\u00e5r rettens vei ang\u00e5ende denne boka.<\/p>\n<p class=\"font-weight-normal m-font-weight-normal\" data-lab-font_weight=\"font-weight-normal\">\u00a0&#8211; For \u00f8yeblikket har vi ikke noe fokus p\u00e5 denne boka, men p\u00e5 straffesaken som skal begynne i retten om relativt kort tid, sier advokat Elias Christensen til Dagbladet.<\/p>\n<p class=\"font-weight-normal m-font-weight-normal\" data-lab-font_weight=\"font-weight-normal\">Han representerte H\u00f8iby i forbindelse med striden om boka \u00abHvite striper, sorte f\u00e5r\u00bb <\/p>\n<p>        <img loading=\"lazy\" decoding=\"async\" src=\"https:\/\/www.europesays.com\/no\/wp-content\/uploads\/2025\/12\/83921278.webp\" width=\"686\" height=\"494\" title=\"IKKE MEDHOLD: Aschehoug og Marius Borg H\u00f8ibys forsvarere m\u00f8ttes i starten av november i retten om utgivelsen av boka \u00abHvite striper, sorte f\u00e5r\u00bb. H\u00f8iby fikk ikke medhold i kravet om \u00e5 f\u00e5 stanset salget av boka. Foto: Jonas F\u00e6ste Laksekj\u00f8n \/ NTB\" alt=\"\" class=\"\" style=\"--aspect-ratio-image: 1.39; \"\/><\/p>\n<p>\n        IKKE MEDHOLD: Aschehoug og Marius Borg H\u00f8ibys forsvarere m\u00f8ttes i starten av november i retten om utgivelsen av boka \u00abHvite striper, sorte f\u00e5r\u00bb. H\u00f8iby fikk ikke medhold i kravet om \u00e5 f\u00e5 stanset salget av boka. Foto: Jonas F\u00e6ste Laksekj\u00f8n \/ NTB\n    <\/p>\n<p>&#8211; Trussel mot ham\t<\/p>\n<p>Boka er skrevet av forfatter og journalist Kjersti Kvam, og fortalt av Se og H\u00f8r-redakt\u00f8r\u00a0Ulf Andr\u00e9 Andersen og journalistene Niklas Kokkinn-Thoresen og Lars Gautneb.\u00a0<\/p>\n<p>Dagbladet har tidligere snakket med direkt\u00f8r Alexander Even Henriksen i Bonnier Forlag. P\u00e5 sp\u00f8rsm\u00e5l om hva han tenker om forsvarerens uttalelse om grov forh\u00e5ndsd\u00f8mming, svarte han:<\/p>\n<p>&#8211; Et forlag skal ikke beskytte makt, men offentligheten. Samfunnsoppdraget til et forlag er \u00e5 bidra til en opplyst offentlighet \u2013 ogs\u00e5 n\u00e5r det handler om makt, privilegier og samfunnets \u00f8verste institusjoner.<\/p>\n<p>        <img loading=\"lazy\" decoding=\"async\" src=\"https:\/\/www.europesays.com\/no\/wp-content\/uploads\/2025\/12\/1765884198_762_83905194.webp\" width=\"686\" height=\"460\" title=\"NEKTER STRAFFSKYLD: Marius Borg H\u00f8iby nekter starffskyld for de mest alvorlige punktene i tiltalen. Foto: Lise \u00c5serud \/ NTB \/ POOL\" alt=\"\" class=\"\" style=\"--aspect-ratio-image: 1.49; \"\/><\/p>\n<p>\n        NEKTER STRAFFSKYLD: Marius Borg H\u00f8iby nekter starffskyld for de mest alvorlige punktene i tiltalen. Foto: Lise \u00c5serud \/ NTB \/ POOL\n    <\/p>\n<p>&#8211; Flere feil\t<\/p>\n<p>H\u00f8iby er tiltalt for til sammen 32 forhold, blant annet fire voldtekter og mishandling i n\u00e6re relasjoner av ekskj\u00e6resten Nora Haukland. Han nekter straffskyld for de mest alvorlige delene av tiltalen.\u00a0<\/p>\n<p>Advokat Elias Christensen har tidligere p\u00e5pekt at den nye boka inneholder feil om tiltalen mot H\u00f8iby:<\/p>\n<ul>\n<li>H\u00f8iby er ikke tiltalt for \u00e5 ha delt bilder eller film.<\/li>\n<li>H\u00f8iby er ikke tiltalt for besittelse av narkotika.<\/li>\n<li>H\u00f8iby er ikke tiltalt for \u00e5 ha unnlatt \u00e5 stanse for politiet.<\/li>\n<li>H\u00f8iby er ikke tiltalt for \u00e5 ha sl\u00e5tt en mann p\u00e5 fest.<\/li>\n<li>H\u00f8iby er ikke tiltalt for uteblivelse fra meldeplikt.<\/li>\n<li>H\u00f8iby er ikke tiltalt for kj\u00f8ring i p\u00e5virket tilstand.<\/li>\n<li>H\u00f8iby er ikke tiltalt for \u00e5 ha drapstruet politimenn og andre tjenestepersoner.<\/li>\n<\/ul>\n<p>\u00a0Henriksen beklager at det er gjort feil.\u00a0<\/p>\n<p>&#8211; Tiltalen er et langt juridisk dokument, som vi i boka har fors\u00f8kt \u00e5 forenkle og gj\u00f8re mer forst\u00e5elig for leseren. I dette arbeidet er det dessverre skjedd noen feil. Dette beklager vi p\u00e5 det sterkeste, og retter i nye opplag, har han tidligere uttalt.\u00a0<\/p>\n<p>Rettssaken mot H\u00f8iby starter i Oslo tingrett 3. februar neste \u00e5r.<\/p>\n<p>Samarbeids-forfatterne Ulf Andr\u00e9 Andersen, Niklas Kokkin-Thoresen og Lars Gautneb er alle ansatte i Se og H\u00f8r. Se og H\u00f8r er i likhet med Dagbladet eid av Aller Media. Det er ingen redaksjonelle koblinger mellom Se og H\u00f8r og Dagbladet i arbeidet med denne boka.<\/p>\n<p>\t\t\t\tsiste om h\u00f8iby-saken<\/p>\n<p class=\"tags button-group no-margin\">\n\t\t\t\t\t\t<a class=\"button small neutral\" href=\"https:\/\/www.dagbladet.no\/emne\/marius borg h\u00f8iby\" rel=\"nofollow noopener\" target=\"_blank\">marius borg h\u00f8iby<\/a>\n\t\t\t<\/p>\n","protected":false},"excerpt":{"rendered":"Marius Borg H\u00f8iby H\u00f8iby g\u00e5r per n\u00e5 ikke rettens vei for \u00e5 stanse boka\u00a0\u00abUte av kontroll: Avsl\u00f8ringen av&hellip;\n","protected":false},"author":2,"featured_media":114562,"comment_status":"","ping_status":"","sticky":false,"template":"","format":"standard","meta":{"footnotes":""},"categories":[10],"tags":[20,21,24,25,15,22,23,400,13,30,28,29,14,16,26,27],"class_list":{"0":"post-114561","1":"post","2":"type-post","3":"status-publish","4":"format-standard","5":"has-post-thumbnail","7":"category-norge","8":"tag-breaking-news","9":"tag-breakingnews","10":"tag-featured-news","11":"tag-featurednews","12":"tag-headlines","13":"tag-latest-news","14":"tag-latestnews","15":"tag-marius-borg-hoiby","16":"tag-news","17":"tag-no","18":"tag-norge","19":"tag-norway","20":"tag-nyheter","21":"tag-overskrifter","22":"tag-top-stories","23":"tag-topstories"},"share_on_mastodon":{"url":"https:\/\/pubeurope.com\/@no\/115728994847245566","error":""},"_links":{"self":[{"href":"https:\/\/www.europesays.com\/no\/wp-json\/wp\/v2\/posts\/114561","targetHints":{"allow":["GET"]}}],"collection":[{"href":"https:\/\/www.europesays.com\/no\/wp-json\/wp\/v2\/posts"}],"about":[{"href":"https:\/\/www.europesays.com\/no\/wp-json\/wp\/v2\/types\/post"}],"author":[{"embeddable":true,"href":"https:\/\/www.europesays.com\/no\/wp-json\/wp\/v2\/users\/2"}],"replies":[{"embeddable":true,"href":"https:\/\/www.europesays.com\/no\/wp-json\/wp\/v2\/comments?post=114561"}],"version-history":[{"count":0,"href":"https:\/\/www.europesays.com\/no\/wp-json\/wp\/v2\/posts\/114561\/revisions"}],"wp:featuredmedia":[{"embeddable":true,"href":"https:\/\/www.europesays.com\/no\/wp-json\/wp\/v2\/media\/114562"}],"wp:attachment":[{"href":"https:\/\/www.europesays.com\/no\/wp-json\/wp\/v2\/media?parent=114561"}],"wp:term":[{"taxonomy":"category","embeddable":true,"href":"https:\/\/www.europesays.com\/no\/wp-json\/wp\/v2\/categories?post=114561"},{"taxonomy":"post_tag","embeddable":true,"href":"https:\/\/www.europesays.com\/no\/wp-json\/wp\/v2\/tags?post=114561"}],"curies":[{"name":"wp","href":"https:\/\/api.w.org\/{rel}","templated":true}]}}