{"id":11457,"date":"2025-08-18T14:55:16","date_gmt":"2025-08-18T14:55:16","guid":{"rendered":"https:\/\/www.europesays.com\/no\/11457\/"},"modified":"2025-08-18T14:55:16","modified_gmt":"2025-08-18T14:55:16","slug":"sport-fotball-maria-thorisdottir-til-fransk-fotball","status":"publish","type":"post","link":"https:\/\/www.europesays.com\/no\/11457\/","title":{"rendered":"Sport, Fotball | Maria Thorisdottir til fransk fotball"},"content":{"rendered":"\n<p>Det melder klubben selv p\u00e5 <a rel=\"noopener nofollow\" href=\"https:\/\/x.com\/OMfeminines\/status\/1957382427174744228\">X.<\/a><\/p>\n<p>Thorisdottir har v\u00e6rt klubbl\u00f8s siden forrige sesong da hun ikke fikk fornyet kontrakt med Brighton i den engelske superligaen.<\/p>\n<p>Thorisdottir spilte i England fra 2017 da hun f\u00f8rst kom til Chelsea. Der ble det blant annet to seriemesterskap.<\/p>\n<p>Derfra gikk ferden videre til Manchester United f\u00f8r Brighton ble siste stopp. Thorisdottir har 71 landskamper for Norge, men kom ikke med i den endelige troppen til sommerens EM-sluttspill i Sveits.<\/p>\n<p>Marseille er nyopprykket i den \u00f8verste divisjonen i Frankrike.<\/p>\n<p>Les meir om: artikkelemnene<\/p>\n","protected":false},"excerpt":{"rendered":"Det melder klubben selv p\u00e5 X. Thorisdottir har v\u00e6rt klubbl\u00f8s siden forrige sesong da hun ikke fikk fornyet&hellip;\n","protected":false},"author":2,"featured_media":11458,"comment_status":"","ping_status":"","sticky":false,"template":"","format":"standard","meta":{"footnotes":""},"categories":[59],"tags":[36,92,1470,30,28,29,83,82,1510],"class_list":{"0":"post-11457","1":"post","2":"type-post","3":"status-publish","4":"format-standard","5":"has-post-thumbnail","7":"category-sport","8":"tag-art","9":"tag-fotball","10":"tag-klepp","11":"tag-no","12":"tag-norge","13":"tag-norway","14":"tag-sport","15":"tag-sports","16":"tag-story"},"share_on_mastodon":{"url":"","error":""},"_links":{"self":[{"href":"https:\/\/www.europesays.com\/no\/wp-json\/wp\/v2\/posts\/11457","targetHints":{"allow":["GET"]}}],"collection":[{"href":"https:\/\/www.europesays.com\/no\/wp-json\/wp\/v2\/posts"}],"about":[{"href":"https:\/\/www.europesays.com\/no\/wp-json\/wp\/v2\/types\/post"}],"author":[{"embeddable":true,"href":"https:\/\/www.europesays.com\/no\/wp-json\/wp\/v2\/users\/2"}],"replies":[{"embeddable":true,"href":"https:\/\/www.europesays.com\/no\/wp-json\/wp\/v2\/comments?post=11457"}],"version-history":[{"count":0,"href":"https:\/\/www.europesays.com\/no\/wp-json\/wp\/v2\/posts\/11457\/revisions"}],"wp:featuredmedia":[{"embeddable":true,"href":"https:\/\/www.europesays.com\/no\/wp-json\/wp\/v2\/media\/11458"}],"wp:attachment":[{"href":"https:\/\/www.europesays.com\/no\/wp-json\/wp\/v2\/media?parent=11457"}],"wp:term":[{"taxonomy":"category","embeddable":true,"href":"https:\/\/www.europesays.com\/no\/wp-json\/wp\/v2\/categories?post=11457"},{"taxonomy":"post_tag","embeddable":true,"href":"https:\/\/www.europesays.com\/no\/wp-json\/wp\/v2\/tags?post=11457"}],"curies":[{"name":"wp","href":"https:\/\/api.w.org\/{rel}","templated":true}]}}