{"id":114577,"date":"2025-12-16T11:47:09","date_gmt":"2025-12-16T11:47:09","guid":{"rendered":"https:\/\/www.europesays.com\/no\/114577\/"},"modified":"2025-12-16T11:47:09","modified_gmt":"2025-12-16T11:47:09","slug":"slik-har-du-aldri-sett-renate-reinsve","status":"publish","type":"post","link":"https:\/\/www.europesays.com\/no\/114577\/","title":{"rendered":"Slik har du aldri sett Renate Reinsve"},"content":{"rendered":"\n<p class=\"_lead_o9xde_2 _lead_xtcu6_50 layout-component text-serif-m layout-normal text-serif-l layout-component layout-wide layout-padded _wide_17hqh_1 layout-padded\">Renate Reinsve (38) er ugjenkjennelig i den nye filmen \u00abButterfly\u00bb. Den f\u00e5r verdenspremiere p\u00e5 en anerkjent filmfestival. <\/p>\n<p><img alt=\"HALVS\u00d8STRE: Skuespillerne Helene Bj\u00f8rneby og Renate Reinsve som Diana og Lily i Itonje S\u00f8imer Guttormsens \u00abButterfly\u00bb. Foto: Mer Film\" class=\"_image_qp4xg_65 layout-component layout-wide\" data-fullscreen- data-track-element-type=\"Article image fullscreen\" data-track-name=\"ImageFullscreen\" fetchpriority=\"high\" decoding=\"sync\" loading=\"eager\" height=\"1711\" itemprop=\"image\"  src=\"https:\/\/www.europesays.com\/no\/wp-content\/uploads\/2025\/12\/3daf37d9-8c29-4ecd-8ded-271fa71c186f\"  style=\"object-position:0% 0%\" width=\"2828\"\/>HALVS\u00d8STRE: Skuespillerne Helene Bj\u00f8rneby og Renate Reinsve som Diana og Lily i Itonje S\u00f8imer Guttormsens \u00abButterfly\u00bb. Foto: Mer Film<\/p>\n<ul aria-hidden=\"true\" class=\"_images_ntbth_112\">\n<li><a class=\"_link_ntbth_117\" href=\"https:\/\/www.vg.no\/forfatter\/thor-benjamin-brekken\" style=\"z-index:1\" title=\"Benjamin Brekken\" rel=\"nofollow noopener\" target=\"_blank\"><img alt=\"Bilde av Benjamin Brekken\" class=\"_image_ntbth_93\" fetchpriority=\"low\" loading=\"lazy\" decoding=\"async\" itemprop=\"image\"  src=\"https:\/\/www.europesays.com\/no\/wp-content\/uploads\/2025\/12\/a7e2b135-ec04-4aac-b1df-254547b32ff3\"  width=\"480\"\/><\/a><\/li>\n<\/ul>\n<p> Oppdatert tirsdag 16. desember kl. 12:19     <\/p>\n<p class=\"_paragraph_o9xde_4 _paragraph_xtcu6_10 layout-component text-serif-m layout-normal text-serif-m layout-padded\">\u00abAffeksjonsverdi\u00bb-aktuelle Renate Reinsve og Helene Bj\u00f8rneby spiller halvs\u00f8stre som gjenforenes etter 25 \u00e5r p\u00e5 Gran Canaria i filmen \u00abButterfly\u00bb. <\/p>\n<p class=\"_paragraph_o9xde_4 _paragraph_xtcu6_10 layout-component text-serif-m layout-normal text-serif-m layout-padded\">N\u00e5 er det klart at filmen er valgt ut til konkurranseprogrammet under den prestisjefylte internasjonale filmfestivalen i Rotterdam (IFFR) i slutten av januar.<\/p>\n<p class=\"_paragraph_o9xde_4 _paragraph_xtcu6_10 layout-component text-serif-m layout-normal text-serif-m layout-padded\">Regiss\u00f8r og manusforfatter Itonje S\u00f8imer Guttormsen har tidligere markert seg internasjonalt, og dette er andre gang hun konkurrerer i Rotterdam. Hennes debutfilm \u00abGritt\u00bb ble vist p\u00e5 festivalen i 2021, mens kortfilmen \u00abRetrett\u00bb var med allerede i 2017.<\/p>\n<p class=\"_paragraph_o9xde_4 _paragraph_xtcu6_10 layout-component text-serif-m layout-normal text-serif-m layout-padded\">\u2013 Det er en stor glede at \u00abButterfly\u00bb f\u00e5r sin internasjonale premiere i Rotterdam! Jeg har selv hatt noen elleville filmopplevelser som publikum p\u00e5 IFFR, og er stolt over at filmen v\u00e5r er velkommen p\u00e5 en festival som satser p\u00e5 kunstnerisk v\u00e5gemot, sier S\u00f8imer Guttormsen i en pressemelding.<\/p>\n<p><img alt=\"Regiss\u00f8r og manusforfatter Itonje S\u00f8imer Guttormsen.   Foto: Ingrid Eggen\" class=\"_image_qp4xg_65 layout-component layout-normal\" data-fullscreen- data-track-element-type=\"Article image fullscreen\" data-track-name=\"ImageFullscreen\" decoding=\"async\" loading=\"lazy\" height=\"4437\" itemprop=\"image\"  src=\"https:\/\/www.europesays.com\/no\/wp-content\/uploads\/2025\/12\/edcc2901-1791-4784-80bf-868b65d1f921\"  style=\"object-position:0% 0%\" width=\"4480\"\/>Regiss\u00f8r og manusforfatter Itonje S\u00f8imer Guttormsen.   Foto: Ingrid EggenGjenforenes etter morens d\u00f8d <\/p>\n<p class=\"_paragraph_o9xde_4 _paragraph_xtcu6_10 layout-component text-serif-m layout-normal text-serif-m layout-padded\">Filmen f\u00f8lger halvs\u00f8strene Diana og Lily, som vokste opp p\u00e5 en charterresort p\u00e5 Gran Canaria der deres grensel\u00f8se mor jobbet som reiseleder. 25 \u00e5r senere lever de sv\u00e6rt ulike liv \u2013 Diana som barnehageansatt i Askim, Lily som pensjonert modell i Hamburgs kunstscene.<\/p>\n<p class=\"_paragraph_o9xde_4 _paragraph_xtcu6_10 layout-component text-serif-m layout-normal text-serif-m layout-padded\">N\u00e5r moren plutselig g\u00e5r bort, tvinges halvs\u00f8strene tilbake \u00f8ya for \u00e5 h\u00e5ndtere d\u00f8dsfallet i de kanariske fjellene. Gjenforeningen byr p\u00e5 en halsbrekkende reise i fortiden og inn mot turist\u00f8yas skjulte hjerte, heter det i beskrivelsen av filmen. <\/p>\n<p><img alt=\"HEI SVEIS: Renate Reinsve slik vi IKKE er vant til \u00e5 se henne.   Foto: Mer Film\" class=\"_image_qp4xg_65 layout-component layout-normal\" data-fullscreen- data-track-element-type=\"Article image fullscreen\" data-track-name=\"ImageFullscreen\" decoding=\"async\" loading=\"lazy\" height=\"985\" itemprop=\"image\"  src=\"https:\/\/www.europesays.com\/no\/wp-content\/uploads\/2025\/12\/79d00dfe-f850-4ec7-9193-a23a34d80791\"  style=\"object-position:0% 0%\" width=\"1240\"\/>HEI SVEIS: Renate Reinsve slik vi IKKE er vant til \u00e5 se henne.   Foto: Mer Film \u2013 En film verden trenger n\u00e5 <\/p>\n<p class=\"_paragraph_o9xde_4 _paragraph_xtcu6_10 layout-component text-serif-m layout-normal text-serif-m layout-padded\">\u00abButterfly\u00bb er produsert av Maria Ekerhovd og Mer Film, som de siste \u00e5rene har hatt stor internasjonal suksess med \u00abDen stygge halvs\u00f8steren\u00bb og nevnte \u00abAffeksjonsverdi\u00bb. <\/p>\n<p class=\"_paragraph_o9xde_4 _paragraph_xtcu6_10 layout-component text-serif-m layout-normal text-serif-m layout-padded\">\u2013 Dette er filmen verden trenger n\u00e5! Vi er utrolig stolte av \u00e5 v\u00e6re produsenter p\u00e5 Itonjes nye spillefilm og bli med p\u00e5 \u00abButterflys\u00bb reise ut i verden, sier Ekerhovd i pressemeldingen.<\/p>\n<p class=\"_paragraph_o9xde_4 _paragraph_xtcu6_10 layout-component text-serif-m layout-normal text-serif-m layout-padded\">Filmen f\u00e5r norsk kinopremiere <strong class=\"_strong_o9xde_25\">4. september 2026<\/strong>.<\/p>\n","protected":false},"excerpt":{"rendered":"Renate Reinsve (38) er ugjenkjennelig i den nye filmen \u00abButterfly\u00bb. Den f\u00e5r verdenspremiere p\u00e5 en anerkjent filmfestival. HALVS\u00d8STRE:&hellip;\n","protected":false},"author":2,"featured_media":114578,"comment_status":"","ping_status":"","sticky":false,"template":"","format":"standard","meta":{"footnotes":""},"categories":[58],"tags":[71,460,4655,30,28,29,3243,72],"class_list":{"0":"post-114577","1":"post","2":"type-post","3":"status-publish","4":"format-standard","5":"has-post-thumbnail","7":"category-underholdning","8":"tag-entertainment","9":"tag-film","10":"tag-filmfestival","11":"tag-no","12":"tag-norge","13":"tag-norway","14":"tag-renate-reinsve","15":"tag-underholdning"},"share_on_mastodon":{"url":"https:\/\/pubeurope.com\/@no\/115729088430369532","error":""},"_links":{"self":[{"href":"https:\/\/www.europesays.com\/no\/wp-json\/wp\/v2\/posts\/114577","targetHints":{"allow":["GET"]}}],"collection":[{"href":"https:\/\/www.europesays.com\/no\/wp-json\/wp\/v2\/posts"}],"about":[{"href":"https:\/\/www.europesays.com\/no\/wp-json\/wp\/v2\/types\/post"}],"author":[{"embeddable":true,"href":"https:\/\/www.europesays.com\/no\/wp-json\/wp\/v2\/users\/2"}],"replies":[{"embeddable":true,"href":"https:\/\/www.europesays.com\/no\/wp-json\/wp\/v2\/comments?post=114577"}],"version-history":[{"count":0,"href":"https:\/\/www.europesays.com\/no\/wp-json\/wp\/v2\/posts\/114577\/revisions"}],"wp:featuredmedia":[{"embeddable":true,"href":"https:\/\/www.europesays.com\/no\/wp-json\/wp\/v2\/media\/114578"}],"wp:attachment":[{"href":"https:\/\/www.europesays.com\/no\/wp-json\/wp\/v2\/media?parent=114577"}],"wp:term":[{"taxonomy":"category","embeddable":true,"href":"https:\/\/www.europesays.com\/no\/wp-json\/wp\/v2\/categories?post=114577"},{"taxonomy":"post_tag","embeddable":true,"href":"https:\/\/www.europesays.com\/no\/wp-json\/wp\/v2\/tags?post=114577"}],"curies":[{"name":"wp","href":"https:\/\/api.w.org\/{rel}","templated":true}]}}