{"id":114601,"date":"2025-12-16T12:13:11","date_gmt":"2025-12-16T12:13:11","guid":{"rendered":"https:\/\/www.europesays.com\/no\/114601\/"},"modified":"2025-12-16T12:13:11","modified_gmt":"2025-12-16T12:13:11","slug":"sjokkuttalelse-angrer-ikke","status":"publish","type":"post","link":"https:\/\/www.europesays.com\/no\/114601\/","title":{"rendered":"Sjokkuttalelse: &#8211; Angrer ikke"},"content":{"rendered":"<p>  Brigitte Macron (72) nekter \u00e5 beklage etter \u00e5 ha kalt feministiske aktivister \u00abdumme hurper\u00bb.<\/p>\n<p>\n    I PALASSET: Frankrikes president Emmanuel Macron og kona Brigitte Macron tar imot Jordans kronprins Hussein bin Abdullah under et arbeidslunsjm\u00f8te i \u00c9lys\u00e9e-palasset i Paris 8. oktober 2025. Foto: Benoit Tessier \/ Reuters \/ NTB\n  <\/p>\n<p>    Kort fortalt<\/p>\n<ul lang=\"nb-NO\">\n<li>Brigitte Macron er i hardt v\u00e6r etter \u00e5 ha brukt et skjellsord om aktivister som protesterte mot komiker Ary Abittan.<\/li>\n<li>Uttalelsen ble filmet bak scenen i Paris og har skapt sterke reaksjoner i Frankrike.<\/li>\n<li>Macron sier hun ikke angrer, men beklager hvis hun har s\u00e5ret voldsofre.<\/li>\n<li>Feministiske aktivister krever en offentlig unnskyldning, men Macron fokuserer p\u00e5 kunstnerisk frihet.<\/li>\n<\/ul>\n<p class=\"italic ai-disclaimer\" data-lab-italic=\"italic\">Sammendraget er laget av ChatGPT og godkjent av Dagbladet.<\/p>\n<p>      Vis mer<br \/>\n      Vis mindre<\/p>\n<p>Frankrikes f\u00f8rstedame er igjen i hardt v\u00e6r etter at hun brukte det franske skjellsordet \u00absales connes\u00bb om aktivister som protesterte mot komiker Ary Abittan (51).<\/p>\n<p>Uttrykket kan oversettes til \u00abdumme hurper\u00bb.<\/p>\n<p>N\u00e5, ei uke seinere, bryter Brigitte Macron tausheten i et intervju med det franske mediehuset <a href=\"https:\/\/www.tiktok.com\/@brutofficiel\/video\/7584200833156320534\" rel=\"nofollow noopener\" target=\"_blank\">Brut<\/a>.<\/p>\n<p>&#8211; Jeg er lei meg dersom jeg har s\u00e5ret ofre, sier hun.<\/p>\n<p>Journalisten sp\u00f8r om hun angrer, og da svarer hun kontant:<\/p>\n<p class=\"font-weight-bold m-font-weight-bold\" data-lab-font_weight=\"font-weight-bold\">&#8211; Jeg kan ikke angre. Ja, jeg er presidentens kone, men jeg er f\u00f8rst og fremst meg selv. N\u00e5r jeg er privat, hender det jeg gj\u00f8r ting som ikke er helt passende.<\/p>\n<p>    <a itemprop=\"url\" href=\"https:\/\/www.dagbladet.no\/nyheter\/kalte-aktivister-for-dumme-hurper\/83968898\" rel=\"nofollow noopener\" target=\"_blank\"><\/p>\n<p>        <img loading=\"lazy\" decoding=\"async\" src=\"https:\/\/www.europesays.com\/no\/wp-content\/uploads\/2025\/12\/83815600.webp\" width=\"147\" height=\"98\" title=\"Kalte aktivister for \u00abdumme hurper\u00bb\" alt=\"\" class=\"lazyload\" style=\"--aspect-ratio-image: 1.50; \"\/><\/p>\n<p>        Kalte aktivister for \u00abdumme hurper\u00bb<\/p>\n<p>    <\/a><\/p>\n<p>Avbrutt av demonstranter\t<\/p>\n<p>Uttalelsen falt bak scenen under en forestilling i Paris 7. desember.\u00a0<\/p>\n<p>Forestillingen ble avbrutt av demonstranter som ropte \u00abAbittan voldtektsmann!\u00bb og bar masker av komikeren.<\/p>\n<p>        &#8211; Ja, jeg er presidentens kone, men jeg er f\u00f8rst og fremst meg selv.<\/p>\n<p class=\"author italic m-italic\" style=\"\">Brigitte Macron<\/p>\n<p>Abittan ble i 2021 anklaget for voldtekt av en kvinne han hadde hatt et forhold til.\u00a0<\/p>\n<p>Saken ble henlagt i 2023, og avgj\u00f8relsen ble opprettholdt av lagmannsretten i januar. Han har aldri v\u00e6rt tiltalt.<\/p>\n<p>        <img loading=\"lazy\" decoding=\"async\" src=\"https:\/\/www.europesays.com\/no\/wp-content\/uploads\/2025\/12\/83379157.webp\" width=\"686\" height=\"460\" title=\"TOK FARVEL: Brigitte Macron forlater Saint-Roch-kirka i Paris etter begravelsen til TV-profilen Thierry Ardisson 17. juli 2025. Foto: Alain Jocard \/ AFP \/ NTB\" alt=\"\" class=\"\" style=\"--aspect-ratio-image: 1.49; \"\/><\/p>\n<p>\n        TOK FARVEL: Brigitte Macron forlater Saint-Roch-kirka i Paris etter begravelsen til TV-profilen Thierry Ardisson 17. juli 2025. Foto: Alain Jocard \/ AFP \/ NTB\n    <\/p>\n<p>Brigitte Macron befant seg bak scenen sammen med komikeren da hun kom med uttalelsen &#8211; og ble filmet uten at hun visste det.\u00a0<\/p>\n<p>Videoen, som du ser under, har seinere blitt delt i flere internasjonale medier.<\/p>\n<blockquote class=\"twitter-tweet\">\n<p lang=\"fr\" dir=\"ltr\">Public <a href=\"https:\/\/twitter.com\/PublicMag?ref_src=twsrc%5Etfw\" rel=\"nofollow noopener\" target=\"_blank\">@PublicMag<\/a> a re\u00e7u un appel de l\u2019Elys\u00e9e et a supprim\u00e9 toutes les vid\u00e9os o\u00f9 Brigitte Macron traite de \u00ab sales connes \u00bb les f\u00e9ministes qui manifestaient contre le spectacle d\u2019Ari Abitan! <br \/>\u00c7a a chauff\u00e9 chez l\u2019\u00e9diteur Heroes Media! <br \/>Alors remettons la vid\u00e9o, et partageons la un\u2026 <a href=\"https:\/\/t.co\/ijth2hF10m\" rel=\"nofollow\">pic.twitter.com\/ijth2hF10m<\/a><\/p>\n<p>\u2014 Myriam Palomba (@myriampalomba) <a href=\"https:\/\/twitter.com\/myriampalomba\/status\/1998159501850013914?ref_src=twsrc%5Etfw\" rel=\"nofollow noopener\" target=\"_blank\">December 8, 2025<\/a><\/p><\/blockquote>\n<p>F\u00f8rstedamens kontor har forklart at uttalelsen var ment som kritikk av aktivistenes metoder, ikke av voldsofre.<\/p>\n<p>Selv sier Brigitte Macron at Abittan var redd, og at hun pr\u00f8vde \u00e5 betrygge ham.<\/p>\n<p class=\"font-weight-bold m-font-weight-bold\" data-lab-font_weight=\"font-weight-bold\">&#8211; Jeg ville helt sikkert ikke brukt disse uttrykkene offentlig, sier hun til Brut.<\/p>\n<p>        <img loading=\"lazy\" decoding=\"async\" src=\"https:\/\/www.europesays.com\/no\/wp-content\/uploads\/2025\/12\/83990318.webp\" width=\"980\" height=\"559\" title=\"\u00abJ\u00c6VLA HURPE\u00bb: Demonstranter fra det franske feministkollektivet Nous Toutes protesterer utenfor Claude-Debussy-teateret i Cannes f\u00f8r Ary Abittans forestilling 14. desember 2025. P\u00e5 skiltet st\u00e5r ordene Brigitte Macron kalte aktivistene tidligere denne m\u00e5neden. Foto: Frederic DIDES \/ AFP\" alt=\"\" class=\"\" style=\"--aspect-ratio-image: 1.75; \"\/><\/p>\n<p>\n        \u00abJ\u00c6VLA HURPE\u00bb: Demonstranter fra det franske feministkollektivet Nous Toutes protesterer utenfor Claude-Debussy-teateret i Cannes f\u00f8r Ary Abittans forestilling 14. desember 2025. P\u00e5 skiltet st\u00e5r ordene Brigitte Macron kalte aktivistene tidligere denne m\u00e5neden. Foto: Frederic DIDES \/ AFP\n    <\/p>\n<p>Kraftige reaksjoner\t<\/p>\n<p>Uttalelsene har laget rabalder i Frankrike, og mange mener at landets f\u00f8rstedame ikke kan p\u00e5berope seg et privat rom.<\/p>\n<p>Feministiske aktivister har g\u00e5tt hardt ut mot Macron, og flere kjendiser har sluttet seg til protestene under emneknaggen #SalesConnes.<\/p>\n<p>Oscar-vinner og \u00abLa Vie en rose\u00bb-stjerne Marion Cotillard (50) skriver dette til sine 1,7 millioner f\u00f8lgere p\u00e5 Instagram:<\/p>\n<p class=\"font-weight-bold m-font-weight-bold\" data-lab-font_weight=\"font-weight-bold\">&#8211; Jeg er ei j\u00e6vla hurpe. Og stolt av det.<\/p>\n<p>Vil ikke beklage\t<\/p>\n<p>Den feministiske paraplyorganisasjonen Greve Feministe har krevd en offentlig beklagelse fra f\u00f8rstedamen.\u00a0<\/p>\n<p>Det har de ikke f\u00e5tt.<\/p>\n<p>Macron sier hun kun vil beklage overfor kvinner som er ofre for vold og overgrep.<\/p>\n<p>&#8211; Jeg bryr meg f\u00f8rst og fremst om ofrene. Jeg er her for dem, og har alltid v\u00e6rt det.<\/p>\n<p><script async src=\"https:\/\/platform.twitter.com\/widgets.js\" charset=\"utf-8\"><\/script><script async src=\"\/\/www.tiktok.com\/embed.js\"><\/script><\/p>\n","protected":false},"excerpt":{"rendered":"Brigitte Macron (72) nekter \u00e5 beklage etter \u00e5 ha kalt feministiske aktivister \u00abdumme hurper\u00bb. I PALASSET: Frankrikes president&hellip;\n","protected":false},"author":2,"featured_media":114602,"comment_status":"","ping_status":"","sticky":false,"template":"","format":"standard","meta":{"footnotes":""},"categories":[12],"tags":[20,21,24,25,15,22,23,13,30,28,29,14,16,26,27,412,42,43,44,45],"class_list":{"0":"post-114601","1":"post","2":"type-post","3":"status-publish","4":"format-standard","5":"has-post-thumbnail","7":"category-verden","8":"tag-breaking-news","9":"tag-breakingnews","10":"tag-featured-news","11":"tag-featurednews","12":"tag-headlines","13":"tag-latest-news","14":"tag-latestnews","15":"tag-news","16":"tag-no","17":"tag-norge","18":"tag-norway","19":"tag-nyheter","20":"tag-overskrifter","21":"tag-top-stories","22":"tag-topstories","23":"tag-utenriks","24":"tag-verden","25":"tag-world","26":"tag-world-news","27":"tag-worldnews"},"share_on_mastodon":{"url":"https:\/\/pubeurope.com\/@no\/115729190910069836","error":""},"_links":{"self":[{"href":"https:\/\/www.europesays.com\/no\/wp-json\/wp\/v2\/posts\/114601","targetHints":{"allow":["GET"]}}],"collection":[{"href":"https:\/\/www.europesays.com\/no\/wp-json\/wp\/v2\/posts"}],"about":[{"href":"https:\/\/www.europesays.com\/no\/wp-json\/wp\/v2\/types\/post"}],"author":[{"embeddable":true,"href":"https:\/\/www.europesays.com\/no\/wp-json\/wp\/v2\/users\/2"}],"replies":[{"embeddable":true,"href":"https:\/\/www.europesays.com\/no\/wp-json\/wp\/v2\/comments?post=114601"}],"version-history":[{"count":0,"href":"https:\/\/www.europesays.com\/no\/wp-json\/wp\/v2\/posts\/114601\/revisions"}],"wp:featuredmedia":[{"embeddable":true,"href":"https:\/\/www.europesays.com\/no\/wp-json\/wp\/v2\/media\/114602"}],"wp:attachment":[{"href":"https:\/\/www.europesays.com\/no\/wp-json\/wp\/v2\/media?parent=114601"}],"wp:term":[{"taxonomy":"category","embeddable":true,"href":"https:\/\/www.europesays.com\/no\/wp-json\/wp\/v2\/categories?post=114601"},{"taxonomy":"post_tag","embeddable":true,"href":"https:\/\/www.europesays.com\/no\/wp-json\/wp\/v2\/tags?post=114601"}],"curies":[{"name":"wp","href":"https:\/\/api.w.org\/{rel}","templated":true}]}}