{"id":114605,"date":"2025-12-16T12:15:24","date_gmt":"2025-12-16T12:15:24","guid":{"rendered":"https:\/\/www.europesays.com\/no\/114605\/"},"modified":"2025-12-16T12:15:24","modified_gmt":"2025-12-16T12:15:24","slug":"nrk-avslorer-nytt-humorprogram-det-blir-ubehagelig-2","status":"publish","type":"post","link":"https:\/\/www.europesays.com\/no\/114605\/","title":{"rendered":"NRK avsl\u00f8rer nytt humorprogram: &#8211; Det blir ubehagelig"},"content":{"rendered":"<p class=\"kicker \" style=\"\">Nytt humorkonsept:<\/p>\n<p>  Latter koster dyrt i NRKs nye humorprogram, for her tjener publikum penger p\u00e5 \u00e5 v\u00e6re verdens verste.<\/p>\n<p>\n    DELTAR: Det er en stjernespekket cast som skal gj\u00f8re alt de kan for \u00e5 f\u00e5 publikum til \u00e5 le. Foto: NRK\n  <\/p>\n<p>P\u00e5 ny\u00e5ret kan TV-seerne forvente seg en rekke nye og spennende konsepter, og blant disse er NRKs nye humorprogram \u00abVerdens verste publikum\u00bb.<\/p>\n<p>Her skal noen av Norges fremste komikere m\u00f8te sitt \u00abverste mareritt\u00bb n\u00e5r de skal pr\u00f8ve \u00e5 f\u00e5 et publikum til \u00e5 le &#8211; som f\u00e5r betalt hvis de ikke gj\u00f8r det. Det skriver NRK i en pressemelding om nylanseringen.<\/p>\n<p>    <a itemprop=\"url\" href=\"https:\/\/www.seher.no\/kongelig\/nye-bilder-vekker-oppsikt\/83988238\" rel=\"nofollow noopener\" target=\"_blank\"><\/p>\n<p>        <img loading=\"lazy\" decoding=\"async\" src=\"https:\/\/www.europesays.com\/no\/wp-content\/uploads\/2025\/12\/83988335.webp\" width=\"147\" height=\"98\" title=\"Nye bilder vekker oppsikt\" alt=\"\" class=\"lazyload\" style=\"--aspect-ratio-image: 1.50; \"\/><\/p>\n<p>        Nye bilder vekker oppsikt<\/p>\n<p>    <\/a><\/p>\n<p> I programmet skal Henrik Fladseth (36), Vidar Magnussen (48), Kristine Gr\u00e6ndsen (33) og Markus Neby (34) pr\u00f8ve \u00e5 knekke et publikum som har alt \u00e5 tjene p\u00e5 \u00e5 holde maska.\u00a0<\/p>\n<p>&#8211; Kampen mellom publikum og komikerne er overraskende spennende. Jeg har aldri opplevd en s\u00e5 intens stemning i et NRK-studio f\u00f8r, sier programleder Erik Solbakken om konseptet.<\/p>\n<p>        <img loading=\"lazy\" decoding=\"async\" src=\"https:\/\/www.europesays.com\/no\/wp-content\/uploads\/2025\/12\/1765887320_145_83987101.webp\" width=\"686\" height=\"563\" title=\"SMAKEBIT: Deltakerne holder tilsynelatende ikke tilbake n\u00e5r de skal pr\u00f8ve \u00e5 f\u00e5 publikum til \u00e5 le. Her er komiker Henrik Fladseth avbildet i en rullestol med parykk p\u00e5 hodet. Foto: NRK\" alt=\"\" class=\"\" style=\"--aspect-ratio-image: 1.22; \"\/><\/p>\n<p>\n        SMAKEBIT: Deltakerne holder tilsynelatende ikke tilbake n\u00e5r de skal pr\u00f8ve \u00e5 f\u00e5 publikum til \u00e5 le. Her er komiker Henrik Fladseth avbildet i en rullestol med parykk p\u00e5 hodet. Foto: NRK\n    <\/p>\n<p>&#8211; Utrolig pinlig\t<\/p>\n<p>Til Se og H\u00f8r forteller Lepper\u00f8d at han har god erfaring med \u00e5 pr\u00f8ve \u00e5 underholde mennesker som ikke f\u00e5r lov til \u00e5 le, spesielt etter et par sesonger med \u00abIkke lov \u00e5 le p\u00e5 hytta\u00bb.\u00a0<\/p>\n<p>        BROMANCE: Martin Lepper\u00f8d og Jan Fredrik Karlsen fant hverandre under \u00abSpillet\u00bb. Video: \u00abSpillet\u00bb\/TV 2, Falch\/Skavhaug.<\/p>\n<p>I det nye humorkonseptet ble det derimot en hyggeligere opplevelse, if\u00f8lge komikeren.<\/p>\n<p>&#8211; Jeg f\u00f8ler at jeg har bygget opp et hardt skall, og det var ganske koselig \u00e5 v\u00e6re med. \u00abHytta\u00bb var vanskelig, og dette var mye hyggeligere siden alle er p\u00e5 lag, forteller komikeren, og legger til:<\/p>\n<p>        <img loading=\"lazy\" decoding=\"async\" src=\"https:\/\/www.europesays.com\/no\/wp-content\/uploads\/2025\/12\/83988156.webp\" width=\"686\" height=\"625\" title=\"DETEKTIV?: Martin Lepper\u00f8d benytter seg av et kostymet i \u00abVerdens verste publikum\u00bb. Foto: NRK\" alt=\"\" class=\"\" style=\"--aspect-ratio-image: 1.10; \"\/><\/p>\n<p>\n        DETEKTIV?: Martin Lepper\u00f8d benytter seg av et kostymet i \u00abVerdens verste publikum\u00bb. Foto: NRK\n    <\/p>\n<p>&#8211; Men det er ganske beinhardt \u00e5 g\u00e5 ut p\u00e5 scenen n\u00e5r publikum har som m\u00e5l \u00e5 ikke le. Man kan ogs\u00e5 se frykten i \u00f8ynene til publikummerne som befinner seg i en slags lattergissel-situasjon.<\/p>\n<p>Han er \u00e6rlig p\u00e5 at det noen ganger er vanskelig \u00e5 ikke le av seg selv, men det var imidlertid ikke det verste som skjedde i programmet.\u00a0<\/p>\n<p>&#8211; Alle sliter med \u00e5 st\u00e5 i det p\u00e5 scenen, men det verste er kanskje n\u00e5r de i publikum ikke sliter med \u00e5 holde seg fra \u00e5 le. Det er det flaueste &#8211; alts\u00e5 utrolig pinlig,\u00a0forteller han videre.<\/p>\n<p>    <a itemprop=\"url\" href=\"https:\/\/www.seher.no\/kjendis\/rystende-avsloringer\/83988256\" rel=\"nofollow noopener\" target=\"_blank\"><\/p>\n<p>        <img loading=\"lazy\" decoding=\"async\" src=\"https:\/\/www.europesays.com\/no\/wp-content\/uploads\/2025\/12\/83988365.webp\" width=\"147\" height=\"98\" title=\"Rystende avsl\u00f8ringer\" alt=\"\" class=\"lazyload\" style=\"--aspect-ratio-image: 1.50; \"\/><\/p>\n<p>        Rystende avsl\u00f8ringer<\/p>\n<p>    <\/a><\/p>\n<p>Pengepremie\t<\/p>\n<p>I pressemeldingen beskriver Magnussen deltakelsen i programmet som\u00a0\u00abkjempeg\u00f8y\u00bb og\u00a0\u00abkjempeskummelt\u00bb, og Gr\u00e6ndsen legger ikke skjul p\u00e5 at hun har blitt ekstra takknemlig for publikummere som ler.\u00a0<\/p>\n<p>Neby p\u00e5 sin side, sammenligner NRK-serien med et grufullt barndomsminne:<\/p>\n<p>        AVKREFTER: Det oppstod misforst\u00e5elser da en promovideo til \u00abSofa\u00bb ble vist p\u00e5 TV 2s v\u00e5rlansering. Video: Nora Skavhaug\/ Thea Hope<\/p>\n<p>&#8211; Det f\u00f8ltes som n\u00e5r vi skulle ha turn i gymtimen p\u00e5 ungdomsskolen: Du vet det blir ubehagelig og at du ikke kan vinne. Bare at n\u00e5 filmes det og legges ut p\u00e5 NRK TV i tillegg, sier han til NRK.<\/p>\n<p>De faste komikerne vil ogs\u00e5 f\u00e5 hjelp av Martin Lepper\u00f8d (32), Nora Svenningsen (26), Amir Asgharnejad (40), Marlene Stavrum (31) og Det Andre Teatret.<\/p>\n<p>    <a itemprop=\"url\" href=\"https:\/\/www.seher.no\/kjendis\/overraskende-avsloring\/83984214\" rel=\"nofollow noopener\" target=\"_blank\"><\/p>\n<p>        <img loading=\"lazy\" decoding=\"async\" src=\"https:\/\/www.europesays.com\/no\/wp-content\/uploads\/2025\/12\/83983711.webp\" width=\"147\" height=\"98\" title=\"Overraskende avsl\u00f8ring\" alt=\"\" class=\"lazyload\" style=\"--aspect-ratio-image: 1.50; \"\/><\/p>\n<p>        Overraskende avsl\u00f8ring <\/p>\n<p>    <\/a><\/p>\n<p>I hver episode starter fellespotten p\u00e5 200 000 kroner, som blir fordelt p\u00e5 et publikum best\u00e5ende av 40 personer &#8211; men det er bare om de klarer \u00e5 ikke le. For hver latter trekker nemlig dommer Elin \u00d8rjas\u00e6ter 5000 kroner fra potten.\u00a0<\/p>\n<p>&#8211; Det var skikkelig interessant \u00e5 spille sammen med seeren p\u00e5 denne m\u00e5ten. Forvent en god blanding av det vonde og det g\u00f8ye, forteller Fladseth i pressemeldingen.<\/p>\n<p>        SVARER: En av Herman Flesvigs karakterer i NRKs julekalender \u00abNissene i skjul\u00bb har f\u00e5tt mye omtale. N\u00e5 svarer en av dem som blir parodiert. Video: Marthe Karlson Nielsen\/ Nora Skavhaug\/ R\u00f8d L\u00f8per<\/p>\n<p>Blant annet m\u00e5 den som har ledd mest i publikum p\u00e5 slutten av programmet ut i en utfordring i h\u00e5p om \u00e5 vinne tilbake pengene personen har kostet gruppa.<\/p>\n<p> Det gjenst\u00e5r derfor \u00e5 se om publikum klarer \u00e5 motst\u00e5 noen av Norges morsomste komikere i bytte mot 200 000 kroner.<\/p>\n<p>&#8211; Det blir mange idiotiske krumspring, lover Fladseth.<\/p>\n<p> \u00abVerdens verste publikum\u00bb har premiere 2. januar p\u00e5 NRK TV.<\/p>\n","protected":false},"excerpt":{"rendered":"Nytt humorkonsept: Latter koster dyrt i NRKs nye humorprogram, for her tjener publikum penger p\u00e5 \u00e5 v\u00e6re verdens&hellip;\n","protected":false},"author":2,"featured_media":114606,"comment_status":"","ping_status":"","sticky":false,"template":"","format":"standard","meta":{"footnotes":""},"categories":[5],"tags":[13915,20,21,13570,24,25,15,2786,19,669,479,2543,9412,22,23,17,18,4969,9201,5231,13,30,5239,28,29,787,14,16,26,27,13916,13810],"class_list":{"0":"post-114605","1":"post","2":"type-post","3":"status-publish","4":"format-standard","5":"has-post-thumbnail","7":"category-overskrifter","8":"tag-amir-asgharnejad","9":"tag-breaking-news","10":"tag-breakingnews","11":"tag-erik-solbakken","12":"tag-featured-news","13":"tag-featurednews","14":"tag-headlines","15":"tag-henrik-fladseth","16":"tag-hovedoppslag","17":"tag-humor","18":"tag-kjendis","19":"tag-kjendisdesken","20":"tag-kristine-graendsen","21":"tag-latest-news","22":"tag-latestnews","23":"tag-main-news","24":"tag-mainnews","25":"tag-markus-neby","26":"tag-marlene-stavrum","27":"tag-martin-lepperod","28":"tag-news","29":"tag-no","30":"tag-nora-svenningsen","31":"tag-norge","32":"tag-norway","33":"tag-nrk","34":"tag-nyheter","35":"tag-overskrifter","36":"tag-top-stories","37":"tag-topstories","38":"tag-verdens-verste-publikum","39":"tag-vidar-magnussen"},"share_on_mastodon":{"url":"https:\/\/pubeurope.com\/@no\/115729198319401391","error":""},"_links":{"self":[{"href":"https:\/\/www.europesays.com\/no\/wp-json\/wp\/v2\/posts\/114605","targetHints":{"allow":["GET"]}}],"collection":[{"href":"https:\/\/www.europesays.com\/no\/wp-json\/wp\/v2\/posts"}],"about":[{"href":"https:\/\/www.europesays.com\/no\/wp-json\/wp\/v2\/types\/post"}],"author":[{"embeddable":true,"href":"https:\/\/www.europesays.com\/no\/wp-json\/wp\/v2\/users\/2"}],"replies":[{"embeddable":true,"href":"https:\/\/www.europesays.com\/no\/wp-json\/wp\/v2\/comments?post=114605"}],"version-history":[{"count":0,"href":"https:\/\/www.europesays.com\/no\/wp-json\/wp\/v2\/posts\/114605\/revisions"}],"wp:featuredmedia":[{"embeddable":true,"href":"https:\/\/www.europesays.com\/no\/wp-json\/wp\/v2\/media\/114606"}],"wp:attachment":[{"href":"https:\/\/www.europesays.com\/no\/wp-json\/wp\/v2\/media?parent=114605"}],"wp:term":[{"taxonomy":"category","embeddable":true,"href":"https:\/\/www.europesays.com\/no\/wp-json\/wp\/v2\/categories?post=114605"},{"taxonomy":"post_tag","embeddable":true,"href":"https:\/\/www.europesays.com\/no\/wp-json\/wp\/v2\/tags?post=114605"}],"curies":[{"name":"wp","href":"https:\/\/api.w.org\/{rel}","templated":true}]}}