{"id":114609,"date":"2025-12-16T12:21:16","date_gmt":"2025-12-16T12:21:16","guid":{"rendered":"https:\/\/www.europesays.com\/no\/114609\/"},"modified":"2025-12-16T12:21:16","modified_gmt":"2025-12-16T12:21:16","slug":"vestland-nordfjord-helene-frihammer-tar-sluttpakke","status":"publish","type":"post","link":"https:\/\/www.europesays.com\/no\/114609\/","title":{"rendered":"Vestland, Nordfjord | Helene Frihammer tar sluttpakke"},"content":{"rendered":"\n<p>\u2013 Det er b\u00e5de med hjartesorg og skrekkblanda fryd at eg no legg ut p\u00e5 nye eventyr, skriv ho.<\/p>\n<p>Nyheita kjem etter at NHO i november tilbydde sine tilsette sluttpakkar. Sj\u00f8lv om dei hadde hatt vekst i medlemmar, forklara dei at auka kostnadar f\u00f8rte til valet om \u00e5 tilby frivillige sluttpakkar.<\/p>\n<p>Tilbodet gjekk ut til 300 tilsette sentralt og p\u00e5 dei ulike regionskontora, melde NRK d\u00e5.<\/p>\n<p>Frihammer fekk jobben som regionsdirekt\u00f8r for Vestland i 2021. Ho vel no \u00e5 gi seg, etter 4,5 \u00e5r i stillinga.<\/p>\n<p>\u2013 Eg vil g\u00f8nne p\u00e5 til 15. februar og gjere alt det eg kan for \u00e5 makse ut dei siste to m\u00e5nadane p\u00e5 post for medlemmane v\u00e5re og Vestland, skriv ho i innlegget.<\/p>\n<p>Firda kjem tilbake med meir. <\/p>\n<p>  <a href=\"https:\/\/www.firda.no\/5-15-1984734\" class=\"related-teaser has-image default-story-teaser article--c-eRUmMG article--c-eRUmMG-jKCPdD-design-default\" rel=\"nofollow noopener\" target=\"_blank\"><\/p>\n<p>    <img decoding=\"async\" loading=\"lazy\"  src=\"https:\/\/www.europesays.com\/no\/wp-content\/uploads\/2025\/12\/skule.jpg\" alt=\"\" class=\"brick-c-cFOWSL\" style=\"\"\/><\/p>\n<p>\n            Les ogs\u00e5<\/p>\n<p>              J\u00f8lster kan miste elleve \u00e5rsverk i skulen p\u00e5 eitt \u00e5r\n        <\/p>\n<p>  <\/a><\/p>\n<p>  <a href=\"https:\/\/www.firda.no\/5-15-1989649\" class=\"related-teaser has-image default-story-teaser article--c-eRUmMG article--c-eRUmMG-jKCPdD-design-default\" rel=\"nofollow noopener\" target=\"_blank\"><\/p>\n<p>    <img decoding=\"async\" loading=\"lazy\"  src=\"https:\/\/www.europesays.com\/no\/wp-content\/uploads\/2025\/12\/b%C3%B8nder.jpg\" alt=\"\" class=\"brick-c-cFOWSL\" style=\"\"\/><\/p>\n<p>\n            Les ogs\u00e5<\/p>\n<p>              Sunnfjord-b\u00f8ndene investerer fleire hundre millionar\n        <\/p>\n<p>  <\/a><\/p>\n<p>  <a href=\"https:\/\/www.firda.no\/5-15-1990370\" class=\"related-teaser has-image default-story-teaser article--c-eRUmMG article--c-eRUmMG-jKCPdD-design-default\" rel=\"nofollow noopener\" target=\"_blank\"><\/p>\n<p>    <img decoding=\"async\" loading=\"lazy\"  src=\"https:\/\/www.europesays.com\/no\/wp-content\/uploads\/2025\/12\/bilsj%C3%B8-sladda.jpg\" alt=\"\" class=\"brick-c-cFOWSL\" style=\"\"\/><\/p>\n<p>\n            Les ogs\u00e5<\/p>\n<p>              Bil i sj\u00f8en i Gloppen\n        <\/p>\n<p>  <\/a><\/p>\n","protected":false},"excerpt":{"rendered":"\u2013 Det er b\u00e5de med hjartesorg og skrekkblanda fryd at eg no legg ut p\u00e5 nye eventyr, skriv&hellip;\n","protected":false},"author":2,"featured_media":114610,"comment_status":"","ping_status":"","sticky":false,"template":"","format":"standard","meta":{"footnotes":""},"categories":[10],"tags":[36,20,21,24,25,15,22,23,62,13,1150,30,5268,28,29,14,16,1510,26,27,1582],"class_list":{"0":"post-114609","1":"post","2":"type-post","3":"status-publish","4":"format-standard","5":"has-post-thumbnail","7":"category-norge","8":"tag-art","9":"tag-breaking-news","10":"tag-breakingnews","11":"tag-featured-news","12":"tag-featurednews","13":"tag-headlines","14":"tag-latest-news","15":"tag-latestnews","16":"tag-naeringsliv","17":"tag-news","18":"tag-nho","19":"tag-no","20":"tag-nordfjord","21":"tag-norge","22":"tag-norway","23":"tag-nyheter","24":"tag-overskrifter","25":"tag-story","26":"tag-top-stories","27":"tag-topstories","28":"tag-vestland"},"share_on_mastodon":{"url":"https:\/\/pubeurope.com\/@no\/115729222026092784","error":""},"_links":{"self":[{"href":"https:\/\/www.europesays.com\/no\/wp-json\/wp\/v2\/posts\/114609","targetHints":{"allow":["GET"]}}],"collection":[{"href":"https:\/\/www.europesays.com\/no\/wp-json\/wp\/v2\/posts"}],"about":[{"href":"https:\/\/www.europesays.com\/no\/wp-json\/wp\/v2\/types\/post"}],"author":[{"embeddable":true,"href":"https:\/\/www.europesays.com\/no\/wp-json\/wp\/v2\/users\/2"}],"replies":[{"embeddable":true,"href":"https:\/\/www.europesays.com\/no\/wp-json\/wp\/v2\/comments?post=114609"}],"version-history":[{"count":0,"href":"https:\/\/www.europesays.com\/no\/wp-json\/wp\/v2\/posts\/114609\/revisions"}],"wp:featuredmedia":[{"embeddable":true,"href":"https:\/\/www.europesays.com\/no\/wp-json\/wp\/v2\/media\/114610"}],"wp:attachment":[{"href":"https:\/\/www.europesays.com\/no\/wp-json\/wp\/v2\/media?parent=114609"}],"wp:term":[{"taxonomy":"category","embeddable":true,"href":"https:\/\/www.europesays.com\/no\/wp-json\/wp\/v2\/categories?post=114609"},{"taxonomy":"post_tag","embeddable":true,"href":"https:\/\/www.europesays.com\/no\/wp-json\/wp\/v2\/tags?post=114609"}],"curies":[{"name":"wp","href":"https:\/\/api.w.org\/{rel}","templated":true}]}}