{"id":114611,"date":"2025-12-16T12:22:08","date_gmt":"2025-12-16T12:22:08","guid":{"rendered":"https:\/\/www.europesays.com\/no\/114611\/"},"modified":"2025-12-16T12:22:08","modified_gmt":"2025-12-16T12:22:08","slug":"mor-frikjent-for-a-ha-forgiftet-barnet-sitt","status":"publish","type":"post","link":"https:\/\/www.europesays.com\/no\/114611\/","title":{"rendered":"Mor frikjent for \u00e5 ha forgiftet barnet sitt"},"content":{"rendered":"\n<p class=\"_lead_o9xde_2 _lead_xtcu6_50 layout-component text-serif-m layout-normal text-serif-l layout-component layout-wide layout-padded _wide_17hqh_1 layout-padded\">En mor som var tiltalt for grov mishandling av sin ett \u00e5r gamle datter, er frikjent av Hordaland tingrett.<\/p>\n<p><img alt=\" Foto: Ingrid Bj\u00f8rndal Farestvedt \/ VG\" class=\"_image_qp4xg_65 layout-component layout-wide\" data-fullscreen- data-track-element-type=\"Article image fullscreen\" data-track-name=\"ImageFullscreen\" fetchpriority=\"high\" decoding=\"sync\" loading=\"eager\" height=\"5464\" itemprop=\"image\"  src=\"https:\/\/www.europesays.com\/no\/wp-content\/uploads\/2025\/12\/caa2892e-0228-47bc-8719-463f85293e6a\"  style=\"object-position:0% 0%\" width=\"8192\"\/> Foto: Ingrid Bj\u00f8rndal Farestvedt \/ VG<\/p>\n<ul aria-hidden=\"true\" class=\"_images_ntbth_112\">\n<li><a class=\"_link_ntbth_117\" href=\"https:\/\/www.vg.no\/forfatter\/stella-bugge\" style=\"z-index:1\" title=\"Stella Bugge\" rel=\"nofollow noopener\" target=\"_blank\"><img alt=\"Bilde av Stella Bugge\" class=\"_image_ntbth_93\" fetchpriority=\"low\" loading=\"lazy\" decoding=\"async\" itemprop=\"image\"  src=\"https:\/\/www.europesays.com\/no\/wp-content\/uploads\/2025\/12\/1765887728_178_c673ac82-f3e7-47d3-aa1d-79bb6eca457a\"  width=\"480\"\/><\/a><\/li>\n<\/ul>\n<p> Oppdatert tirsdag 16. desember kl. 12:38     <\/p>\n<p class=\"_paragraph_o9xde_4 _paragraph_xtcu6_10 layout-component text-serif-m layout-normal text-serif-m layout-padded\"><strong class=\"_strong_o9xde_25\">\u2013 Jeg har ikke gjort barnet mitt sykt. Jeg er ikke skyldig. Jeg har ikke svar p\u00e5 hva som har skjedd. Det m\u00e5 v\u00e6re noe medisinsk. Jeg har ikke gjort det, sa moren i retten, if\u00f8lge<a href=\"https:\/\/www.bt.no\/krim\/i\/RzJvxd\/mor-tiltalt-for-aa-ha-forgiftet-barnet-sitt-hun-bestrider-aa-ha-skadet-barnet\" class=\"_link_o9xde_39\" rel=\"nofollow noopener\" target=\"_blank\"> Bergens Tidende.<\/a><\/strong><\/p>\n<p class=\"_paragraph_o9xde_4 _paragraph_xtcu6_10 layout-component text-serif-m layout-normal text-serif-m layout-padded\">Det ble hun trodd p\u00e5 av tingretten, som frikjente henne i en dom avsagt tirsdag.<\/p>\n<p class=\"_paragraph_o9xde_4 _paragraph_xtcu6_10 layout-component text-serif-m layout-normal text-serif-m layout-padded\">Hun sto<a href=\"https:\/\/www.vg.no\/nyheter\/i\/pPJAxG\/mor-tiltalt-for-aa-ha-forgiftet-barnet-sitt-jeg-har-ikke-gjort-det\" data-track-element-type=\"Link\" data-track-id=\"link:pPJAxG\" class=\"_link_o9xde_39\" rel=\"nofollow noopener\" target=\"_blank\"> tiltalt for \u00e5 ha blodforgiftet<\/a> datteren ved \u00e5 f\u00f8re bakterieholdig materiale inn i venekateteret hennes mens barnet var p\u00e5 Haukeland universitetssykehus og Rikshospitalet. Kvinnen har nektet straffskyld.<\/p>\n<p class=\"_paragraph_o9xde_4 _paragraph_xtcu6_10 layout-component text-serif-m layout-normal text-serif-m layout-padded\">\u2013 Retten kan ikke se at det er p\u00e5vist klare m\u00f8nstre i saken som underbygger at tiltalte har<br \/>handlet slik som beskrevet i tiltalen, heter det i dommen.<\/p>\n<p class=\"_paragraph_o9xde_4 _paragraph_xtcu6_10 layout-component text-serif-m layout-normal text-serif-m layout-padded\">Tiltalte frifinnes for b\u00e5de straffekravet og krav om oppreisningserstatning.<\/p>\n<p class=\"_paragraph_o9xde_4 _paragraph_xtcu6_10 layout-component text-serif-m layout-normal text-serif-m layout-padded\">Politiet ble varslet av Haukeland universitetssykehus i januar 2023. Barnet var ett \u00e5r gammelt da dette skjedde.<\/p>\n<p class=\"_paragraph_o9xde_4 _paragraph_xtcu6_10 layout-component text-serif-m layout-normal layout-padded\"><strong class=\"_strong_o9xde_25\">Les ogs\u00e5:<\/strong> <a href=\"https:\/\/www.vg.no\/i\/pPJAxG\" data-track-element-type=\"Link\" data-track-id=\"link:pPJAxG\" class=\"_link_o9xde_39\" rel=\"nofollow noopener\" target=\"_blank\">Mor tiltalt for \u00e5 ha forgiftet barnet sitt: \u2013 Jeg har ikke gjort det<\/a><\/p>\n","protected":false},"excerpt":{"rendered":"En mor som var tiltalt for grov mishandling av sin ett \u00e5r gamle datter, er frikjent av Hordaland&hellip;\n","protected":false},"author":2,"featured_media":114612,"comment_status":"","ping_status":"","sticky":false,"template":"","format":"standard","meta":{"footnotes":""},"categories":[5],"tags":[20,21,24,25,13928,15,2838,19,22,23,17,18,13,30,28,29,14,16,26,27],"class_list":{"0":"post-114611","1":"post","2":"type-post","3":"status-publish","4":"format-standard","5":"has-post-thumbnail","7":"category-overskrifter","8":"tag-breaking-news","9":"tag-breakingnews","10":"tag-featured-news","11":"tag-featurednews","12":"tag-frifinnelse","13":"tag-headlines","14":"tag-hordaland-tingrett","15":"tag-hovedoppslag","16":"tag-latest-news","17":"tag-latestnews","18":"tag-main-news","19":"tag-mainnews","20":"tag-news","21":"tag-no","22":"tag-norge","23":"tag-norway","24":"tag-nyheter","25":"tag-overskrifter","26":"tag-top-stories","27":"tag-topstories"},"share_on_mastodon":{"url":"https:\/\/pubeurope.com\/@no\/115729225872445234","error":""},"_links":{"self":[{"href":"https:\/\/www.europesays.com\/no\/wp-json\/wp\/v2\/posts\/114611","targetHints":{"allow":["GET"]}}],"collection":[{"href":"https:\/\/www.europesays.com\/no\/wp-json\/wp\/v2\/posts"}],"about":[{"href":"https:\/\/www.europesays.com\/no\/wp-json\/wp\/v2\/types\/post"}],"author":[{"embeddable":true,"href":"https:\/\/www.europesays.com\/no\/wp-json\/wp\/v2\/users\/2"}],"replies":[{"embeddable":true,"href":"https:\/\/www.europesays.com\/no\/wp-json\/wp\/v2\/comments?post=114611"}],"version-history":[{"count":0,"href":"https:\/\/www.europesays.com\/no\/wp-json\/wp\/v2\/posts\/114611\/revisions"}],"wp:featuredmedia":[{"embeddable":true,"href":"https:\/\/www.europesays.com\/no\/wp-json\/wp\/v2\/media\/114612"}],"wp:attachment":[{"href":"https:\/\/www.europesays.com\/no\/wp-json\/wp\/v2\/media?parent=114611"}],"wp:term":[{"taxonomy":"category","embeddable":true,"href":"https:\/\/www.europesays.com\/no\/wp-json\/wp\/v2\/categories?post=114611"},{"taxonomy":"post_tag","embeddable":true,"href":"https:\/\/www.europesays.com\/no\/wp-json\/wp\/v2\/tags?post=114611"}],"curies":[{"name":"wp","href":"https:\/\/api.w.org\/{rel}","templated":true}]}}