{"id":114613,"date":"2025-12-16T12:23:09","date_gmt":"2025-12-16T12:23:09","guid":{"rendered":"https:\/\/www.europesays.com\/no\/114613\/"},"modified":"2025-12-16T12:23:09","modified_gmt":"2025-12-16T12:23:09","slug":"bruno-fernandes-hevder-manchester-united-onsket-at-han-skulle-dra","status":"publish","type":"post","link":"https:\/\/www.europesays.com\/no\/114613\/","title":{"rendered":"Bruno Fernandes hevder Manchester United \u00f8nsket at han skulle dra"},"content":{"rendered":"\n<p class=\"_lead_o9xde_2 _lead_xtcu6_50 layout-component text-serif-m layout-normal text-serif-l layout-component layout-wide layout-padded _wide_17hqh_1 layout-padded\">Kapteinens f\u00f8lelser ble s\u00e5ret av klubbledelsen.<\/p>\n<p> <img class=\"_image_qp4xg_65 layout-component layout-wide\" data-fullscreen- data-track-element-type=\"Article image fullscreen\" data-track-name=\"ImageFullscreen\" fetchpriority=\"high\" decoding=\"sync\" loading=\"eager\" height=\"102\" itemprop=\"image\"  src=\"https:\/\/www.europesays.com\/no\/wp-content\/uploads\/2025\/12\/3a78fe19a2dcb5945ff2e8aa1338163a.jpg\"  style=\"object-position:50% 50%;aspect-ratio:1.75;height:auto;object-fit:cover;width:100%\" width=\"102\"\/>  <\/p>\n<ul aria-hidden=\"true\" class=\"_images_ntbth_112\">\n<li><a class=\"_link_ntbth_117\" href=\"https:\/\/www.vg.no\/forfatter\/oeyvind-herrebroeden\" style=\"z-index:1\" title=\"\u00d8yvind Herrebr\u00f8den\" rel=\"nofollow noopener\" target=\"_blank\"><img alt=\"Bilde av \u00d8yvind Herrebr\u00f8den\" class=\"_image_ntbth_93\" fetchpriority=\"low\" loading=\"lazy\" decoding=\"async\" itemprop=\"image\"  src=\"https:\/\/www.europesays.com\/no\/wp-content\/uploads\/2025\/12\/1765887789_290_8bb7c2c0-7083-4b77-a732-7b476449021f\"  width=\"480\"\/><\/a><\/li>\n<\/ul>\n<p> Oppdatert tirsdag 16. desember kl. 13:00    <\/p>\n<ul class=\"_list_o9xde_3 _list_64s2r_85 _unordered_o9xde_106 text-sans-m\">\n<li class=\"_item_o9xde_30\">Manchester United-kaptein Bruno Fernandes sier klubben \u00f8nsket at han skulle takke ja til en  overgang til Saudi-Arabia i sommer.<\/li>\n<li class=\"_item_o9xde_30\">Fernandes sier beskjeden om en mulig overgang s\u00e5ret ham dypt.<\/li>\n<li class=\"_item_o9xde_30\">Han valgte \u00e5 bli av famili\u00e6re \u00e5rsaker og kj\u00e6rlighet til klubben.<\/li>\n<\/ul>\n<p>Vis mer <\/p>\n<p class=\"_paragraph_o9xde_4 _paragraph_xtcu6_10 layout-component text-serif-m layout-normal text-serif-m layout-padded\">Manchester United-kaptein Bruno Fernandes avsl\u00f8rer at klubben \u00e5pnet d\u00f8ren for en overgang til Saudi-Arabia i sommer.<\/p>\n<p class=\"_paragraph_o9xde_4 _paragraph_xtcu6_10 layout-component text-serif-m layout-normal text-serif-m layout-padded\">Det kommer frem i et intervju med portugisiske Canal 11. Det er videreformidlet av <a href=\"https:\/\/maisfutebol.iol.pt\/made-in\/bruno-fernandes\/bruno-fernandes-al-hilal-magoa-me-um-bocado-o-united-queria-que-eu-fosse#goog_rewarded\" class=\"_link_o9xde_39\" rel=\"nofollow noopener\" target=\"_blank\">Mais Futebol<\/a> og flere engelske medier.<\/p>\n<p class=\"_paragraph_o9xde_4 _paragraph_xtcu6_10 layout-component text-serif-m layout-normal text-serif-m layout-padded\">Den portugisiske midtbanespilleren forteller at United-ledelsen ga ham beskjed om at det \u00abikke ville v\u00e6re dumt\u00bb om han forlot Old Trafford, if\u00f8lge <a href=\"https:\/\/www.goal.com\/en\/lists\/hurt-bruno-fernandes-claims-man-utd-wanted-summer-transfer-saudi-arabia-bombshell-interview\/bltd469c55aca3c0910\" class=\"_link_o9xde_39\" rel=\"nofollow noopener\" target=\"_blank\">Goal<\/a>.<\/p>\n<p class=\"_paragraph_o9xde_4 _paragraph_xtcu6_10 layout-component text-serif-m layout-normal text-serif-m layout-padded\">\u2013 Klubben ville at jeg skulle dra, det er min opplevelse. Jeg sa dette til direkt\u00f8rene, men jeg tror ikke de hadde mot til \u00e5 ta den avgj\u00f8relsen, siden manageren ville ha meg. Hvis jeg hadde sagt at jeg \u00f8nsket \u00e5 dra, hadde de latt meg dra, sier Fernandes i intervjuet med Canal 11.<\/p>\n<p class=\"_paragraph_o9xde_4 _paragraph_xtcu6_10 layout-component text-serif-m layout-normal text-serif-m layout-padded\">30-\u00e5ringen valgte til slutt \u00e5 bli, men innr\u00f8mmer at han ble preget av at han opplevde at klubben \u00f8nsket \u00e5 kvitte seg med ham.<\/p>\n<p class=\"_paragraph_o9xde_4 _paragraph_xtcu6_10 layout-component text-serif-m layout-normal text-serif-m layout-padded\">\u2013 Det s\u00e5rer meg mye. Mer enn \u00e5 s\u00e5re, gj\u00f8r det meg trist, sier han.<\/p>\n<p class=\"_paragraph_o9xde_4 _paragraph_xtcu6_10 layout-component text-serif-m layout-normal text-serif-m layout-padded\">Fernandes understreker at han aldri har v\u00e6rt vanskelig \u00e5 ha med \u00e5 gj\u00f8re, og at han alltid stiller opp for laget.<\/p>\n<p class=\"_paragraph_o9xde_4 _paragraph_xtcu6_10 layout-component text-serif-m layout-normal text-serif-m layout-padded\">\u2013 Jeg kunne ha dratt som mange andre gj\u00f8r og sagt: \u00abJeg vil dra, jeg vil ikke trene\u00bb. Men det gjorde jeg aldri, forklarer kapteinen.<\/p>\n<p class=\"_paragraph_o9xde_4 _paragraph_xtcu6_10 layout-component text-serif-m layout-normal text-serif-m layout-padded\">Han valgte \u00e5 bli b\u00e5de av famili\u00e6re \u00e5rsaker og fordi han genuint liker klubben, sier han. Ogs\u00e5 samtaler med trener Ruben Amorim bidro til at han ble v\u00e6rende.<\/p>\n","protected":false},"excerpt":{"rendered":"Kapteinens f\u00f8lelser ble s\u00e5ret av klubbledelsen. Oppdatert tirsdag 16. desember kl. 13:00 Manchester United-kaptein Bruno Fernandes sier klubben&hellip;\n","protected":false},"author":2,"featured_media":114614,"comment_status":"","ping_status":"","sticky":false,"template":"","format":"standard","meta":{"footnotes":""},"categories":[59],"tags":[9801,158,30,28,29,161,83,82,46],"class_list":{"0":"post-114613","1":"post","2":"type-post","3":"status-publish","4":"format-standard","5":"has-post-thumbnail","7":"category-sport","8":"tag-bruno-fernandes","9":"tag-manchester-united","10":"tag-no","11":"tag-norge","12":"tag-norway","13":"tag-premier-league","14":"tag-sport","15":"tag-sports","16":"tag-vgai"},"share_on_mastodon":{"url":"https:\/\/pubeurope.com\/@no\/115729229655729811","error":""},"_links":{"self":[{"href":"https:\/\/www.europesays.com\/no\/wp-json\/wp\/v2\/posts\/114613","targetHints":{"allow":["GET"]}}],"collection":[{"href":"https:\/\/www.europesays.com\/no\/wp-json\/wp\/v2\/posts"}],"about":[{"href":"https:\/\/www.europesays.com\/no\/wp-json\/wp\/v2\/types\/post"}],"author":[{"embeddable":true,"href":"https:\/\/www.europesays.com\/no\/wp-json\/wp\/v2\/users\/2"}],"replies":[{"embeddable":true,"href":"https:\/\/www.europesays.com\/no\/wp-json\/wp\/v2\/comments?post=114613"}],"version-history":[{"count":0,"href":"https:\/\/www.europesays.com\/no\/wp-json\/wp\/v2\/posts\/114613\/revisions"}],"wp:featuredmedia":[{"embeddable":true,"href":"https:\/\/www.europesays.com\/no\/wp-json\/wp\/v2\/media\/114614"}],"wp:attachment":[{"href":"https:\/\/www.europesays.com\/no\/wp-json\/wp\/v2\/media?parent=114613"}],"wp:term":[{"taxonomy":"category","embeddable":true,"href":"https:\/\/www.europesays.com\/no\/wp-json\/wp\/v2\/categories?post=114613"},{"taxonomy":"post_tag","embeddable":true,"href":"https:\/\/www.europesays.com\/no\/wp-json\/wp\/v2\/tags?post=114613"}],"curies":[{"name":"wp","href":"https:\/\/api.w.org\/{rel}","templated":true}]}}