{"id":114619,"date":"2025-12-16T12:30:16","date_gmt":"2025-12-16T12:30:16","guid":{"rendered":"https:\/\/www.europesays.com\/no\/114619\/"},"modified":"2025-12-16T12:30:16","modified_gmt":"2025-12-16T12:30:16","slug":"bastian-walaker-sundling-far-avslag-pa-erstatning-etter-unodvendig-hjerneoperasjon","status":"publish","type":"post","link":"https:\/\/www.europesays.com\/no\/114619\/","title":{"rendered":"Bastian Walaker Sundling f\u00e5r avslag p\u00e5 erstatning etter un\u00f8dvendig hjerneoperasjon"},"content":{"rendered":"\n<ul class=\"_list_o9xde_3 _list_64s2r_85 _unordered_o9xde_106 text-sans-m\">\n<li class=\"_item_o9xde_30\">Bastian Walaker Sundling har f\u00e5tt avslag p\u00e5 erstatning etter en un\u00f8dvendig hjerneoperasjon. <\/li>\n<li class=\"_item_o9xde_30\">Norsk pasientskadeerstatning konkluderer med at det ikke var svikt i behandlingen.<\/li>\n<li class=\"_item_o9xde_30\">Sundling selv og Radium-overlege Alexander Foss\u00e5 reagerer kraftig p\u00e5 avslaget. <\/li>\n<\/ul>\n<p>Vis mer <\/p>\n<p class=\"_paragraph_o9xde_4 _paragraph_xtcu6_10 layout-component text-serif-m layout-normal text-serif-m layout-padded\">I september fortalte VG <a href=\"https:\/\/www.vg.no\/helse\/i\/qP0lro\/bastian-walaker-sundling-ble-hjerneoperert-skal-hun-vokse-opp-uten-en-far\" data-track-element-type=\"Link\" data-track-id=\"link:qP0lro\" class=\"_link_o9xde_39\" rel=\"nofollow noopener\" target=\"_blank\">historien til<\/a> Bastian Walaker Sundling (34). <\/p>\n<p class=\"_paragraph_o9xde_4 _paragraph_xtcu6_10 layout-component text-serif-m layout-normal text-serif-m layout-padded\">Samme \u00e5ret han skulle bli pappa, i 2024, fikk han p\u00e5vist hjernekreft og svulsten i hodet ble operert ut. <\/p>\n<p class=\"_paragraph_o9xde_4 _paragraph_xtcu6_10 layout-component text-serif-m layout-normal text-serif-m layout-padded\">Senere, sterkt svekket etter operasjonen, fikk Sundling vite at operasjonen <a href=\"https:\/\/www.vg.no\/helse\/i\/qP0lro\/bastian-walaker-sundling-ble-hjerneoperert-skal-hun-vokse-opp-uten-en-far\" data-track-element-type=\"Link\" data-track-id=\"link:qP0lro\" class=\"_link_o9xde_39\" rel=\"nofollow noopener\" target=\"_blank\">var un\u00f8dvendig.<\/a><\/p>\n<p class=\"_paragraph_o9xde_4 _paragraph_xtcu6_10 layout-component text-serif-m layout-normal text-serif-m layout-padded\"><strong class=\"_strong_o9xde_25\">Han hadde nemlig en helt annen kreftform enn legene fryktet. <\/strong><\/p>\n<p class=\"_paragraph_o9xde_4 _paragraph_xtcu6_10 layout-component text-serif-m layout-normal text-serif-m layout-padded\">Den unge advokaten hadde lymfekreft i hjernen, som kjennetegnes ved at den ikke skal opereres. Men det visste ikke r\u00f8ntgenlegene eller kirurgene f\u00f8r operasjonen.<\/p>\n<p><img alt=\"BEKYMRET: \u2013 Skal hun vokse opp uten en far, var det f\u00f8rste Bastian Walaker Sundling tenkte om sin uf\u00f8dte datter da han fikk diagnosen. N\u00e5 er Frida ett \u00e5r.   Foto: Privat\" class=\"_image_qp4xg_65 layout-component layout-normal\" data-fullscreen- data-track-element-type=\"Article image fullscreen\" data-track-name=\"ImageFullscreen\" decoding=\"async\" loading=\"lazy\" height=\"2928\" itemprop=\"image\"  src=\"https:\/\/www.europesays.com\/no\/wp-content\/uploads\/2025\/12\/a640250f-5321-4755-8a7a-fd514307694c\"  style=\"object-position:0% 0%\" width=\"3000\"\/>BEKYMRET: \u2013 Skal hun vokse opp uten en far, var det f\u00f8rste Bastian Walaker Sundling tenkte om sin uf\u00f8dte datter da han fikk diagnosen. N\u00e5 er Frida ett \u00e5r.   Foto: Privat<\/p>\n<p class=\"_paragraph_o9xde_4 _paragraph_xtcu6_10 layout-component text-serif-m layout-normal text-serif-m layout-padded\"><strong class=\"_strong_o9xde_25\">N\u00e5 har Norsk pasientskadeerstatning (NPE) konkludert med at Sundling ikke har rett til erstatning.<\/strong><\/p>\n<p class=\"_paragraph_o9xde_4 _paragraph_xtcu6_10 layout-component text-serif-m layout-normal text-serif-m layout-padded\">\u2013 Jeg er skuffet! Det er vondt \u00e5 kjenne at man ikke blir trodd, jeg f\u00f8ler meg trampet p\u00e5 mens jeg ligger nede, sier han. <\/p>\n<p class=\"_paragraph_o9xde_4 _paragraph_xtcu6_10 layout-component text-serif-m layout-normal text-serif-m layout-padded\">VG har f\u00e5tt tilgang til hele vedtaket og alle vedlegg. <\/p>\n<p class=\"_paragraph_o9xde_4 _paragraph_xtcu6_10 layout-component text-serif-m layout-normal text-serif-m layout-padded\">\u2013 Det er slitsomt \u00e5 st\u00e5 i dette. Jeg har blitt d\u00e5rlig og handikappet av en un\u00f8dvendig operasjon, og n\u00e5 skal jeg ikke bli trodd og m\u00e5 ta denne kampen. Hvis jeg som advokat ikke klarer det, er det ikke s\u00e5 mange som klarer det, sier han. <\/p>\n<p class=\"_paragraph_o9xde_4 _paragraph_xtcu6_10 layout-component text-serif-m layout-normal text-serif-m layout-padded\">34-\u00e5ringen sliter med fatigue og flere nevrologiske senskader etter operasjonen og kreftbehandlingen \u2013 styringsvansker, nedsatt styrke, finmotorikk og talevansker. <\/p>\n<p class=\"_paragraph_o9xde_4 _paragraph_xtcu6_10 layout-component text-serif-m layout-normal text-serif-m layout-padded\">Kona m\u00e5 ta seg av Frida (14 md.) alle netter. <\/p>\n<p><img alt=\"Anette og Bastian Walaker Sundling hjemme med Frida (1).   Foto: Gisle Oddstad \/ VG\" class=\"_image_qp4xg_65 layout-component layout-normal\" data-fullscreen- data-track-element-type=\"Article image fullscreen\" data-track-name=\"ImageFullscreen\" decoding=\"async\" loading=\"lazy\" height=\"5365\" itemprop=\"image\"  src=\"https:\/\/www.europesays.com\/no\/wp-content\/uploads\/2025\/12\/af7616e9-d61f-4605-b0b0-d9cf7c2ce093\"  style=\"object-position:0% 0%\" width=\"7484\"\/>Anette og Bastian Walaker Sundling hjemme med Frida (1).   Foto: Gisle Oddstad \/ VG<\/p>\n<p class=\"_paragraph_o9xde_4 _paragraph_xtcu6_10 layout-component text-serif-m layout-normal text-serif-m layout-padded\">Men skaden er ikke \u00abtilstrekkelig stor og uventet etter pasientskadeloven\u00bb, st\u00e5r det i avslaget. <\/p>\n<p class=\"_paragraph_o9xde_4 _paragraph_xtcu6_10 layout-component text-serif-m layout-normal text-serif-m layout-padded\">Sundling har bestemt seg for \u00e5 klage p\u00e5 vedtaket. <\/p>\n<p class=\"_paragraph_o9xde_4 _paragraph_xtcu6_10 layout-component text-serif-m layout-normal text-serif-m layout-padded\">\u2013 Kan du forst\u00e5 at legene handlet ut ifra god tro om at dette var noe annet? <\/p>\n<p class=\"_paragraph_o9xde_4 _paragraph_xtcu6_10 layout-component text-serif-m layout-normal text-serif-m layout-padded\">\u2013 Ja, og det er helt greit det, men n\u00e5r konsekvensene er s\u00e5 store, er man nesten n\u00f8dt til \u00e5 ta seg tid til \u00e5 sjekke om det kan v\u00e6re noe annet.<\/p>\n<p> Sundling etter operasjonen for snart to \u00e5r siden.   <\/p>\n<p class=\"_paragraph_o9xde_4 _paragraph_xtcu6_10 layout-component text-serif-m layout-normal text-serif-m layout-padded\">Han mener legene burde ventet p\u00e5 pr\u00f8vesvar, og er uenig i at han fikk god nok informasjon om hva som skulle skje \u2013 og konsekvensene \u2013 i forkant av hjerneoperasjonen.<\/p>\n<p class=\"_paragraph_o9xde_4 _paragraph_xtcu6_10 layout-component text-serif-m layout-normal text-serif-m layout-padded\">\u2013 Jeg er ikke bitter eller sint. Alle kan gj\u00f8re feil. Det er menneskelig. Men jeg er lei meg for at ingen tar ansvar. Og jeg er lei meg for at vi ikke f\u00e5r rettferdighet.<\/p>\n<p>NPEs vurdering<\/p>\n<p class=\"_paragraph_o9xde_4 _paragraph_xtcu6_10 _paragraph_16v91_10 layout-component text-serif-m layout-normal text-sans-m layout-padded\">Grunnlaget for NPEs vurdering er \u00absituasjonen slik den var p\u00e5 behandlingstidspunktet\u00bb.<\/p>\n<p class=\"_paragraph_o9xde_4 _paragraph_xtcu6_10 _paragraph_16v91_10 layout-component text-serif-m layout-normal text-sans-m layout-padded\">De peker blant p\u00e5 at det var flere radiologiske funn som pekte i retning av en hjernesvulst av typen gliom, og som ikke passet med lymfom.<\/p>\n<p class=\"_paragraph_o9xde_4 _paragraph_xtcu6_10 _paragraph_16v91_10 layout-component text-serif-m layout-normal text-sans-m layout-padded\">\u00abDet var n\u00f8dvendig \u00e5 operere deg for \u00e5 avklare hva slags svulst du hadde, og for \u00e5 fjerne mest mulig av svulsten hvis man fant grunnlag for det. Ut fra alderen din, de radiologiske funnene og den nevrokirurgiske vurderingen mener vi det var riktig \u00e5 mistenke gliom og ha det som arbeidsdiagnose f\u00f8r inngrepet. Lymfom i lillehjernen forekommer ekstremt sjeldent i din alder, og prim\u00e6re hjernesvulster som for eksempel gliomer er langt vanligere\u00bb, st\u00e5r det i avslaget.<\/p>\n<p class=\"_paragraph_o9xde_4 _paragraph_xtcu6_10 _paragraph_16v91_10 layout-component text-serif-m layout-normal text-sans-m layout-padded\">Sundling og kona mener at planen var pr\u00f8vetaking av svulst og fjerning av det pr\u00f8vene viste var strengt n\u00f8dvendig, og heller reoperasjon, enn \u00e5 fjerne for mye. NPEs sakkyndigrapport legger til grunn at ekteparet var godt informert om at det var planlagt \u00e5 fjerne hele svulsten.<\/p>\n<p class=\"_paragraph_o9xde_4 _paragraph_xtcu6_10 _paragraph_16v91_10 layout-component text-serif-m layout-normal text-sans-m layout-padded\">If\u00f8lge kirurgene og r\u00f8ntgenlegenes tolkning av MR-bildene, var svulsten mest sannsynlig ondartet og sv\u00e6rt aggressiv, <a href=\"https:\/\/www.vg.no\/helse\/i\/qP0lro\/bastian-walaker-sundling-ble-hjerneoperert-skal-hun-vokse-opp-uten-en-far\" data-track-element-type=\"Link\" data-track-id=\"link:qP0lro\" class=\"_link_o9xde_39\" rel=\"nofollow noopener\" target=\"_blank\">har VG tidligere skrevet.\u00a0<\/a><\/p>\n<p class=\"_paragraph_o9xde_4 _paragraph_xtcu6_10 _paragraph_16v91_10 layout-component text-serif-m layout-normal text-sans-m layout-padded\">Det var derfor riktig \u00e5 fortsette operasjonen med m\u00e5l om \u00e5 fjerne s\u00e5 mye som mulig av svulstvevet, konkluderer NPE.<\/p>\n<p class=\"_paragraph_o9xde_4 _paragraph_xtcu6_10 _paragraph_16v91_10 layout-component text-serif-m layout-normal text-sans-m layout-padded\">Svulstvevet de fant hos Sundling, lignet mer p\u00e5 en slik ondartet og aggressiv hjernesvulst, enn det han faktisk hadde \u2013 lymfomvev.<\/p>\n<p class=\"_paragraph_o9xde_4 _paragraph_xtcu6_10 _paragraph_16v91_10 layout-component text-serif-m layout-normal text-sans-m layout-padded\">\u00abVi kan derfor ikke se at man burde ha endret den opprinnelige planen og stoppet inngrepet etter \u00e5 ha tatt frysesnitt\u00bb, st\u00e5r det i avslaget.<\/p>\n<p class=\"_paragraph_o9xde_4 _paragraph_xtcu6_10 _paragraph_16v91_10 layout-component text-serif-m layout-normal text-sans-m layout-padded\">Sundling har klaget p\u00e5 at han ikke fikk informasjon om at operasjonen kunne gi varige m\u00e9n, og mener han ikke samtykket til \u00e5 ta ut hele svulsten uten \u00e5 ta pr\u00f8ver f\u00f8rst, men NPEs vurdering er at skaden heller ikke skyldes informasjonssvikt.<\/p>\n<p>Vis mer<\/p>\n<p class=\"_paragraph_o9xde_4 _paragraph_xtcu6_10 layout-component text-serif-m layout-normal text-serif-m layout-padded\"><strong class=\"_strong_o9xde_25\">NPEs samlede vurdering er at det ikke var svikt i behandlingen, og at den var i tr\u00e5d med god medisinsk praksis.<\/strong><\/p>\n<p><img alt=\"Sundling og kona mener at planen var pr\u00f8vetaking av svulst og mulig operasjon senere, mens NPEs sakkyndigrapport legger til grunn av de var informert om hva som skulle skje.   Foto: Privat\" class=\"_image_qp4xg_65 layout-component layout-normal\" data-fullscreen- data-track-element-type=\"Article image fullscreen\" data-track-name=\"ImageFullscreen\" decoding=\"async\" loading=\"lazy\" height=\"4000\" itemprop=\"image\"  src=\"https:\/\/www.europesays.com\/no\/wp-content\/uploads\/2025\/12\/a7e5cc5f-b3ed-4508-b8e3-d9143f3e6d64\"  style=\"object-position:0% 0%\" width=\"3000\"\/>Sundling og kona mener at planen var pr\u00f8vetaking av svulst og mulig operasjon senere, mens NPEs sakkyndigrapport legger til grunn av de var informert om hva som skulle skje.   Foto: PrivatNPE: \u2013 Veldig trist <\/p>\n<p class=\"_paragraph_o9xde_4 _paragraph_xtcu6_10 layout-component text-serif-m layout-normal text-serif-m layout-padded\">\u2013 Det er veldig trist n\u00e5r unge mennesker har blitt alvorlig syke og plutselig havner i en helt annen livssituasjon. Det er ingen tvil om at det er en stor p\u00e5kjenning og belastende \u00e5 oppleve noe slikt, sier avdelingsdirekt\u00f8r Anne-Mette Gulaker i NPE til VG. <\/p>\n<p class=\"_paragraph_o9xde_4 _paragraph_xtcu6_10 layout-component text-serif-m layout-normal text-serif-m layout-padded\">\u2013 P\u00e5 samme tid m\u00e5 vi vurdere saken ut ifra lovens kriterier. <\/p>\n<p class=\"_paragraph_o9xde_4 _paragraph_xtcu6_10 layout-component text-serif-m layout-normal text-serif-m layout-padded\">Hun understreker at de ikke skal vurdere om behandlingen var optimal, men om skadene skyldes en feilbehandling. <\/p>\n<p><img alt=\"\u2013 Det gj\u00f8r stort inntrykk p\u00e5 oss n\u00e5r unge personer f\u00e5r livet snudd opp ned p\u00e5 grunn av plutselig alvorlig sykdom og skade etter behandling, sier avdelingsdirekt\u00f8r Anne-Mette Gulaker i NPE.  Foto: NPE\" class=\"_image_qp4xg_65 layout-component layout-normal\" data-fullscreen- data-track-element-type=\"Article image fullscreen\" data-track-name=\"ImageFullscreen\" decoding=\"async\" loading=\"lazy\" height=\"3335\" itemprop=\"image\"  src=\"https:\/\/www.europesays.com\/no\/wp-content\/uploads\/2025\/12\/5bf14446-4645-43db-b8c0-957861c7aeab\"  style=\"object-position:0% 0%\" width=\"5000\"\/>\u2013 Det gj\u00f8r stort inntrykk p\u00e5 oss n\u00e5r unge personer f\u00e5r livet snudd opp ned p\u00e5 grunn av plutselig alvorlig sykdom og skade etter behandling, sier avdelingsdirekt\u00f8r Anne-Mette Gulaker i NPE.  Foto: NPE<\/p>\n<p class=\"_paragraph_o9xde_4 _paragraph_xtcu6_10 layout-component text-serif-m layout-normal text-serif-m layout-padded\">\u2013 Vi tar alle saker p\u00e5 alvor og bruker ressurser p\u00e5 utredning. Det har vi ogs\u00e5 gjort her, hvor sakkyndig radiolog og nevrokirurg har vurdert behandlingen. I denne saken har vi kommet frem til at skaden ikke oppsto p\u00e5 grunn av feilbehandling. <\/p>\n<p class=\"_paragraph_o9xde_4 _paragraph_xtcu6_10 layout-component text-serif-m layout-normal text-serif-m layout-padded\">Hun legger til at alle medisinske behandlinger inneb\u00e6rer en viss risiko for skade eller komplikasjoner. <\/p>\n<p>\u2013 Tar det p\u00e5 st\u00f8rste alvor<\/p>\n<p class=\"_paragraph_o9xde_4 _paragraph_xtcu6_10 layout-component text-serif-m layout-normal text-serif-m layout-padded\">\u2013 Vi har forst\u00e5else for at pasientens forl\u00f8p, og avslaget p\u00e5 erstatning, oppleves som sv\u00e6rt belastende, sier avdelingsleder Frode Kolstad ved nevrokirurgisk avdeling p\u00e5 Oslo universitetssykehus (OUS).<\/p>\n<p><img decoding=\"async\" alt=\"Bilde av Frode Kolstad \" class=\"_image_ygndg_42\" height=\"27\" itemprop=\"image\" loading=\"lazy\"  src=\"https:\/\/www.europesays.com\/no\/wp-content\/uploads\/2025\/12\/79fee343-08bd-4b8f-afd9-78ef13b0f712\"  width=\"40\"\/><strong class=\"_name_ygndg_51 title-serif-xs\">Frode Kolstad <\/strong><\/p>\n<p class=\"_paragraph_o9xde_4 text-sans-m _description_ygndg_56\">Leder av nevrokirurgisk avdeling p\u00e5 OUS<\/p>\n<p class=\"_paragraph_o9xde_4 _paragraph_xtcu6_10 layout-component text-serif-m layout-normal text-serif-m layout-padded\">\u2013 Vi vil understreke at vi tar de erfaringene som kommer frem i denne saken p\u00e5 st\u00f8rste alvor. De vil inng\u00e5 i v\u00e5rt systematiske arbeid med \u00e5 forbedre utredning, behandling og informasjon til pasienter i tilsvarende situasjoner.<\/p>\n<p class=\"_paragraph_o9xde_4 _paragraph_xtcu6_10 layout-component text-serif-m layout-normal text-serif-m layout-padded\">Han har tidligere forklart at han ikke ser p\u00e5 Bastian som feiloperert.<\/p>\n<p class=\"_paragraph_o9xde_4 _paragraph_xtcu6_10 layout-component text-serif-m layout-normal text-serif-m layout-padded\">\u2013 For det var en veldig god behandling og operasjon. Av og til blir vi dessverre litt overrasket, og vi er enig i at strategien og behandlingen hadde v\u00e6rt annerledes dersom utredningen ga mistanke om lymfom tidlig i prosessen, <a href=\"https:\/\/www.vg.no\/helse\/i\/qP0lro\/bastian-walaker-sundling-ble-hjerneoperert-skal-hun-vokse-opp-uten-en-far\" data-track-element-type=\"Link\" data-track-id=\"link:qP0lro\" class=\"_link_o9xde_39\" rel=\"nofollow noopener\" target=\"_blank\">sa han<\/a> i september. <\/p>\n<p>St\u00f8tter Sundling: \u2013 Overraskende<\/p>\n<p class=\"_paragraph_o9xde_4 _paragraph_xtcu6_10 layout-component text-serif-m layout-normal text-serif-m layout-padded\">\u2013 Summen av ikke optimalt blir til slutt skadelig, sier overlege ved Radiumhospitalet Alexander Foss\u00e5 til VG. <\/p>\n<p class=\"_paragraph_o9xde_4 _paragraph_xtcu6_10 layout-component text-serif-m layout-normal text-serif-m layout-padded\">Han var med p\u00e5 \u00e5 behandle Sundling for lymfekreft etter hjerneoperasjonen, og har tidligere sagt at han <a href=\"https:\/\/www.vg.no\/helse\/i\/qP0lro\/bastian-walaker-sundling-ble-hjerneoperert-skal-hun-vokse-opp-uten-en-far\" data-track-element-type=\"Link\" data-track-id=\"link:qP0lro\" class=\"_link_o9xde_39\" rel=\"nofollow noopener\" target=\"_blank\">aldri skulle v\u00e6rt operert.<\/a><\/p>\n<p><img alt=\"\u2013 Det er definitivt min mening at mange av de nevrologiske plagene til Bastian kunne v\u00e6rt unng\u00e5tt hvis han ikke hadde blitt operert p\u00e5 den m\u00e5ten han ble, sa Radium-overlege Alexander Foss\u00e5 til VG i september.   Foto: Lone Lohne \/ VG\" class=\"_image_qp4xg_65 layout-component layout-normal\" data-fullscreen- data-track-element-type=\"Article image fullscreen\" data-track-name=\"ImageFullscreen\" decoding=\"async\" loading=\"lazy\" height=\"5464\" itemprop=\"image\"  src=\"https:\/\/www.europesays.com\/no\/wp-content\/uploads\/2025\/12\/f7194cf3-c05c-4f1d-b399-ab6e1d0d6dd5\"  style=\"object-position:0% 0%\" width=\"8192\"\/>\u2013 Det er definitivt min mening at mange av de nevrologiske plagene til Bastian kunne v\u00e6rt unng\u00e5tt hvis han ikke hadde blitt operert p\u00e5 den m\u00e5ten han ble, sa Radium-overlege Alexander Foss\u00e5 til VG i september.   Foto: Lone Lohne \/ VG<\/p>\n<p class=\"_paragraph_o9xde_4 _paragraph_xtcu6_10 layout-component text-serif-m layout-normal text-serif-m layout-padded\">\u2013 Avslaget er overraskende av flere grunner, mener han, og utdyper det han reagerer mest p\u00e5: <\/p>\n<p class=\"_paragraph_o9xde_4 _paragraph_xtcu6_10 layout-component text-serif-m layout-normal text-serif-m layout-padded\">\u2013 NPEs sakkyndige viser til journalen, som ble skrevet da kirurgen var ferdig med operasjonen, og de hadde funnet ut at det mest sannsynlig var noe annet enn vanlig kreft i hjernen. Legejournalen blir da fasiten. Jeg trodde pasientskadeerstatningen ogs\u00e5 skulle ta hensyn til pasientens versjon av dette. Vi vet ingenting om hva Bastian fikk vite eller sp\u00f8rre om i forkant, sier Foss\u00e5. <\/p>\n<p><img alt=\"Foto: Lone Lohne \/ VG\" class=\"_image_qp4xg_65 layout-component layout-normal\" data-fullscreen- data-track-element-type=\"Article image fullscreen\" data-track-name=\"ImageFullscreen\" decoding=\"async\" loading=\"lazy\" height=\"5437\" itemprop=\"image\"  src=\"https:\/\/www.europesays.com\/no\/wp-content\/uploads\/2025\/12\/f9b95f8f-01e5-4d3a-a431-f33d28857616\"  style=\"object-position:0% 0%\" width=\"5189\"\/>Foto: Lone Lohne \/ VG<\/p>\n<p class=\"_paragraph_o9xde_4 _paragraph_xtcu6_10 layout-component text-serif-m layout-normal text-serif-m layout-padded\">\u2013 Pasientskadeerstatning er ingen straffeprosess mot en lege. Det er vel mer et plaster p\u00e5 s\u00e5ret for pasienter n\u00e5r vi vet at feil kan skje. Det ble alvorlig for denne mannen, og det ville v\u00e6rt ydmykt og klokt \u00e5 gi ham erstatning, sier han videre. <\/p>\n<p class=\"_paragraph_o9xde_4 _paragraph_xtcu6_10 layout-component text-serif-m layout-normal text-serif-m layout-padded\">NPE svarer slik p\u00e5 kritikken: <\/p>\n<p class=\"_paragraph_o9xde_4 _paragraph_xtcu6_10 layout-component text-serif-m layout-normal text-serif-m layout-padded\">\u2013 P\u00e5 bakgrunn av de sakkyndiges uttalelser mener vi at legene gjorde det beste for pasienten ut ifra det de visste der og da. Behandlingen skal ikke vurderes basert p\u00e5 etterp\u00e5klokskap, sier avdelingsdirekt\u00f8r Gulaker.<\/p>\n<p class=\"_paragraph_o9xde_4 _paragraph_xtcu6_10 layout-component text-serif-m layout-normal text-serif-m layout-padded\">\u2013 Vi mener en nevrokirurg har riktig spesialitet til \u00e5 vurdere behandlingen. Vi fastholder derfor at det er riktig \u00e5 legge vekt p\u00e5 vurderingene fra de to uavhengige sakkyndige spesialistene vi har benyttet i saken, og kan ikke legge avgj\u00f8rende vekt p\u00e5 kreftlege Foss\u00e5s uttalelse.<\/p>\n<p>Mange tusen varsler<\/p>\n<p class=\"_paragraph_o9xde_4 _paragraph_xtcu6_10 _paragraph_16v91_10 layout-component text-serif-m layout-normal text-sans-m layout-padded\">Helsetilsynet mottok i perioden 2020\u20132024, varsler om 5688 alvorlig hendelser i helsevesenet. <\/p>\n<p class=\"_paragraph_o9xde_4 _paragraph_xtcu6_10 _paragraph_16v91_10 layout-component text-serif-m layout-normal text-sans-m layout-padded\">Av varslene er 427 relatert til kirurgi, opplyser Helsetilsynet til VG, og av disse er 49 prosent registrert som d\u00f8dsfall, og 32 prosent alvorlig skade. Seks prosent er forhold som kunne ha f\u00f8rt til sv\u00e6rt alvorlig skade. <\/p>\n<p class=\"_paragraph_o9xde_4 _paragraph_xtcu6_10 _paragraph_16v91_10 layout-component text-serif-m layout-normal text-sans-m layout-padded\">Kilde: Helsetilsynet<\/p>\n<p>Vis merFlest f\u00e5r nei<\/p>\n<p class=\"_paragraph_o9xde_4 _paragraph_xtcu6_10 layout-component text-serif-m layout-normal text-serif-m layout-padded\">De siste fem \u00e5rene har i snitt 30 prosent f\u00e5tt innvilget sin s\u00f8knad om erstatning, mens 70 prosent har f\u00e5tt avslag, opplyser NPE.<\/p>\n<p class=\"_paragraph_o9xde_4 _paragraph_xtcu6_10 layout-component text-serif-m layout-normal text-serif-m layout-padded\"><strong class=\"_strong_o9xde_25\">\u2013 Alle som har krav p\u00e5 erstatning skal v\u00e6re trygge p\u00e5 at de mottar det, sier Gulaker. <\/strong><\/p>\n<p class=\"_paragraph_o9xde_4 _paragraph_xtcu6_10 layout-component text-serif-m layout-normal text-serif-m layout-padded\">Fra 2020 til i dag har NPE mottatt over 40.000 s\u00f8knader om erstatning, og n\u00e5r det gjelder kreft spesifikt, f\u00e5r omtrent en av tre ja p\u00e5 sin s\u00f8knad. <\/p>\n<p class=\"_paragraph_o9xde_4 _paragraph_xtcu6_10 layout-component text-serif-m layout-normal layout-padded\"><strong class=\"_strong_o9xde_25\">Les ogs\u00e5:<\/strong> <a href=\"https:\/\/www.vg.no\/i\/qP0lro\" data-track-element-type=\"Link\" data-track-id=\"link:qP0lro\" class=\"_link_o9xde_39\" rel=\"nofollow noopener\" target=\"_blank\">\u00abSkal hun vokse opp uten en far?\u00bb<\/a><\/p>\n","protected":false},"excerpt":{"rendered":"Bastian Walaker Sundling har f\u00e5tt avslag p\u00e5 erstatning etter en un\u00f8dvendig hjerneoperasjon. Norsk pasientskadeerstatning konkluderer med at det&hellip;\n","protected":false},"author":2,"featured_media":114620,"comment_status":"","ping_status":"","sticky":false,"template":"","format":"standard","meta":{"footnotes":""},"categories":[10],"tags":[20,21,24,25,15,8215,1401,22,23,13,30,28,29,14,4580,16,11937,4579,26,27],"class_list":{"0":"post-114619","1":"post","2":"type-post","3":"status-publish","4":"format-standard","5":"has-post-thumbnail","7":"category-norge","8":"tag-breaking-news","9":"tag-breakingnews","10":"tag-featured-news","11":"tag-featurednews","12":"tag-headlines","13":"tag-kirurgi","14":"tag-kreft","15":"tag-latest-news","16":"tag-latestnews","17":"tag-news","18":"tag-no","19":"tag-norge","20":"tag-norway","21":"tag-nyheter","22":"tag-oslo-universitetssykehus-ous","23":"tag-overskrifter","24":"tag-pasientskadeerstatning","25":"tag-radiumhospitalet","26":"tag-top-stories","27":"tag-topstories"},"share_on_mastodon":{"url":"https:\/\/pubeurope.com\/@no\/115729257330432612","error":""},"_links":{"self":[{"href":"https:\/\/www.europesays.com\/no\/wp-json\/wp\/v2\/posts\/114619","targetHints":{"allow":["GET"]}}],"collection":[{"href":"https:\/\/www.europesays.com\/no\/wp-json\/wp\/v2\/posts"}],"about":[{"href":"https:\/\/www.europesays.com\/no\/wp-json\/wp\/v2\/types\/post"}],"author":[{"embeddable":true,"href":"https:\/\/www.europesays.com\/no\/wp-json\/wp\/v2\/users\/2"}],"replies":[{"embeddable":true,"href":"https:\/\/www.europesays.com\/no\/wp-json\/wp\/v2\/comments?post=114619"}],"version-history":[{"count":0,"href":"https:\/\/www.europesays.com\/no\/wp-json\/wp\/v2\/posts\/114619\/revisions"}],"wp:featuredmedia":[{"embeddable":true,"href":"https:\/\/www.europesays.com\/no\/wp-json\/wp\/v2\/media\/114620"}],"wp:attachment":[{"href":"https:\/\/www.europesays.com\/no\/wp-json\/wp\/v2\/media?parent=114619"}],"wp:term":[{"taxonomy":"category","embeddable":true,"href":"https:\/\/www.europesays.com\/no\/wp-json\/wp\/v2\/categories?post=114619"},{"taxonomy":"post_tag","embeddable":true,"href":"https:\/\/www.europesays.com\/no\/wp-json\/wp\/v2\/tags?post=114619"}],"curies":[{"name":"wp","href":"https:\/\/api.w.org\/{rel}","templated":true}]}}