{"id":114627,"date":"2025-12-16T12:37:33","date_gmt":"2025-12-16T12:37:33","guid":{"rendered":"https:\/\/www.europesays.com\/no\/114627\/"},"modified":"2025-12-16T12:37:33","modified_gmt":"2025-12-16T12:37:33","slug":"mann-sendt-til-akutten-etter-voldshendelse-i-stavanger-nrk-rogaland-lokale-nyheter-tv-og-radio","status":"publish","type":"post","link":"https:\/\/www.europesays.com\/no\/114627\/","title":{"rendered":"Mann sendt til akutten etter voldshendelse i Stavanger \u2013 NRK Rogaland \u2013 Lokale nyheter, TV og radio"},"content":{"rendered":"<p>Klokka 20.23 fikk politiet melding om en voldshendelse inne i en matbutikk i Auglendsdalen i Stavanger. En gjerningsperson har l\u00f8pt fra stedet og forn\u00e6rmede har kuttskader. Ambulanse og politi er p\u00e5 stedet.<\/p>\n<p>Forn\u00e6rmede er en mann i ten\u00e5rene, og han er kj\u00f8rt til akutten med ambulanse for videre behandling.<\/p>\n<p>Politiet har gjort unders\u00f8kelser p\u00e5 stedet og lett i omr\u00e5det etter en mulig mistenkt, uten \u00e5 ha gjort funn.<\/p>\n<p>Politiet oppretter sak og vil etterforske saken videre.<\/p>\n","protected":false},"excerpt":{"rendered":"Klokka 20.23 fikk politiet melding om en voldshendelse inne i en matbutikk i Auglendsdalen i Stavanger. En gjerningsperson&hellip;\n","protected":false},"author":2,"featured_media":114628,"comment_status":"","ping_status":"","sticky":false,"template":"","format":"standard","meta":{"footnotes":""},"categories":[10],"tags":[20,21,24,25,15,22,23,13,30,28,29,14,16,26,27],"class_list":{"0":"post-114627","1":"post","2":"type-post","3":"status-publish","4":"format-standard","5":"has-post-thumbnail","7":"category-norge","8":"tag-breaking-news","9":"tag-breakingnews","10":"tag-featured-news","11":"tag-featurednews","12":"tag-headlines","13":"tag-latest-news","14":"tag-latestnews","15":"tag-news","16":"tag-no","17":"tag-norge","18":"tag-norway","19":"tag-nyheter","20":"tag-overskrifter","21":"tag-top-stories","22":"tag-topstories"},"share_on_mastodon":{"url":"https:\/\/pubeurope.com\/@no\/115729284876595571","error":""},"_links":{"self":[{"href":"https:\/\/www.europesays.com\/no\/wp-json\/wp\/v2\/posts\/114627","targetHints":{"allow":["GET"]}}],"collection":[{"href":"https:\/\/www.europesays.com\/no\/wp-json\/wp\/v2\/posts"}],"about":[{"href":"https:\/\/www.europesays.com\/no\/wp-json\/wp\/v2\/types\/post"}],"author":[{"embeddable":true,"href":"https:\/\/www.europesays.com\/no\/wp-json\/wp\/v2\/users\/2"}],"replies":[{"embeddable":true,"href":"https:\/\/www.europesays.com\/no\/wp-json\/wp\/v2\/comments?post=114627"}],"version-history":[{"count":0,"href":"https:\/\/www.europesays.com\/no\/wp-json\/wp\/v2\/posts\/114627\/revisions"}],"wp:featuredmedia":[{"embeddable":true,"href":"https:\/\/www.europesays.com\/no\/wp-json\/wp\/v2\/media\/114628"}],"wp:attachment":[{"href":"https:\/\/www.europesays.com\/no\/wp-json\/wp\/v2\/media?parent=114627"}],"wp:term":[{"taxonomy":"category","embeddable":true,"href":"https:\/\/www.europesays.com\/no\/wp-json\/wp\/v2\/categories?post=114627"},{"taxonomy":"post_tag","embeddable":true,"href":"https:\/\/www.europesays.com\/no\/wp-json\/wp\/v2\/tags?post=114627"}],"curies":[{"name":"wp","href":"https:\/\/api.w.org\/{rel}","templated":true}]}}