{"id":114633,"date":"2025-12-16T12:46:29","date_gmt":"2025-12-16T12:46:29","guid":{"rendered":"https:\/\/www.europesays.com\/no\/114633\/"},"modified":"2025-12-16T12:46:29","modified_gmt":"2025-12-16T12:46:29","slug":"skattelotteri-og-stores-masterplan-e24","status":"publish","type":"post","link":"https:\/\/www.europesays.com\/no\/114633\/","title":{"rendered":"Skattelotteri og St\u00f8res masterplan \u2013 E24"},"content":{"rendered":"<p class=\"fullWidthDesktop hyperion-css-71ztg2\" data-test-tag=\"lead-text\">Endelig mandag og ny episode av Penger, p\u00f8lser og politikk!<\/p>\n<p><img decoding=\"async\" class=\"image-asset hyperion-css-1c02yp9\" data-test-tag=\"image-asset\" src=\"https:\/\/www.europesays.com\/no\/wp-content\/uploads\/2025\/12\/982f8618-2595-4d6a-aabe-4289e267d64f\"  alt=\"PPP-redaksjonen: Roar Valderhaug, Ina Vedde-Fj\u00e6restad, Torbj\u00f8rn R\u00f8e Isaksen og Sindre Heyerdahl.\"  loading=\"eager\" fetchpriority=\"high\" style=\"aspect-ratio:1386 \/ 984\"\/>PPP-redaksjonen: Roar Valderhaug, Ina Vedde-Fj\u00e6restad, Torbj\u00f8rn R\u00f8e Isaksen og Sindre Heyerdahl. Foto: Kristoffer KumarPublisert: Publisert: <\/p>\n<p>For mindre enn 50 minutter siden<\/p>\n<ul class=\"hyperion-css-pte5x0\">\n<li aria-label=\"link\" class=\"narrow-button hyperion-css-1sz7d3n\">Kopier lenke<\/li>\n<li aria-label=\"link\" class=\"wide-button hyperion-css-1sz7d3n\">Kopier lenke<\/li>\n<li aria-label=\"facebook\" class=\"narrow-button hyperion-css-1sz7d3n\">Del p\u00e5 Facebook<\/li>\n<li aria-label=\"facebook\" class=\"wide-button hyperion-css-1sz7d3n\">Del p\u00e5 Facebook<\/li>\n<li aria-label=\"email\" class=\"narrow-button hyperion-css-1sz7d3n\">Del med e-post<\/li>\n<li aria-label=\"email\" class=\"wide-button hyperion-css-1sz7d3n\">Del med e-post<\/li>\n<\/ul>\n<p class=\"hyperion-css-1lemvax\">Vi n\u00e6rmer oss \u00e5rets m\u00f8rkeste dag, men f\u00f8r solen snur er det planer som skal legges frem og rentem\u00f8ter som skal avholdes, b\u00e5de her hjemme og i utlandet. Uken er i gang med St\u00f8res skattelotteri, et fors\u00f8ksprosjekt hvor 100.000 nordmenn f\u00e5r vite om de f\u00e5r redusert skatt i fem \u00e5r eller ikke. Ogs\u00e5 regjeringens nye masterplan for Norge ble lansert i dag, til s\u00e5nn passe begeistring fra PPP-redaksjonen. Onsdag skal statsministeren oppsummere \u00e5ret p\u00e5 sin halv\u00e5rlige pressekonferanse, og vi lurer p\u00e5 hvordan hierarkiet er her og hva blir servert? Og s\u00e5 er det rentem\u00f8te i Norges Bank. Det er liten tro p\u00e5 rentekutt allerede n\u00e5 f\u00f8r jul, men det knyttes spenning om sentralbanksjefen vil hinte om rentekutt allerede i mars. Vi g\u00e5r straks lysere tider i m\u00f8te.<\/p>\n<p class=\"hyperion-css-1lemvax\"><strong>Episoden finner du der du pleier \u00e5 lytte til podkast.<\/strong><\/p>\n<p class=\"hyperion-css-1lemvax\">H\u00f8r episoden i E24s spiller (under). <br \/>H\u00f8r <a aria-label=\"episoden hos Apple\" class=\"default hyperion-css-1rezu2g\" href=\"https:\/\/podcasts.apple.com\/no\/podcast\/penger-p\u00f8lser-og-politikk\/id1780335280?l=nb\" rel=\"noopener nofollow noreferrer\" data-test-tag=\"external-link\" target=\"_blank\">episoden hos Apple<\/a>. <br \/>H\u00f8r <a aria-label=\"episoden hos Spotify\" class=\"default hyperion-css-1rezu2g\" href=\"https:\/\/open.spotify.com\/show\/3GB4xzsobStd03b5sl3FA5?si=44141bd936da44fd\" rel=\"noopener nofollow noreferrer\" data-test-tag=\"external-link\" target=\"_blank\">episoden hos Spotify<\/a>. <br \/>H\u00f8r <a aria-label=\"episoden hos Podme\" class=\"default hyperion-css-1rezu2g\" href=\"https:\/\/podme.com\/no\/rss-penger-polser-og-politikk\" rel=\"noopener nofollow noreferrer\" data-test-tag=\"external-link\" target=\"_blank\">episoden hos Podme<\/a>. <\/p>\n<p class=\"hyperion-css-1lemvax\"><strong>Penger, p\u00f8lser og politikk gir deg det du trenger \u00e5 vite om uken som kommer.<\/strong><\/p>\n<p class=\"hyperion-css-1lemvax\">Podkasten kommer hver mandag etter lunsj, og henter saker fra skj\u00e6ringspunktet mellom \u00f8konomi og politikk. <\/p>\n<p class=\"hyperion-css-1lemvax\">Med \u00f8konomikommentator Ina Vedde-Fj\u00e6restad, \u00f8konomikommentator Sindre Heyerdahl, b\u00f8rskommentator Roar Valderhaug, politisk redakt\u00f8r Torbj\u00f8rn R\u00f8e Isaksen og produsent Erik Holm-Nyvold og \u00c5dne Riis Haall\u00e5s. <\/p>\n","protected":false},"excerpt":{"rendered":"Endelig mandag og ny episode av Penger, p\u00f8lser og politikk! PPP-redaksjonen: Roar Valderhaug, Ina Vedde-Fj\u00e6restad, Torbj\u00f8rn R\u00f8e Isaksen&hellip;\n","protected":false},"author":2,"featured_media":114634,"comment_status":"","ping_status":"","sticky":false,"template":"","format":"standard","meta":{"footnotes":""},"categories":[10],"tags":[20,21,24,25,15,22,23,13,30,28,29,14,16,26,27],"class_list":{"0":"post-114633","1":"post","2":"type-post","3":"status-publish","4":"format-standard","5":"has-post-thumbnail","7":"category-norge","8":"tag-breaking-news","9":"tag-breakingnews","10":"tag-featured-news","11":"tag-featurednews","12":"tag-headlines","13":"tag-latest-news","14":"tag-latestnews","15":"tag-news","16":"tag-no","17":"tag-norge","18":"tag-norway","19":"tag-nyheter","20":"tag-overskrifter","21":"tag-top-stories","22":"tag-topstories"},"share_on_mastodon":{"url":"https:\/\/pubeurope.com\/@no\/115729320344022516","error":""},"_links":{"self":[{"href":"https:\/\/www.europesays.com\/no\/wp-json\/wp\/v2\/posts\/114633","targetHints":{"allow":["GET"]}}],"collection":[{"href":"https:\/\/www.europesays.com\/no\/wp-json\/wp\/v2\/posts"}],"about":[{"href":"https:\/\/www.europesays.com\/no\/wp-json\/wp\/v2\/types\/post"}],"author":[{"embeddable":true,"href":"https:\/\/www.europesays.com\/no\/wp-json\/wp\/v2\/users\/2"}],"replies":[{"embeddable":true,"href":"https:\/\/www.europesays.com\/no\/wp-json\/wp\/v2\/comments?post=114633"}],"version-history":[{"count":0,"href":"https:\/\/www.europesays.com\/no\/wp-json\/wp\/v2\/posts\/114633\/revisions"}],"wp:featuredmedia":[{"embeddable":true,"href":"https:\/\/www.europesays.com\/no\/wp-json\/wp\/v2\/media\/114634"}],"wp:attachment":[{"href":"https:\/\/www.europesays.com\/no\/wp-json\/wp\/v2\/media?parent=114633"}],"wp:term":[{"taxonomy":"category","embeddable":true,"href":"https:\/\/www.europesays.com\/no\/wp-json\/wp\/v2\/categories?post=114633"},{"taxonomy":"post_tag","embeddable":true,"href":"https:\/\/www.europesays.com\/no\/wp-json\/wp\/v2\/tags?post=114633"}],"curies":[{"name":"wp","href":"https:\/\/api.w.org\/{rel}","templated":true}]}}