{"id":114637,"date":"2025-12-16T12:51:56","date_gmt":"2025-12-16T12:51:56","guid":{"rendered":"https:\/\/www.europesays.com\/no\/114637\/"},"modified":"2025-12-16T12:51:56","modified_gmt":"2025-12-16T12:51:56","slug":"vi-er-verdensmestre-i-baerekraft-sa-lenge-det-ikke-krever-handling","status":"publish","type":"post","link":"https:\/\/www.europesays.com\/no\/114637\/","title":{"rendered":"Vi er verdensmestre i b\u00e6rekraft \u2013 s\u00e5 lenge det ikke krever handling"},"content":{"rendered":"<p>De aller fleste i Norge har for lengst f\u00e5tt med seg at b\u00e6rekraft er fornuftig. Man reiser p\u00e5 b\u00e6rekraftseminarer, jobber med bl\u00e5 og gr\u00f8nne skifter, og det snakkes varmt om klima, natur, ansvar og fremtid. Problemet er bare dette: I praksis skjer det forbausende lite.<\/p>\n<p>Mange bedrifter forurenser kanskje litt mindre enn f\u00f8r. Litt mer effektiv drift, litt mindre plast. Men n\u00e5r det kommer til faktiske tiltak for \u00e5 forbedre naturen \u2013 rense, reparere, restaurere \u2013 er det p\u00e5fallende stille.<\/p>\n<p>Undertegnede har i mange \u00e5r jobbet med \u00e5 utvikle reiselivsopplevelser i inn- og utland. I den forbindelse har jeg l\u00e6rt \u00e9n ting: Nordmenn elsker utvalg, vurderinger og rapporter. Vi elsker forskning \u2013 og bruker titalls milliarder p\u00e5 \u00e5 beskrive v\u00e5re omgivelser. Det settes av store summer til utredning, kartlegging og analyse. N\u00e5r konklusjonene foreligger, skjer det ofte fint lite. Det finnes penger til \u00e5 finne ut hva som b\u00f8r gj\u00f8res, men sjelden tid til \u00e5 faktisk gj\u00f8re det. I flere byer har jeg sett 30\u201340 mulighetsstudier \u2013 men verken vilje eller evne til \u00e5 omsette dem til handling.<\/p>\n<p><a href=\"https:\/\/www.fvn.no\/mening\/debattinnlegg\/i\/OkbeEk\/et-juleopproer-som-ingen-har-bedt-om\" rel=\"nofollow noopener\" target=\"_blank\"> <img decoding=\"async\" src=\"data:image\/gif;base64,R0lGODlhEAAJAIAAAP\/\/\/wAAACH5BAEAAAAALAAAAAAQAAkAAAIKhI+py+0Po5yUFQA7\" alt=\"\"\/>   Et juleoppr\u00f8r som ingen har bedt om  <\/a> <\/p>\n<p>\u00c5pen <\/p>\n<p>Da jeg i v\u00e5r deltok p\u00e5 Villmarksmessen i Oslo, et samlingspunkt for hele friluftslivs-Norge, slo det meg hvor paradoksalt dette er. Her var mange av akt\u00f8rene samlet \u2013 DNT, Bergans, Garmin og en lang rekke andre som lever av naturen \u2013 men uten at jeg kunne finne programmer som handlet om aktiv naturrestaurering, med unntak av Jeger- og Fiskerforbundet. De fleste snakket i stedet om flere hytter, flere stier, lengre preparerte skil\u00f8yper, nye arenaer og nye tilganger.<\/p>\n<p>Gjennom arbeidet med Sj\u00f8\u00f8rret S\u00f8rlandet, hvor vi restaurerer elver og vannveier sammen med skoler, frivillige, lokalsamfunn og tilreisende, ser vi det samme m\u00f8nsteret igjen og igjen: Mange bedrifter bruker betydelige summer p\u00e5 milj\u00f8sertifiseringer, men sv\u00e6rt f\u00e5 er villige til \u00e5 bruke tid og penger p\u00e5 faktiske, forbedrende tiltak i n\u00e6rmilj\u00f8et sitt. Det er som om stempelet er viktigere enn resultatet.<\/p>\n<p>Vi liker \u00e5 peke p\u00e5 alt vi gj\u00f8r riktig n\u00e5r noen p\u00e5peker det som ikke fungerer. \u00abJa, men vi gj\u00f8r jo ogs\u00e5 mye annet bra\u00bb, sies det. Det er mulig. Men \u00e5 f\u00f8rst skade naturen \u2013 og deretter tilby et lite plaster \u2013 er verken spesielt overbevisende eller langsiktig.<\/p>\n<p><a href=\"https:\/\/www.fvn.no\/mening\/debattinnlegg\/i\/pP0786\/glitre-netts-planlagte-kraftgater-gjennom-vaagsbygdskauen\" rel=\"nofollow noopener\" target=\"_blank\"> <img decoding=\"async\" src=\"data:image\/gif;base64,R0lGODlhEAAJAIAAAP\/\/\/wAAACH5BAEAAAAALAAAAAAQAAkAAAIKhI+py+0Po5yUFQA7\" alt=\"\"\/>   Glitre Netts planlagte kraftgater gjennom V\u00e5gsbygdskauen  <\/a> <\/p>\n<p>\u00c5pen <\/p>\n<p>I Danmark har de bestemt seg for \u00e5 plante \u00e9n milliard tr\u00e6r. I Norge diskuterer vi heller om vi skal kj\u00f8pe klimakvoter fra Danmark, fremfor \u00e5 rydde opp, restaurere og plante her hjemme. Samtidig tr\u00f8ster vi oss med at vi har \u00abs\u00e5 mye natur\u00bb.<\/p>\n<p>Det vi ofte glemmer \u00e5 nevne er at store deler av denne naturen er ensformig plantasjeskog \u2013 effektiv for t\u00f8mmer, men fattig p\u00e5 liv. Resultatet er at arter forsvinner, og stadig flere havner p\u00e5 r\u00f8dlista.<\/p>\n<p>Dette handler ikke om \u00e5 v\u00e6re moralist. Det handler om \u00e5 flytte fokus fra prat til handling. Fra rapporter til spader. Fra sertifikater til faktiske forbedringer.<\/p>\n<p>Den gode nyheten er at det ikke er komplisert. Naturen responderer raskt n\u00e5r vi gj\u00f8r riktige tiltak. En \u00e5pnet bekk kan bli gyteplass igjen p\u00e5 \u00e9n sesong. Barn som f\u00e5r restaurere natur og plante tr\u00e6r, tar eierskap som varer livet ut. Lokale bedrifter som bidrar konkret, f\u00e5r b\u00e5de stolthet, synlighet og reell b\u00e6rekraft.<\/p>\n<p>S\u00e5 dette er en invitasjon \u2013 ikke en anklage. Til bedrifter, organisasjoner og offentlige akt\u00f8rer: Hvis dere virkelig mener alvor med b\u00e6rekraft, bli med p\u00e5 faktisk naturforbedring. Bruk litt mindre p\u00e5 \u00e5 fortelle hvor gr\u00f8nne dere er, og litt mer p\u00e5 \u00e5 gj\u00f8re Norge gr\u00f8nnere \u2013 p\u00e5 ordentlig.<\/p>\n<p>Hvis vi faktisk mener alvor med FNs b\u00e6rekraftsm\u00e5l, m\u00e5 vi ogs\u00e5 ta inn over oss at FN samtidig sl\u00e5r fast at vi i Norge bruker opp v\u00e5re tilgjengelige naturressurser lenge f\u00f8r \u00e5ret er omme \u2013 og at ekte b\u00e6rekraft derfor ikke handler om mer vekst, men om bedre forvaltning.<\/p>\n<p>Fremtiden trenger ikke flere brosjyrer. Den trenger handling. Og gjerne litt jord under neglene.<\/p>\n","protected":false},"excerpt":{"rendered":"De aller fleste i Norge har for lengst f\u00e5tt med seg at b\u00e6rekraft er fornuftig. Man reiser p\u00e5&hellip;\n","protected":false},"author":2,"featured_media":114638,"comment_status":"","ping_status":"","sticky":false,"template":"","format":"standard","meta":{"footnotes":""},"categories":[56],"tags":[2004,60,5362,61,3797,2862,650,62,30,28,29],"class_list":{"0":"post-114637","1":"post","2":"type-post","3":"status-publish","4":"format-standard","5":"has-post-thumbnail","7":"category-naeringsliv","8":"tag-baerekraft","9":"tag-business","10":"tag-dnt","11":"tag-economy","12":"tag-friluftsliv","13":"tag-lokalsamfunn","14":"tag-natur","15":"tag-naeringsliv","16":"tag-no","17":"tag-norge","18":"tag-norway"},"share_on_mastodon":{"url":"https:\/\/pubeurope.com\/@no\/115729343659383073","error":""},"_links":{"self":[{"href":"https:\/\/www.europesays.com\/no\/wp-json\/wp\/v2\/posts\/114637","targetHints":{"allow":["GET"]}}],"collection":[{"href":"https:\/\/www.europesays.com\/no\/wp-json\/wp\/v2\/posts"}],"about":[{"href":"https:\/\/www.europesays.com\/no\/wp-json\/wp\/v2\/types\/post"}],"author":[{"embeddable":true,"href":"https:\/\/www.europesays.com\/no\/wp-json\/wp\/v2\/users\/2"}],"replies":[{"embeddable":true,"href":"https:\/\/www.europesays.com\/no\/wp-json\/wp\/v2\/comments?post=114637"}],"version-history":[{"count":0,"href":"https:\/\/www.europesays.com\/no\/wp-json\/wp\/v2\/posts\/114637\/revisions"}],"wp:featuredmedia":[{"embeddable":true,"href":"https:\/\/www.europesays.com\/no\/wp-json\/wp\/v2\/media\/114638"}],"wp:attachment":[{"href":"https:\/\/www.europesays.com\/no\/wp-json\/wp\/v2\/media?parent=114637"}],"wp:term":[{"taxonomy":"category","embeddable":true,"href":"https:\/\/www.europesays.com\/no\/wp-json\/wp\/v2\/categories?post=114637"},{"taxonomy":"post_tag","embeddable":true,"href":"https:\/\/www.europesays.com\/no\/wp-json\/wp\/v2\/tags?post=114637"}],"curies":[{"name":"wp","href":"https:\/\/api.w.org\/{rel}","templated":true}]}}