{"id":114639,"date":"2025-12-16T12:54:20","date_gmt":"2025-12-16T12:54:20","guid":{"rendered":"https:\/\/www.europesays.com\/no\/114639\/"},"modified":"2025-12-16T12:54:20","modified_gmt":"2025-12-16T12:54:20","slug":"okonomi-rente-ssb-med-darlige-rentenyheter-oppland-arbeiderblad","status":"publish","type":"post","link":"https:\/\/www.europesays.com\/no\/114639\/","title":{"rendered":"\u00d8konomi, Rente | SSB med d\u00e5rlige rentenyheter &#8211; Oppland Arbeiderblad"},"content":{"rendered":"<ol>\n<li><a href=\"https:\/\/news.google.com\/rss\/articles\/CBMibkFVX3lxTE1vckh0a1pvRDFyNFYzOGxCa3VCdVMxaWFjNWhLNTJRd2xjTWtGV3lWY1RXSEVkclg3aDdaMXVya2h6T0dRQkNhS2NCcDVCdmdld3RaNkkzZHo5eU5tdUdhLW1McWtJSldsNjNpZ2Vn?oc=5\" target=\"_blank\" rel=\"nofollow noopener\">\u00d8konomi, Rente | SSB med d\u00e5rlige rentenyheter<\/a>&nbsp;&nbsp;Oppland Arbeiderblad<\/li>\n<li><a href=\"https:\/\/news.google.com\/rss\/articles\/CBMifkFVX3lxTE9FRnJ2eDY0bjMwOFpSYXRXcHlSdlBILVNfVzJzc3l6VEJTR1lwS2tvT1RWZjYyVzJUU3dOaUZZWW1NN1Vjbkh1R0lubjRrWmNtUlZ2OXdTeWU5Wl9tM2R2RlE3M3RCVEFLLVc4NW9kTS1hdXFSUEgtV0ZLRVZtZw?oc=5\" target=\"_blank\" rel=\"nofollow noopener\">SSB venter ett rentekutt neste \u00e5r<\/a>&nbsp;&nbsp;E24<\/li>\n<li><a href=\"https:\/\/news.google.com\/rss\/articles\/CBMigwFBVV95cUxPOC0weEgxaXYtQ1dJWFR1R1V0RjdnTkdHZWpxMjlXdkt2YXNHUUt1bEg0TmNWcU5ETG9ERjVrRlY1amJmeDFkMnhPZzBxUlA2Rms2NmUzdzB3UW1WUG5rQk00MnU4QlljaXZSbHFWWXVra0JHMlIwTlZwVWRzeUF6NXc1dw?oc=5\" target=\"_blank\" rel=\"nofollow noopener\">SSB, Rente | SSB med d\u00e5rlige rentenyheter<\/a>&nbsp;&nbsp;Nettavisen<\/li>\n<li><a href=\"https:\/\/news.google.com\/rss\/articles\/CBMixwFBVV95cUxQVkpILXgtaG1kZGxoUjBqdjQwdmxEVFFVSTZIWXN1WWt0TTZqbmdNZDQyQl9HelVfNzRzZ3V4VVlaSFVDVU1FdE9PQk5zampGcU05M3Z1QmQ4MkNubmx4bks4LXE4cWhVdjJDQTRBTlhJdlRZUGtOb3R2NmNUMDNERnppS0wwdWFsa0JaMmZHd0ZpVGtIOXNvOUFBRHc2SVRBUjRoQTM4VUZ1VldoS2J6ZGI2UW8zTU1rc1hONDhRQjZNd1o2bVRF?oc=5\" target=\"_blank\" rel=\"nofollow noopener\">SSB med ferske prognoser: Venter ett rentekutt neste \u00e5r og ett i 2027<\/a>&nbsp;&nbsp;Dagens N\u00e6ringsliv<\/li>\n<li><a href=\"https:\/\/news.google.com\/rss\/articles\/CBMimwFBVV95cUxPWVQ5TVNGWFRhdXBJS1o3LU91UEdTbS1mbFg2V2ZSQlVTTktOWUNsbXVMZlBLMzNJZ3RUNE1DYm5sSmV0ejBFZmNhbHRTSnRzYTZkNnN0ZFpuaVphYW9xdWtVdElzZVZjV3RzS2pRYTVVcnR5YU9Fd283c1Q2S01XbWkzX29fMEROQUViYm14dko4MGRnVDFJREpfUQ?oc=5\" target=\"_blank\" rel=\"nofollow noopener\">SSB sp\u00e5r boligprisfest og sterk l\u00f8nnsvekst<\/a>&nbsp;&nbsp;Finansavisen<\/li>\n<\/ol>\n","protected":false},"excerpt":{"rendered":"\u00d8konomi, Rente | SSB med d\u00e5rlige rentenyheter&nbsp;&nbsp;Oppland Arbeiderblad SSB venter ett rentekutt neste \u00e5r&nbsp;&nbsp;E24 SSB, Rente | SSB&hellip;\n","protected":false},"author":2,"featured_media":114640,"comment_status":"","ping_status":"","sticky":false,"template":"","format":"standard","meta":{"footnotes":""},"categories":[10],"tags":[36,20,21,24,25,15,22,23,13,30,28,241,29,14,16,572,1795,202,1510,26,27],"class_list":{"0":"post-114639","1":"post","2":"type-post","3":"status-publish","4":"format-standard","5":"has-post-thumbnail","7":"category-norge","8":"tag-art","9":"tag-breaking-news","10":"tag-breakingnews","11":"tag-featured-news","12":"tag-featurednews","13":"tag-headlines","14":"tag-latest-news","15":"tag-latestnews","16":"tag-news","17":"tag-no","18":"tag-norge","19":"tag-norges-bank","20":"tag-norway","21":"tag-nyheter","22":"tag-overskrifter","23":"tag-okonomi","24":"tag-rente","25":"tag-ssb","26":"tag-story","27":"tag-top-stories","28":"tag-topstories"},"share_on_mastodon":{"url":"https:\/\/pubeurope.com\/@no\/115729351564859295","error":""},"_links":{"self":[{"href":"https:\/\/www.europesays.com\/no\/wp-json\/wp\/v2\/posts\/114639","targetHints":{"allow":["GET"]}}],"collection":[{"href":"https:\/\/www.europesays.com\/no\/wp-json\/wp\/v2\/posts"}],"about":[{"href":"https:\/\/www.europesays.com\/no\/wp-json\/wp\/v2\/types\/post"}],"author":[{"embeddable":true,"href":"https:\/\/www.europesays.com\/no\/wp-json\/wp\/v2\/users\/2"}],"replies":[{"embeddable":true,"href":"https:\/\/www.europesays.com\/no\/wp-json\/wp\/v2\/comments?post=114639"}],"version-history":[{"count":0,"href":"https:\/\/www.europesays.com\/no\/wp-json\/wp\/v2\/posts\/114639\/revisions"}],"wp:featuredmedia":[{"embeddable":true,"href":"https:\/\/www.europesays.com\/no\/wp-json\/wp\/v2\/media\/114640"}],"wp:attachment":[{"href":"https:\/\/www.europesays.com\/no\/wp-json\/wp\/v2\/media?parent=114639"}],"wp:term":[{"taxonomy":"category","embeddable":true,"href":"https:\/\/www.europesays.com\/no\/wp-json\/wp\/v2\/categories?post=114639"},{"taxonomy":"post_tag","embeddable":true,"href":"https:\/\/www.europesays.com\/no\/wp-json\/wp\/v2\/tags?post=114639"}],"curies":[{"name":"wp","href":"https:\/\/api.w.org\/{rel}","templated":true}]}}