{"id":114644,"date":"2025-12-16T13:03:23","date_gmt":"2025-12-16T13:03:23","guid":{"rendered":"https:\/\/www.europesays.com\/no\/114644\/"},"modified":"2025-12-16T13:03:23","modified_gmt":"2025-12-16T13:03:23","slug":"felleskjopet-skiptvet-molle-felleskjopet-kjoper-molle-for-31-millioner","status":"publish","type":"post","link":"https:\/\/www.europesays.com\/no\/114644\/","title":{"rendered":"Felleskj\u00f8pet, Skiptvet M\u00f8lle | Felleskj\u00f8pet kj\u00f8per m\u00f8lle for 31 millioner"},"content":{"rendered":"\n<p>\u2013 Vi er glade for \u00e5 kunne formalisere samarbeidet med Skiptvet M\u00f8lle, og for \u00e5 sikre en framtidsrettet og robust l\u00f8sning for kornh\u00e5ndtering i et av landets viktigste matkornomr\u00e5der. Felleskj\u00f8pet skal v\u00e6re en langsiktig og ansvarlig eier, og vi ser fram til \u00e5 videreutvikle virksomheten sammen med de lokale eierne, sier styreleder Jens Lippestad i Felleskj\u00f8pet Agri i en pressemelding.<\/p>\n<p>M\u00f8llen i \u00d8stfold har over flere \u00e5r samarbeidet med Felleskj\u00f8pet, b\u00e5de innen kraftf\u00f4rproduksjon, kornh\u00e5ndtering, tonnvare og butikkdrift. Etter at m\u00f8lla i sommer ble gjort om fra samvirke til aksjeselskap, blir Felleskj\u00f8pet n\u00e5 majoritetseier. <\/p>\n<p>  <a href=\"https:\/\/www.nationen.no\/5-148-835114\" class=\"related-teaser has-image default-feature-teaser article--c-eRUmMG article--c-eRUmMG-jKCPdD-design-default\" rel=\"nofollow noopener\" target=\"_blank\"><\/p>\n<p>    <img decoding=\"async\" loading=\"lazy\"  src=\"https:\/\/www.europesays.com\/no\/wp-content\/uploads\/2025\/12\/DSC02371+%282%29+%281%29.jpg\" alt=\"\" class=\"brick-c-cFOWSL\" style=\"\"\/><\/p>\n<p>\n            Les ogs\u00e5<\/p>\n<p>              Kuttet utslippene p\u00e5 g\u00e5rden med ti prosent: Dette tiltaket har de stor tro p\u00e5\n        <\/p>\n<p>  <\/a><\/p>\n<p>Skiptvet M\u00f8lle hadde i 2024 driftsinntekter p\u00e5 dr\u00f8yt 31 millioner, med hadde et resultat p\u00e5 \u2212638.000.<\/p>\n<p>31 millioner<\/p>\n<p>\u2013 Skiptvet M\u00f8lle er et foretak med lang historikk, og har i snart 60 \u00e5r v\u00e6rt en viktig bidragsyter til det lokale landbruket i indre \u00d8stfold. Med Felleskj\u00f8pet p\u00e5 eiersiden utvikles virksomheten v\u00e5r, og vi f\u00e5r tilgang p\u00e5 ressurser og kompetanse som vil bidra til \u00e5 styrke b\u00e5de anlegget og regionens b\u00f8nder, sier avtroppende styreleder Kjell Eivind Solberg i Skiptvet M\u00f8lle.<\/p>\n<p>If\u00f8lge Felleskj\u00f8pet har Skiptvet M\u00f8lle en strategisk plassering i et omr\u00e5de med h\u00f8y produksjon av matkorn, og ligger n\u00e6r Felleskj\u00f8pets \u00f8vrige anlegg p\u00e5 Kambo og \u00d8stfold Kornmagasin i Sarpsborg. Gjennom det nye eierskapet tilf\u00f8res kapital som skal brukes til oppgraderinger og utvidelser av kornanlegget, for \u00e5 sikre leveringsmuligheter og en mer effektiv kornflyt i omr\u00e5det.<\/p>\n<p>Felleskj\u00f8pet betaler 31 millioner kroner for eierskapet i Skiptvet M\u00f8lle. Pengene er \u00f8remerket \u00e5 g\u00e5 til investeringsmidler i kornanlegget.<\/p>\n<p>\u2013 Dette er en investering i framtidig verdiskaping p\u00e5 norsk korn, og et tydelig signal om at Felleskj\u00f8pet fortsatt \u00f8nsker \u00e5 v\u00e6re tett p\u00e5 bonden ogs\u00e5 i \u00d8stfold. Vi skal bidra til at Skiptvet M\u00f8lle forblir en viktig akt\u00f8r for regionens b\u00f8nder, sier Lars Ove Flaten, korndirekt\u00f8r i Felleskj\u00f8pet Agri.<\/p>\n<p>  <a href=\"https:\/\/www.nationen.no\/5-148-836987\" class=\"related-teaser has-image default-story-teaser article--c-eRUmMG article--c-eRUmMG-jKCPdD-design-default\" rel=\"nofollow noopener\" target=\"_blank\"><\/p>\n<p>    <img decoding=\"async\" loading=\"lazy\"  src=\"https:\/\/www.europesays.com\/no\/wp-content\/uploads\/2025\/12\/IMG_5609.jpeg\" alt=\"\" class=\"brick-c-cFOWSL\" style=\"\"\/><\/p>\n<p>\n            Les ogs\u00e5<\/p>\n<p>              Rekefisker Frank (61) vet ikke hva han skal leve av: \u2013\u2060 H\u00e5per jeg har r\u00e5d til mat\n        <\/p>\n<p>  <\/a><br \/>\n  Eies sammen med lokale b\u00f8nder<\/p>\n<p>Skiptvet M\u00f8lle AS eies n\u00e5 i fellesskap av Felleskj\u00f8pet Agri og lokale b\u00f8nder. Det lokale eierskapet og driften videref\u00f8res, med dagens ledelse i tett samarbeid med det nye styret.<\/p>\n<p>\u2013 Sammen skal vi s\u00f8rge for at b\u00f8ndene i Skiptvet og omegn f\u00e5r et sterkt, moderne og lokalt forankret mottak for kornet sitt, sier Flaten.<\/p>\n","protected":false},"excerpt":{"rendered":"\u2013 Vi er glade for \u00e5 kunne formalisere samarbeidet med Skiptvet M\u00f8lle, og for \u00e5 sikre en framtidsrettet&hellip;\n","protected":false},"author":2,"featured_media":114645,"comment_status":"","ping_status":"","sticky":false,"template":"","format":"standard","meta":{"footnotes":""},"categories":[10],"tags":[36,20,21,24,25,2386,15,1711,755,22,23,62,13,30,28,29,14,16,13929,1510,26,27],"class_list":{"0":"post-114644","1":"post","2":"type-post","3":"status-publish","4":"format-standard","5":"has-post-thumbnail","7":"category-norge","8":"tag-art","9":"tag-breaking-news","10":"tag-breakingnews","11":"tag-featured-news","12":"tag-featurednews","13":"tag-felleskjopet","14":"tag-headlines","15":"tag-korn","16":"tag-landbruk","17":"tag-latest-news","18":"tag-latestnews","19":"tag-naeringsliv","20":"tag-news","21":"tag-no","22":"tag-norge","23":"tag-norway","24":"tag-nyheter","25":"tag-overskrifter","26":"tag-skiptvet-molle","27":"tag-story","28":"tag-top-stories","29":"tag-topstories"},"share_on_mastodon":{"url":"https:\/\/pubeurope.com\/@no\/115729387276986146","error":""},"_links":{"self":[{"href":"https:\/\/www.europesays.com\/no\/wp-json\/wp\/v2\/posts\/114644","targetHints":{"allow":["GET"]}}],"collection":[{"href":"https:\/\/www.europesays.com\/no\/wp-json\/wp\/v2\/posts"}],"about":[{"href":"https:\/\/www.europesays.com\/no\/wp-json\/wp\/v2\/types\/post"}],"author":[{"embeddable":true,"href":"https:\/\/www.europesays.com\/no\/wp-json\/wp\/v2\/users\/2"}],"replies":[{"embeddable":true,"href":"https:\/\/www.europesays.com\/no\/wp-json\/wp\/v2\/comments?post=114644"}],"version-history":[{"count":0,"href":"https:\/\/www.europesays.com\/no\/wp-json\/wp\/v2\/posts\/114644\/revisions"}],"wp:featuredmedia":[{"embeddable":true,"href":"https:\/\/www.europesays.com\/no\/wp-json\/wp\/v2\/media\/114645"}],"wp:attachment":[{"href":"https:\/\/www.europesays.com\/no\/wp-json\/wp\/v2\/media?parent=114644"}],"wp:term":[{"taxonomy":"category","embeddable":true,"href":"https:\/\/www.europesays.com\/no\/wp-json\/wp\/v2\/categories?post=114644"},{"taxonomy":"post_tag","embeddable":true,"href":"https:\/\/www.europesays.com\/no\/wp-json\/wp\/v2\/tags?post=114644"}],"curies":[{"name":"wp","href":"https:\/\/api.w.org\/{rel}","templated":true}]}}