{"id":114650,"date":"2025-12-16T13:14:11","date_gmt":"2025-12-16T13:14:11","guid":{"rendered":"https:\/\/www.europesays.com\/no\/114650\/"},"modified":"2025-12-16T13:14:11","modified_gmt":"2025-12-16T13:14:11","slug":"eg-er-bade-rort-og-stolt","status":"publish","type":"post","link":"https:\/\/www.europesays.com\/no\/114650\/","title":{"rendered":"\u2013 Eg er b\u00e5de r\u00f8rt og stolt"},"content":{"rendered":"<p data-testid=\"textWithMarkup-text\" data-v-81d7dc2b=\"\" data-v-62d58f52=\"\">Utmerkinga er ei takk for fleire ti\u00e5r med tru og utr\u00f8ytteleg innsats for sjakken p\u00e5 S\u00f8re Sunnm\u00f8re, skriv sjakklubben i ei pressemelding.<\/p>\n<p data-testid=\"textWithMarkup-text\" data-v-81d7dc2b=\"\" data-v-62d58f52=\"\">Standal har vore ein del av sjakkmilj\u00f8et heilt sidan 1970-talet, fr\u00e5 oppstarten av Volda Sjakklubb i 1972 og gjennom samansl\u00e5inga med \u00d8rsta Sjakklag. Gjennom \u00e5ra har han hatt ei rekkje verv og roller, b\u00e5de i ungdoms- og vaksenklubben, og har vore ein viktig bidragsytar til \u00e5 byggje opp det milj\u00f8et klubben har i dag.<\/p>\n<p>Uunnverleg for klubben <\/p>\n<p data-testid=\"textWithMarkup-text\" data-v-81d7dc2b=\"\" data-v-62d58f52=\"\">Leiar i Volda \u00d8rsta Sjakklag, St\u00e5le Refsnes, peikar p\u00e5 Standal som ein sv\u00e6rt viktig ressurs for klubben. Han trekkjer s\u00e6rleg fram innsatsen for barn og unge, rolla som turneringsdommar og det store engasjementet over tid.<\/p>\n<p>Heldt aktiviteten oppe i ei krevjande tid <\/p>\n<p data-testid=\"textWithMarkup-text\" data-v-81d7dc2b=\"\" data-v-62d58f52=\"\">Under koronapandemien spelte Standal ei s\u00e6rleg viktig rolle for \u00e5 halde sjakkaktiviteten i gang. Med kreative l\u00f8ysingar og tett oppf\u00f8lging av medlemmene bidrog han til at sjakkmilj\u00f8et kom seg gjennom ein krevjande periode, og raskt kunne ta opp att aktiviteten d\u00e5 samfunnet opna igjen.<\/p>\n<p>R\u00f8rt og stolt <\/p>\n<p data-testid=\"textWithMarkup-text\" data-v-81d7dc2b=\"\" data-v-62d58f52=\"\">For hovudpersonen sj\u00f8lv vart \u00e6resmedlemskapet ei sterk oppleving.<\/p>\n<p data-testid=\"textWithMarkup-text\" data-v-81d7dc2b=\"\" data-v-62d58f52=\"\">\u2013 Eg er b\u00e5de r\u00f8rt og stolt over utmerkinga. Sjakken har gitt meg mykje glede og gode fellesskap, og det er kjekt \u00e5 sj\u00e5 at interessa st\u00e5r sterkt, seier Standal.<\/p>\n<p data-testid=\"textWithMarkup-text\" data-v-81d7dc2b=\"\" data-v-62d58f52=\"\">\u00c6resmedlemskapet er den h\u00f8gaste utmerkinga klubben deler ut, og markerer b\u00e5de takksemd for det arbeidet som er lagt ned, og tru p\u00e5 vidare utvikling av sjakken i regionen.<\/p>\n","protected":false},"excerpt":{"rendered":"Utmerkinga er ei takk for fleire ti\u00e5r med tru og utr\u00f8ytteleg innsats for sjakken p\u00e5 S\u00f8re Sunnm\u00f8re, skriv&hellip;\n","protected":false},"author":2,"featured_media":114651,"comment_status":"","ping_status":"","sticky":false,"template":"","format":"standard","meta":{"footnotes":""},"categories":[10],"tags":[20,21,24,25,15,22,23,13,30,28,29,14,16,26,27],"class_list":{"0":"post-114650","1":"post","2":"type-post","3":"status-publish","4":"format-standard","5":"has-post-thumbnail","7":"category-norge","8":"tag-breaking-news","9":"tag-breakingnews","10":"tag-featured-news","11":"tag-featurednews","12":"tag-headlines","13":"tag-latest-news","14":"tag-latestnews","15":"tag-news","16":"tag-no","17":"tag-norge","18":"tag-norway","19":"tag-nyheter","20":"tag-overskrifter","21":"tag-top-stories","22":"tag-topstories"},"share_on_mastodon":{"url":"https:\/\/pubeurope.com\/@no\/115729430255310478","error":""},"_links":{"self":[{"href":"https:\/\/www.europesays.com\/no\/wp-json\/wp\/v2\/posts\/114650","targetHints":{"allow":["GET"]}}],"collection":[{"href":"https:\/\/www.europesays.com\/no\/wp-json\/wp\/v2\/posts"}],"about":[{"href":"https:\/\/www.europesays.com\/no\/wp-json\/wp\/v2\/types\/post"}],"author":[{"embeddable":true,"href":"https:\/\/www.europesays.com\/no\/wp-json\/wp\/v2\/users\/2"}],"replies":[{"embeddable":true,"href":"https:\/\/www.europesays.com\/no\/wp-json\/wp\/v2\/comments?post=114650"}],"version-history":[{"count":0,"href":"https:\/\/www.europesays.com\/no\/wp-json\/wp\/v2\/posts\/114650\/revisions"}],"wp:featuredmedia":[{"embeddable":true,"href":"https:\/\/www.europesays.com\/no\/wp-json\/wp\/v2\/media\/114651"}],"wp:attachment":[{"href":"https:\/\/www.europesays.com\/no\/wp-json\/wp\/v2\/media?parent=114650"}],"wp:term":[{"taxonomy":"category","embeddable":true,"href":"https:\/\/www.europesays.com\/no\/wp-json\/wp\/v2\/categories?post=114650"},{"taxonomy":"post_tag","embeddable":true,"href":"https:\/\/www.europesays.com\/no\/wp-json\/wp\/v2\/tags?post=114650"}],"curies":[{"name":"wp","href":"https:\/\/api.w.org\/{rel}","templated":true}]}}