{"id":114660,"date":"2025-12-16T13:21:12","date_gmt":"2025-12-16T13:21:12","guid":{"rendered":"https:\/\/www.europesays.com\/no\/114660\/"},"modified":"2025-12-16T13:21:12","modified_gmt":"2025-12-16T13:21:12","slug":"dette-blir-norges-hoyeste-hus-stor-oslo","status":"publish","type":"post","link":"https:\/\/www.europesays.com\/no\/114660\/","title":{"rendered":"Dette blir Norges h\u00f8yeste hus \u2013 Stor-Oslo"},"content":{"rendered":"<p>H\u00f8yhuset p\u00e5 toppen av den gamle postterminalen ved Oslo S vil nemlig rage 120 meter i v\u00e6ret.<\/p>\n<p>Oslo Plaza er 109,7 meter h\u00f8yt. Det har lenge v\u00e6rt regnet som Norges h\u00f8yeste h\u00f8yhus.<\/p>\n<p>Det fins riktignok en bygning som er h\u00f8yere. Det nye t\u00e5rnet ved kabelfabrikken Nexans i Halden strekker seg 153 meter opp i lufta.<\/p>\n<p><img decoding=\"async\"   src=\"data:image\/gif;base64,R0lGODlhAQABAIAAAAAAAP\/\/\/yH5BAEAAAAALAAAAAABAAEAAAIBRAA7\" loading=\"eager\" alt=\"Nexans' kabelfabrikk i Halden med de to t\u00e5rnene.\" title=\"Foto: Nexans\"\/><\/p>\n<p class=\"\">TO T\u00c5RN: Det h\u00f8yeste kabelt\u00e5rnet hos Nexans i Halden sto ferdig i 2024 og er 153 meter h\u00f8yt. Det laveste er 120 meter.<\/p>\n<p>Foto: Nexans<\/p>\n<p>Men nok om det. Denne saken handler ikke om kabelt\u00e5rn i \u00d8stfold, men prosjektet Oslo Horisont.<\/p>\n<p>120 meter<\/p>\n<p><strong>Byr\u00e5det i Oslo gir gr\u00f8nt lys tirsdag.<\/strong><\/p>\n<p>Med den gamle brevsenteret som base vil KLP Eiendom bygge to h\u00f8yhus:<\/p>\n<p>Ett kontorbygg p\u00e5 120 meter. Og et hotell p\u00e5 72.<\/p>\n<p>Basen blir st\u00e5ende, men skal forvandles. P\u00e5 toppen skal det bli offentlige rom med mye gr\u00f8nt.<\/p>\n<p><strong>Og fasaden mot Biskop Gunnerus&#8217; gate og Schweigaards gate skal \u00e5pnes opp.<\/strong><\/p>\n<p>P\u00e5 innsiden blir det serveringssteder og m\u00f8teplasser \u2013 ut mot det som i dag er et av Oslos mest utskjelte byrom.<\/p>\n<p><img decoding=\"async\"   src=\"data:image\/gif;base64,R0lGODlhAQABAIAAAAAAAP\/\/\/yH5BAEAAAAALAAAAAABAAEAAAIBRAA7\" loading=\"eager\" alt=\"En buss som kj\u00f8rer nedover en gate (Bildebeskrivelsen er laget av en KI-tjeneste)\" title=\"Foto: Olav Juven \/ NRK\"\/><\/p>\n<p class=\"\">UTSKJELT: Biskop Gunnerus&#8217; gate mellom den gamle postterminalen og Galleri Oslo \u2013 i seg selv sjelden nevnt som et arkitektonisk mesterverk \u2013 regnes blant Oslos verste byrom.<\/p>\n<p>Foto: Olav Juven \/ NRK<\/p>\n<p>\u2013 Forferdelig<\/p>\n<p>At Oslo Horisont bidrar til byreparasjon er en av tre grunner til byr\u00e5det i dag sier ja til prosjektet.<\/p>\n<p><strong>\u2013 Dette omr\u00e5det er i dag avvisende. Det er m\u00f8rkt. Det er et bygg som ikke har noen funksjon lenger og som ser ganske forferdelig ut, sier byutviklingsbyr\u00e5d James Stove Lorentzen (H).<\/strong><\/p>\n<p>\u2013 Vi skal f\u00e5 det transformert til \u00e5pne fasader, glass og lys. Det blir mer im\u00f8tekommende. Hele strekket her vil f\u00f8les tryggere, sier han.<\/p>\n<p>Norges st\u00f8rste knutepunkt<\/p>\n<p>Den andre grunnen er at Oslo S \u2013 Norges st\u00f8rste kollektivknutepunkt \u2013 f\u00e5r en mer innbydende adkomst fra nord og \u00f8st.<\/p>\n<p>Den tredje er nettopp det faktum at Oslo S og Jernbanetorget er et s\u00e5 sentralt knutepunkt.<\/p>\n<p><img decoding=\"async\"   src=\"data:image\/gif;base64,R0lGODlhAQABAIAAAAAAAP\/\/\/yH5BAEAAAAALAAAAAABAAEAAAIBRAA7\" loading=\"eager\" alt=\"James Stove Lorentzen og Haakon Riekeles p\u00e5 gangbroa mellom Oslo S og Oslo Plaza.\" title=\"Foto: Olav Juven \/ NRK\"\/><\/p>\n<p class=\"\">SIER JA: Byutviklingsbyr\u00e5d James Stove Lorentzen og byutviklingsutvalgets leder Haakon Riekeles (V) hilser h\u00f8yhusene p\u00e5 det gamle brevsenteret mellom dem velkommen.<\/p>\n<p>Foto: Olav Juven \/ NRK<\/p>\n<p><strong>\u2013 Her kommer alle togene, alle T-banene, alle trikkene og bussene. Det er en sv\u00e6rt effektiv m\u00e5te \u00e5 f\u00e5 folk inn og ut av kontorene p\u00e5.<\/strong><\/p>\n<p>\u2013 Og s\u00e5 skal det bygges et hotell i tillegg. Det betyr at det blir liv i omr\u00e5det ogs\u00e5 etter kontortid, sier Lorentzen.<\/p>\n<p>\u2013 Men hvorfor m\u00e5 man bygge 120 meter i h\u00f8yden for \u00e5 f\u00e5 til byreparasjon p\u00e5 gateplan?<\/p>\n<p>\u2013 Det gj\u00f8r at vi f\u00e5r flere folk inn her, som er veldig effektivt. Det betyr at vi kan bygge mindre andre steder i byen.<\/p>\n<p>Hva skjedde med Venstre?<\/p>\n<p>James Stove Lorentzen viser til at Oslo bystyre har vedtatt en <a href=\"https:\/\/www.nrk.no\/stor-oslo\/her-kan-det-bygges-opp-til-70-meter-1.16573906\" ec-id=\"pp:article:1.16573906\" ec-name=\"h\u00f8yhusstrategi\" rel=\"nofollow noopener\" target=\"_blank\">h\u00f8yhusstrategi<\/a> som \u00e5pner for inntil 125 meter h\u00f8ye bygninger rundt Oslo S.<\/p>\n<p><img decoding=\"async\"   src=\"data:image\/gif;base64,R0lGODlhAQABAIAAAAAAAP\/\/\/yH5BAEAAAAALAAAAAABAAEAAAIBRAA7\" loading=\"eager\" alt=\"Oslo Spektrum under ombygging\" title=\"Foto: Olav Juven \/ NRK\"\/><\/p>\n<p class=\"\">SPEKTRUM-T\u00c5RN: Ogs\u00e5 p\u00e5 taket av Oslo Spektrum kommer det h\u00f8yhus p\u00e5 over 100 meter. Snart skal det reise seg 108 meter over bakken.<\/p>\n<p>Foto: Olav Juven \/ NRK<\/p>\n<p>H\u00f8yhuspolitikken har full st\u00f8tte fra det andre byr\u00e5dspartiet Venstre.<\/p>\n<p><strong>De sto tidligere i bresjen for kampen mot h\u00f8yhus i Oslo. Hva har skjedd?<\/strong><\/p>\n<p>Leder for byutviklingsutvalget, Haakon Riekeles (V), sier at partiet har blitt mer opptatt av det som skjer p\u00e5 gateplan.<\/p>\n<p>Ikke st\u00f8rrelsen som teller<\/p>\n<p><strong>\u2013 Det er ikke om huset er ti meter h\u00f8yere eller lavere som har st\u00f8rst betydning, men hva man f\u00e5r til der folk ferdes i det daglige.<\/strong><\/p>\n<p><img decoding=\"async\"   src=\"data:image\/gif;base64,R0lGODlhAQABAIAAAAAAAP\/\/\/yH5BAEAAAAALAAAAAABAAEAAAIBRAA7\" loading=\"eager\" alt=\"Illustrasjon av ny bygning mot Scweigaards gate&#10;\" title=\"Foto: Nordic office of Architecture\/C.F. M\u00f8ller\/Rodeo arkitekter\"\/><\/p>\n<p class=\"\">BYREPARASJON: Slik kan fasaden mot Schweigaards gate bli seende ut.<\/p>\n<p>Foto: Nordic office of Architecture\/C.F. M\u00f8ller\/Rodeo arkitekter<\/p>\n<p>\u2013 H\u00f8yder kan v\u00e6re negativt hvis det gir skygge eller vind eller d\u00e5rlige fjernvirkninger. Men alt i alt er dette prosjektet veldig godt for byen, sier han.<\/p>\n<p><strong>Og noen skal betale for oppussingen av det Riekeles kaller Oslos kanskje verste gate.<\/strong><\/p>\n<p>\u2013 Hvis vi av gamle prinsipper skulle tatt ned bygget noen meter, ville det kun gitt mindre ressurser til \u00e5 gjennomf\u00f8re den transformasjonen vi \u00f8nsker av Schweigaards gate, Biskop Gunnerus&#8217; gate og Nylandsbroen.<\/p>\n<p>M\u00e5 ha bystyret med seg<\/p>\n<p>Ogs\u00e5 Oslo bystyre m\u00e5 gi gr\u00f8nt lys for Norges h\u00f8yeste hus. H\u00f8yre og Venstre trenger tre stemmer til, fortrinnsvis fra vanligvis utbyggervennlige Frp.<\/p>\n<p><img decoding=\"async\"   src=\"data:image\/gif;base64,R0lGODlhAQABAIAAAAAAAP\/\/\/yH5BAEAAAAALAAAAAABAAEAAAIBRAA7\" loading=\"eager\" alt=\"noen f\u00e5 h\u00f8ye bygninger (Bildebeskrivelsen er laget av en KI-tjeneste)\" title=\"Foto: Nordic office of Architecture\/C.F. M\u00f8ller\/Rodeo arkitekter\"\/><\/p>\n<p class=\"\">OSLO HORISONT: Prosjektet best\u00e5r av et kontorbygg p\u00e5 120 meter og et hotell p\u00e5 72.<\/p>\n<p>Foto: Nordic office of Architecture\/C.F. M\u00f8ller\/Rodeo arkitekter<\/p>\n<p>Gruppeleder Magnus Birkelund sier at han m\u00e5 se planene og diskutere dem med gruppa f\u00f8r partiet tar stilling.<\/p>\n<p>Ferdig i 2031<\/p>\n<p><strong>Sier bystyret ja, er KLP Eiendom klare til \u00e5 starte bygging i 2027 og v\u00e6re ferdige i 2031.<\/strong><\/p>\n<p>Utviklingsdirekt\u00f8r Eskild Rolstad kaller prosjektet banebrytende.<\/p>\n<p>Han viser til at de gjenbruker Postens gamle brevsenter, \u00e5pner opp og gir nytt liv til denne delen av sentrum med ny inngang til Oslo S.<\/p>\n<p>\u2013 Er det ett sted i Oslo man kan bygge h\u00f8yt og skape tusenvis av nye arbeidsplasser, s\u00e5 er det her p\u00e5 Norges st\u00f8rste knutepunkt, sier han.<\/p>\n<p><img decoding=\"async\"   src=\"data:image\/gif;base64,R0lGODlhAQABAIAAAAAAAP\/\/\/yH5BAEAAAAALAAAAAABAAEAAAIBRAA7\" loading=\"eager\" alt=\"Eskild Rolstad\" title=\"Foto: Bj\u00f6rn Audunn Bl\u00f6ndal \/ Pressworks\"\/><\/p>\n<p class=\"\">BANEBRYTENDE: Utviklingsdirekt\u00f8r Eskild Rolstad i KLP Eiendom er klar for \u00e5 stikke spaden i jorda i 2027.<\/p>\n<p>Foto: Bj\u00f6rn Audunn Bl\u00f6ndal \/ Pressworks<\/p>\n<p>Hvor lenge vil Oslo Horisont i s\u00e5 fall ha rekorden som Norges h\u00f8yeste?<\/p>\n<p>\u2013 Det har jeg ingen formening om, men vi har ingen planer foran oss som sl\u00e5r dette, konstaterer byutviklingsbyr\u00e5d James Stove Lorentzen.<\/p>\n<p>Droppet protest<\/p>\n<p>Riksantikvaren er generelt kritisk til for h\u00f8ye bygninger rundt Oslo S. Det var de ogs\u00e5 i dette tilfellet, men protesten er siden droppet.<\/p>\n<p>Publisert<\/p>\n<p>16.12.2025, kl. 12.51<\/p>\n<p>Oppdatert<\/p>\n<p>16.12.2025, kl. 13.00<\/p>\n","protected":false},"excerpt":{"rendered":"H\u00f8yhuset p\u00e5 toppen av den gamle postterminalen ved Oslo S vil nemlig rage 120 meter i v\u00e6ret. Oslo&hellip;\n","protected":false},"author":2,"featured_media":114661,"comment_status":"","ping_status":"","sticky":false,"template":"","format":"standard","meta":{"footnotes":""},"categories":[10],"tags":[20,21,24,25,15,22,23,13,30,28,29,14,16,26,27],"class_list":{"0":"post-114660","1":"post","2":"type-post","3":"status-publish","4":"format-standard","5":"has-post-thumbnail","7":"category-norge","8":"tag-breaking-news","9":"tag-breakingnews","10":"tag-featured-news","11":"tag-featurednews","12":"tag-headlines","13":"tag-latest-news","14":"tag-latestnews","15":"tag-news","16":"tag-no","17":"tag-norge","18":"tag-norway","19":"tag-nyheter","20":"tag-overskrifter","21":"tag-top-stories","22":"tag-topstories"},"share_on_mastodon":{"url":"https:\/\/pubeurope.com\/@no\/115729457777427565","error":""},"_links":{"self":[{"href":"https:\/\/www.europesays.com\/no\/wp-json\/wp\/v2\/posts\/114660","targetHints":{"allow":["GET"]}}],"collection":[{"href":"https:\/\/www.europesays.com\/no\/wp-json\/wp\/v2\/posts"}],"about":[{"href":"https:\/\/www.europesays.com\/no\/wp-json\/wp\/v2\/types\/post"}],"author":[{"embeddable":true,"href":"https:\/\/www.europesays.com\/no\/wp-json\/wp\/v2\/users\/2"}],"replies":[{"embeddable":true,"href":"https:\/\/www.europesays.com\/no\/wp-json\/wp\/v2\/comments?post=114660"}],"version-history":[{"count":0,"href":"https:\/\/www.europesays.com\/no\/wp-json\/wp\/v2\/posts\/114660\/revisions"}],"wp:featuredmedia":[{"embeddable":true,"href":"https:\/\/www.europesays.com\/no\/wp-json\/wp\/v2\/media\/114661"}],"wp:attachment":[{"href":"https:\/\/www.europesays.com\/no\/wp-json\/wp\/v2\/media?parent=114660"}],"wp:term":[{"taxonomy":"category","embeddable":true,"href":"https:\/\/www.europesays.com\/no\/wp-json\/wp\/v2\/categories?post=114660"},{"taxonomy":"post_tag","embeddable":true,"href":"https:\/\/www.europesays.com\/no\/wp-json\/wp\/v2\/tags?post=114660"}],"curies":[{"name":"wp","href":"https:\/\/api.w.org\/{rel}","templated":true}]}}