{"id":114664,"date":"2025-12-16T13:23:17","date_gmt":"2025-12-16T13:23:17","guid":{"rendered":"https:\/\/www.europesays.com\/no\/114664\/"},"modified":"2025-12-16T13:23:17","modified_gmt":"2025-12-16T13:23:17","slug":"fotball-bryne-fk-kevin-knappen-ferdig-i-bryne","status":"publish","type":"post","link":"https:\/\/www.europesays.com\/no\/114664\/","title":{"rendered":"Fotball, Bryne FK | Kevin Knappen ferdig i Bryne"},"content":{"rendered":"\n<p>\u2013 De fire \u00e5rene Kevin har v\u00e6rt hovedtrener for A-laget har v\u00e6rt en sammenhengende sportslig opptur. Vi er veldig takknemlige for reisen klubben har v\u00e6rt med p\u00e5 sammen med Kevin, sier daglig leder i Bryne FK, Hans-\u00d8yvind Sagen.<\/p>\n<p><b>Han sier at det er med utgangspunkt i en totalvurdering av hva som er det beste for b\u00e5de klubben og Kevin framover at de har blitt enige om \u00e5 avslutte samarbeidet. <\/b><\/p>\n<p>\u2013 Han har st\u00e5tt st\u00f8dig i krevende motgangsperioder, og han og laget har gitt oss mange stolte \u00f8yeblikk, sier Sagen.<\/p>\n<p>Kevin Knappen hadde egentlig kontrakt med Bryne ett \u00e5r til.<\/p>\n<p>  <a href=\"https:\/\/www.jbl.no\/5-103-1227357\" class=\"related-teaser has-image default-story-teaser article--c-eRUmMG article--c-eRUmMG-jKCPdD-design-default\" rel=\"nofollow noopener\" target=\"_blank\"><\/p>\n<p>    <img decoding=\"async\" loading=\"lazy\"  src=\"https:\/\/www.europesays.com\/no\/wp-content\/uploads\/2025\/12\/IMG_4534+2.jpg\" alt=\"\" class=\"brick-c-cFOWSL\" style=\"\"\/><\/p>\n<p>\n            Les ogs\u00e5<\/p>\n<p>              \u2013 M\u00e5 ikke g\u00e5 p\u00e5 grunn av nedrykket\n        <\/p>\n<p>  <\/a><br \/>\n  Stolt av utviklingen<\/p>\n<p>Kevin Knappen sier perioden har v\u00e6rt b\u00e5de innholdsrik og krevende \u2013 med tydelig sportslig utvikling, et historisk opprykk til eliten og i \u00e5r nedrykk gjennom kvalifisering.<\/p>\n<p><b>\u2013 Slik er fotballen. Den byr p\u00e5 store \u00f8yeblikk, og p\u00e5 motgang som m\u00e5 h\u00e5ndteres med ansvar, fellesskap og verdighet, sier han. <\/b><\/p>\n<p><b>\u2013 Jeg er stolt av utviklingen klubben har hatt i perioden, og av at klubben ogs\u00e5 i utfordrende faser har st\u00e5tt st\u00f8tt i sine verdier og i menneskene som har hatt ansvar.<\/b><\/p>\n<p>Knappen retter en takk til ledelsen for tilliten og st\u00f8tten, samt kollegaene, st\u00f8tteapparatet og frivillige.<\/p>\n<p>\u2013 Takk ogs\u00e5 til spillergruppen for profesjonalitet og vilje til \u00e5 st\u00e5 i krevende situasjoner, og en helt spesiell takk til mine n\u00e6rmeste assistenter og medtrenere.<\/p>\n<p>Videre takker han pensjonistgruppen, supporterne, samarbeidspartnere og sponsorer for tillit, engasjement og st\u00f8tte til klubben.<\/p>\n<p>\u2013 Klubben vil alltid v\u00e6re st\u00f8rre<\/p>\n<p>\u2013 Den st\u00f8rste takken g\u00e5r til min familie, som har flyttet med, vist stor t\u00e5lmodighet og ofret mye for at jeg har kunnet st\u00e5 i denne rollen over tid.<\/p>\n<p>Treneren sier han forlater klubben med respekt for oppgaven, stolthet over perioden og et oppriktig \u00f8nske om at klubben skal lykkes videre.<\/p>\n<p><b>\u2013 Klubben vil alltid v\u00e6re st\u00f8rre enn enkeltpersoner.<\/b><\/p>\n<p>Kevin Knappen har v\u00e6rt Brynes hovedtrener i fire sesonger, siden 2022 \u2013 da han ble hentet fra H\u00f8dd.<\/p>\n<p>I fjor ble det opprykk til eliteserien. I \u00e5r s\u00e5 det ganske greit ut lenge, men det endte med nedrykk til 1. divisjon.<\/p>\n<p>I sommer ble det kjent at et stort flertall av Bryne-spillerne \u00f8nsket \u00e5 fjerne Knappen. \u00abOppr\u00f8ret\u00bb ble sl\u00e5tt ned, og endte med at Knappen fortsatte. Samtidig fikk spillerne Robert Undheim, Axel Kryger og Jens Huseb\u00f8 sine kontrakter terminert.<\/p>\n<p>  <a href=\"https:\/\/www.jbl.no\/5-103-1225682\" class=\"related-teaser has-image default-story-teaser article--c-eRUmMG article--c-eRUmMG-jKCPdD-design-default\" rel=\"nofollow noopener\" target=\"_blank\"><\/p>\n<p>    <img decoding=\"async\" loading=\"lazy\"  src=\"https:\/\/www.europesays.com\/no\/wp-content\/uploads\/2025\/12\/IMG_1199+3.jpg\" alt=\"\" class=\"brick-c-cFOWSL\" style=\"\"\/><\/p>\n<p>\n            Les ogs\u00e5<\/p>\n<p>              F\u00e5r Knappen beholde jobben? \u2013 Vi er i gang med evalueringen\n        <\/p>\n<p>  <\/a><\/p>\n<p>    Vil du se neste video?<\/p>\n<p>    <a href=\"https:\/\/www.jbl.no\/overvann-pa-kleppe\/v\/5-103-1226983\" class=\"recommend-poster\" data-adp-clicklabel=\"video-recommend\" data-adp-clickvalue=\"poster\" rel=\"nofollow noopener\" target=\"_blank\"><br \/>\n      <img decoding=\"async\" width=\"200\" height=\"200\" loading=\"lazy\" src=\"https:\/\/www.europesays.com\/no\/wp-content\/uploads\/2025\/12\/overvann.jpg\" alt=\"\" class=\"brick-c-cFOWSL\" style=\"--brick-image-ratio: 200 \/ 200;\"\/><\/p>\n<p>Overvann p\u00e5 Kleppe0:32<\/p>\n<p>    <\/a><\/p>\n<p>  <a href=\"https:\/\/www.jbl.no\/5-103-1224991\" class=\"related-teaser has-image default-story-teaser article--c-eRUmMG article--c-eRUmMG-jKCPdD-design-default\" rel=\"nofollow noopener\" target=\"_blank\"><\/p>\n<p>    <img decoding=\"async\" loading=\"lazy\"  src=\"https:\/\/www.europesays.com\/no\/wp-content\/uploads\/2025\/12\/1765891396_464_cueres_scp-mangler_navn_DpJTZdMaZdc.jpg\" alt=\"\" class=\"brick-c-cFOWSL\" style=\"\"\/><\/p>\n<p>\n            Les ogs\u00e5<\/p>\n<p>              Sluttspurten kom for seint \u2013 Bryne rykket ned\n        <\/p>\n<p>  <\/a><\/p>\n<p>  <a href=\"https:\/\/www.jbl.no\/5-103-1225641\" class=\"related-teaser has-image default-story-teaser article--c-eRUmMG article--c-eRUmMG-jKCPdD-design-default\" rel=\"nofollow noopener\" target=\"_blank\"><\/p>\n<p>    <img decoding=\"async\" loading=\"lazy\"  src=\"https:\/\/www.europesays.com\/no\/wp-content\/uploads\/2025\/12\/NTB_92RSkyxHWB8+2.jpg\" alt=\"\" class=\"brick-c-cFOWSL\" style=\"\"\/><\/p>\n<p>\n            Les ogs\u00e5<\/p>\n<p>              Knappen \u00f8nsker \u00e5 bli: \u2013 Andre f\u00e5r vurdere om det er tilstrekkelig\n        <\/p>\n<p>  <\/a><\/p>\n","protected":false},"excerpt":{"rendered":"\u2013 De fire \u00e5rene Kevin har v\u00e6rt hovedtrener for A-laget har v\u00e6rt en sammenhengende sportslig opptur. Vi er&hellip;\n","protected":false},"author":2,"featured_media":114665,"comment_status":"","ping_status":"","sticky":false,"template":"","format":"standard","meta":{"footnotes":""},"categories":[59],"tags":[36,2043,92,30,28,29,83,82,1510],"class_list":{"0":"post-114664","1":"post","2":"type-post","3":"status-publish","4":"format-standard","5":"has-post-thumbnail","7":"category-sport","8":"tag-art","9":"tag-bryne-fk","10":"tag-fotball","11":"tag-no","12":"tag-norge","13":"tag-norway","14":"tag-sport","15":"tag-sports","16":"tag-story"},"share_on_mastodon":{"url":"https:\/\/pubeurope.com\/@no\/115729465621998707","error":""},"_links":{"self":[{"href":"https:\/\/www.europesays.com\/no\/wp-json\/wp\/v2\/posts\/114664","targetHints":{"allow":["GET"]}}],"collection":[{"href":"https:\/\/www.europesays.com\/no\/wp-json\/wp\/v2\/posts"}],"about":[{"href":"https:\/\/www.europesays.com\/no\/wp-json\/wp\/v2\/types\/post"}],"author":[{"embeddable":true,"href":"https:\/\/www.europesays.com\/no\/wp-json\/wp\/v2\/users\/2"}],"replies":[{"embeddable":true,"href":"https:\/\/www.europesays.com\/no\/wp-json\/wp\/v2\/comments?post=114664"}],"version-history":[{"count":0,"href":"https:\/\/www.europesays.com\/no\/wp-json\/wp\/v2\/posts\/114664\/revisions"}],"wp:featuredmedia":[{"embeddable":true,"href":"https:\/\/www.europesays.com\/no\/wp-json\/wp\/v2\/media\/114665"}],"wp:attachment":[{"href":"https:\/\/www.europesays.com\/no\/wp-json\/wp\/v2\/media?parent=114664"}],"wp:term":[{"taxonomy":"category","embeddable":true,"href":"https:\/\/www.europesays.com\/no\/wp-json\/wp\/v2\/categories?post=114664"},{"taxonomy":"post_tag","embeddable":true,"href":"https:\/\/www.europesays.com\/no\/wp-json\/wp\/v2\/tags?post=114664"}],"curies":[{"name":"wp","href":"https:\/\/api.w.org\/{rel}","templated":true}]}}