{"id":114668,"date":"2025-12-16T13:32:09","date_gmt":"2025-12-16T13:32:09","guid":{"rendered":"https:\/\/www.europesays.com\/no\/114668\/"},"modified":"2025-12-16T13:32:09","modified_gmt":"2025-12-16T13:32:09","slug":"blir-norges-hoyeste-hus","status":"publish","type":"post","link":"https:\/\/www.europesays.com\/no\/114668\/","title":{"rendered":"&#8211; Blir Norges h\u00f8yeste hus"},"content":{"rendered":"<p class=\"kicker \" style=\"\">Oslo:\u00a0<\/p>\n<p>  Byr\u00e5det i Oslo har sagt ja til et 120 meter h\u00f8yt kontorbygg p\u00e5 toppen av den gamle postterminalen ved Oslo S. Det blir Norges h\u00f8yeste h\u00f8yhus.<\/p>\n<p>\n    NED FRA TRONEN: Det nye bygget blir over 10 meter h\u00f8yere enn Oslo Plaza, som i over 25 \u00e5r har v\u00e6rt Norges h\u00f8yeste hus. Foto: Cornelius Poppe \/ NTB\n  <\/p>\n<p>Det nye bygget blir over 10 meter h\u00f8yere enn Oslo Plaza, som i over 25 \u00e5r har v\u00e6rt Norges h\u00f8yeste hus, melder\u00a0<a href=\"https:\/\/www.nrk.no\/stor-oslo\/gront-lys-fra-byradet_-dette-blir-norges-hoyeste-hus-1.17693360\" target=\"_blank\" rel=\"nofollow noopener\">NRK.<\/a><\/p>\n<p>Prosjektet Oslo Horisont omfatter to h\u00f8yhus: Ett kontorbygg p\u00e5 120 meter og et hotell p\u00e5 72 meter. Den gamle brevsenteret til Posten skal forvandles med offentlige rom p\u00e5 toppen og \u00e5pne fasader mot Biskop Gunnerus&#8217; gate og Schweigaards gate.<\/p>\n<p>Brevsenteret (ogs\u00e5 kjent som \u00ablavblokka\u00bb) skal bevares, siden bygningen er listef\u00f8rt som kulturminne p\u00e5 Byantikvarens gule liste.<\/p>\n<p>F\u00e5r park p\u00e5 taket\t<\/p>\n<p>&#8211; Dette omr\u00e5det er i dag avvisende. Det er m\u00f8rkt. Det er et bygg som ikke har noen funksjon lenger og som ser ganske forferdelig ut, sier byutviklingsbyr\u00e5d James Stove Lorentzen (H) til NRK.<\/p>\n<p>Han viser til at Oslo bystyre har vedtatt en h\u00f8yhusstrategi som \u00e5pner for inntil 125 meter h\u00f8ye bygninger rundt Oslo S.<\/p>\n<p>Taket p\u00e5 lavblokka foresl\u00e5s utformet som et gr\u00f8nt landskap med tr\u00e6r og annen vegetasjon som underst\u00f8tter den bl\u00e5gr\u00f8nne aksen langs Akerselva, og det sikres en \u00e5pen gr\u00f8nn trappeatkomst og heis fra Schweigaards gate til taklandskapet, heter det i en pressemelding fra Oslo kommune.<\/p>\n<p>&#8211; Jeg h\u00e5per prosjektet kan bli et godt eksempel p\u00e5 hvordan vi kan utnytte byens knappe arealer til det beste for alle, sier Marit Vea (V).<\/p>\n<p>Kan starte i 2027\t<\/p>\n<p>Ogs\u00e5 Oslo bystyre m\u00e5 gi gr\u00f8nt lys for prosjektet. Sier bystyret ja, er KLP Eiendom klare til \u00e5 starte bygging i 2027 og v\u00e6re ferdige i 2031.<\/p>\n<p>Oslo Plaza er 109,7 meter h\u00f8yt, mens landets h\u00f8yeste bygning fortsatt vil v\u00e6re det nyeste av de to Nexans-t\u00e5rnene i Halden, som inneholder et produksjonsanlegg for sj\u00f8- og kraftkabler, og er hele 155 meter h\u00f8yt.<\/p>\n<p>P\u00e5 andreplass f\u00f8lger det eldste Nexans-t\u00e5rnet, som er 120 meter h\u00f8yt, f\u00f8r Oslo Plaza klokker inn p\u00e5 tredjeplass.<\/p>\n","protected":false},"excerpt":{"rendered":"Oslo:\u00a0 Byr\u00e5det i Oslo har sagt ja til et 120 meter h\u00f8yt kontorbygg p\u00e5 toppen av den gamle&hellip;\n","protected":false},"author":2,"featured_media":114669,"comment_status":"","ping_status":"","sticky":false,"template":"","format":"standard","meta":{"footnotes":""},"categories":[10],"tags":[20,21,24,25,15,22,23,13,30,28,29,14,16,26,27],"class_list":{"0":"post-114668","1":"post","2":"type-post","3":"status-publish","4":"format-standard","5":"has-post-thumbnail","7":"category-norge","8":"tag-breaking-news","9":"tag-breakingnews","10":"tag-featured-news","11":"tag-featurednews","12":"tag-headlines","13":"tag-latest-news","14":"tag-latestnews","15":"tag-news","16":"tag-no","17":"tag-norge","18":"tag-norway","19":"tag-nyheter","20":"tag-overskrifter","21":"tag-top-stories","22":"tag-topstories"},"share_on_mastodon":{"url":"https:\/\/pubeurope.com\/@no\/115729501066172323","error":""},"_links":{"self":[{"href":"https:\/\/www.europesays.com\/no\/wp-json\/wp\/v2\/posts\/114668","targetHints":{"allow":["GET"]}}],"collection":[{"href":"https:\/\/www.europesays.com\/no\/wp-json\/wp\/v2\/posts"}],"about":[{"href":"https:\/\/www.europesays.com\/no\/wp-json\/wp\/v2\/types\/post"}],"author":[{"embeddable":true,"href":"https:\/\/www.europesays.com\/no\/wp-json\/wp\/v2\/users\/2"}],"replies":[{"embeddable":true,"href":"https:\/\/www.europesays.com\/no\/wp-json\/wp\/v2\/comments?post=114668"}],"version-history":[{"count":0,"href":"https:\/\/www.europesays.com\/no\/wp-json\/wp\/v2\/posts\/114668\/revisions"}],"wp:featuredmedia":[{"embeddable":true,"href":"https:\/\/www.europesays.com\/no\/wp-json\/wp\/v2\/media\/114669"}],"wp:attachment":[{"href":"https:\/\/www.europesays.com\/no\/wp-json\/wp\/v2\/media?parent=114668"}],"wp:term":[{"taxonomy":"category","embeddable":true,"href":"https:\/\/www.europesays.com\/no\/wp-json\/wp\/v2\/categories?post=114668"},{"taxonomy":"post_tag","embeddable":true,"href":"https:\/\/www.europesays.com\/no\/wp-json\/wp\/v2\/tags?post=114668"}],"curies":[{"name":"wp","href":"https:\/\/api.w.org\/{rel}","templated":true}]}}