{"id":114674,"date":"2025-12-16T13:40:10","date_gmt":"2025-12-16T13:40:10","guid":{"rendered":"https:\/\/www.europesays.com\/no\/114674\/"},"modified":"2025-12-16T13:40:10","modified_gmt":"2025-12-16T13:40:10","slug":"utenkelig-at-det-har-skjedd","status":"publish","type":"post","link":"https:\/\/www.europesays.com\/no\/114674\/","title":{"rendered":"\u2013 Utenkelig at det har skjedd"},"content":{"rendered":"\n<p class=\"_lead_o9xde_2 _lead_xtcu6_50 layout-component text-serif-m layout-normal text-serif-l layout-component layout-wide layout-padded _wide_17hqh_1 layout-padded\">Under et bes\u00f8k hos Brann- og redningsetaten i Oslo, kommenterte Prinsesse Ingrid Alexandra terrorangrepet i Sydney: \u2013 Mine tanker g\u00e5r til de som har mistet noen, sier hun til TV 2.<\/p>\n<p><img alt=\" Foto: Ole Berg-Rusten \/ NTB\" class=\"_image_qp4xg_65 layout-component layout-wide\" data-fullscreen- data-track-element-type=\"Article image fullscreen\" data-track-name=\"ImageFullscreen\" fetchpriority=\"high\" decoding=\"sync\" loading=\"eager\" height=\"3744\" itemprop=\"image\"  src=\"https:\/\/www.europesays.com\/no\/wp-content\/uploads\/2025\/12\/bcadab2c-36c2-4a0c-a290-0f0b6e1f027b\"  style=\"object-position:0% 0%\" width=\"5616\"\/> Foto: Ole Berg-Rusten \/ NTB<\/p>\n<ul aria-hidden=\"true\" class=\"_images_ntbth_112\">\n<li><a class=\"_link_ntbth_117\" href=\"https:\/\/www.vg.no\/forfatter\/simone-holen-soenstroed\" style=\"z-index:2\" title=\"Simone Holen S\u00f8nstr\u00f8d\" rel=\"nofollow noopener\" target=\"_blank\"><img alt=\"Bilde av Simone Holen S\u00f8nstr\u00f8d\" class=\"_image_ntbth_93\" fetchpriority=\"low\" loading=\"lazy\" decoding=\"async\" itemprop=\"image\"  src=\"https:\/\/www.europesays.com\/no\/wp-content\/uploads\/2025\/12\/1765892409_371_f61c0667-389a-47b7-9bb0-2c4d4abdb35d\"  width=\"480\"\/><\/a><\/li>\n<li><a class=\"_link_ntbth_117\" href=\"https:\/\/www.vg.no\/forfatter\/ntb\" style=\"z-index:1\" title=\"NTB\" rel=\"nofollow noopener\" target=\"_blank\"><img alt=\"Bilde av NTB\" class=\"_image_ntbth_93\" fetchpriority=\"low\" loading=\"lazy\" decoding=\"async\" itemprop=\"image\"  src=\"https:\/\/www.europesays.com\/no\/wp-content\/uploads\/2025\/12\/1765892410_709_c33980b0-5d07-4027-84a1-813f90a7c8d6\"  width=\"480\"\/><\/a><\/li>\n<\/ul>\n<p> Oppdatert tirsdag 16. desember kl. 14:36     <\/p>\n<p class=\"_paragraph_o9xde_4 _paragraph_xtcu6_10 layout-component text-serif-m layout-normal text-serif-m layout-padded\">\u2013 Mine tanker g\u00e5r til de som har mistet noen. Spesielt til det j\u00f8diske samfunnet, b\u00e5de i Australia og hjemme i Norge, forteller hun til <a href=\"https:\/\/www.tv2.no\/underholdning\/prinsessen-til-tv-2-mine-tanker-gar-til-de-som-har-mistet-noen\/18389585\/\" class=\"_link_o9xde_39\" rel=\"nofollow noopener\" target=\"_blank\">TV 2<\/a>. <\/p>\n<p class=\"_paragraph_o9xde_4 _paragraph_xtcu6_10 layout-component text-serif-m layout-normal text-serif-m layout-padded\">\u2013 Sydney er en by jeg har blitt veldig glad i, s\u00e5 det er litt merkelig og utenkelig at det har skjedd akkurat der, sier hun videre.<\/p>\n<p class=\"_paragraph_o9xde_4 _paragraph_xtcu6_10 layout-component text-serif-m layout-normal text-serif-m layout-padded\">Prinsessen tar en bachelorgrad i samfunnsfag med fordypning i internasjonale forhold og politisk \u00f8konomi ved University of Sydney, men er for tiden hjemme i Norge p\u00e5 ferie. <\/p>\n<p class=\"_paragraph_o9xde_4 _paragraph_xtcu6_10 layout-component text-serif-m layout-normal text-serif-m layout-padded\">Tirsdag bes\u00f8kte hun og hennes bror, prins Sverre Magnus, Brann- og redningsetaten i Oslo.<\/p>\n<p>Prinsesse Ingrid Alexandra og prins Sverre Magnus sammen med ordf\u00f8rer i Oslo, Anne Lindboe.  Foto: Ole Berg-Rusten \/ NTB<\/p>\n<p class=\"_paragraph_o9xde_4 _paragraph_xtcu6_10 layout-component text-serif-m layout-normal text-serif-m layout-padded\">De fikk en omvisning sammen med ordf\u00f8rer i Oslo, Anne Lindboe, f\u00f8r lunsj. Deretter fikk de pr\u00f8ve noen klassiske situasjoner brannfolk m\u00e5 mestre i hverdagen.<\/p>\n<p>Familien er samlet<\/p>\n<p class=\"_paragraph_o9xde_4 _paragraph_xtcu6_10 layout-component text-serif-m layout-normal text-serif-m layout-padded\">Senere tirsdag ettermiddag skal begge delta ved f\u00f8rjulsstund i Slottskapellet, der kronprins Haakon og kronprinsesse Mette-Marit tar imot gjester fra n\u00f8detatene. Det er et arrangement som ogs\u00e5 sendes i sin helhet p\u00e5 NRK.<\/p>\n<p class=\"_paragraph_o9xde_4 _paragraph_xtcu6_10 layout-component text-serif-m layout-normal text-serif-m layout-padded\">Onsdag formiddag st\u00e5r julebes\u00f8k til sykehjem p\u00e5 kronprinsfamiliens plan. Der skal alle fire bes\u00f8ke Langerudhjemmet i Oslo.<\/p>\n<p class=\"_paragraph_o9xde_4 _paragraph_xtcu6_10 layout-component text-serif-m layout-normal text-serif-m layout-padded\"><a href=\"https:\/\/www.vg.no\/tag\/prinsesse-ingrid-alexandra?utm_source=vg-article&amp;utm_medium=auto-tagger&amp;utm_campaign=zOLq0b\" class=\"_link_o9xde_39\" rel=\"nofollow noopener\" target=\"_blank\">Prinsesse Ingrid Alexandra<\/a> har ferie fra studiene. Hun er i gang med en bachelorgrad i samfunnsfag med fordypning i internasjonale forhold og politisk \u00f8konomi i Sydney i Australia. <\/p>\n<p class=\"_paragraph_o9xde_4 _paragraph_xtcu6_10 layout-component text-serif-m layout-normal text-serif-m layout-padded\">Hennes siste post p\u00e5 det offisielle programmet f\u00f8r jul er regjeringslunsjen 19. desember p\u00e5 Slottet.<\/p>\n<p><img alt=\"V\u00e5rt yngste kongelige s\u00f8skenpar var p\u00e5 felles oppdrag tirsdag.   Foto: Ole Berg-Rusten \/ NTB\" class=\"_image_qp4xg_65 layout-component layout-normal\" data-fullscreen- data-track-element-type=\"Article image fullscreen\" data-track-name=\"ImageFullscreen\" decoding=\"async\" loading=\"lazy\" height=\"4830\" itemprop=\"image\"  src=\"https:\/\/www.europesays.com\/no\/wp-content\/uploads\/2025\/12\/94258860-aa1c-4e72-94a7-37621662169d\"  style=\"object-position:0% 0%\" width=\"7245\"\/>V\u00e5rt yngste kongelige s\u00f8skenpar var p\u00e5 felles oppdrag tirsdag.   Foto: Ole Berg-Rusten \/ NTBPrins i ferien<\/p>\n<p class=\"_paragraph_o9xde_4 _paragraph_xtcu6_10 layout-component text-serif-m layout-normal text-serif-m layout-padded\">Prins Sverre Magnus representerer kongefamilien jevnlig, b\u00e5de sammen med andre i familien og alene. I sommer \u00e5pnet han R\u00f8de Kors sin sommerberedskap med stores\u00f8ster. Det var er f\u00f8rste gang de to var p\u00e5 et offisielt oppdrag sammen \u2013 bare de to.<\/p>\n<p class=\"_paragraph_o9xde_4 _paragraph_xtcu6_10 layout-component text-serif-m layout-normal text-serif-m layout-padded\">Prinsen har nylig kommet hjem fra Italia, der han har utforsket ulike muligheter, blant annet innen film og foto, i h\u00f8st.<\/p>\n<p class=\"_paragraph_o9xde_4 _paragraph_xtcu6_10 layout-component text-serif-m layout-normal text-serif-m layout-padded\">I mai opprettet han sitt eget enkeltmannsforetak, \u00abSverre Magnus Productions\u00bb, som er registrert innenfor aktivitetene fotograf og filmproduksjon.<\/p>\n","protected":false},"excerpt":{"rendered":"Under et bes\u00f8k hos Brann- og redningsetaten i Oslo, kommenterte Prinsesse Ingrid Alexandra terrorangrepet i Sydney: \u2013 Mine&hellip;\n","protected":false},"author":2,"featured_media":114675,"comment_status":"","ping_status":"","sticky":false,"template":"","format":"standard","meta":{"footnotes":""},"categories":[10],"tags":[47,20,21,24,25,15,1222,22,23,13,30,28,29,14,16,402,291,26,27],"class_list":{"0":"post-114674","1":"post","2":"type-post","3":"status-publish","4":"format-standard","5":"has-post-thumbnail","7":"category-norge","8":"tag-australia","9":"tag-breaking-news","10":"tag-breakingnews","11":"tag-featured-news","12":"tag-featurednews","13":"tag-headlines","14":"tag-kongefamilien","15":"tag-latest-news","16":"tag-latestnews","17":"tag-news","18":"tag-no","19":"tag-norge","20":"tag-norway","21":"tag-nyheter","22":"tag-overskrifter","23":"tag-prins-sverre-magnus","24":"tag-prinsesse-ingrid-alexandra","25":"tag-top-stories","26":"tag-topstories"},"share_on_mastodon":{"url":"https:\/\/pubeurope.com\/@no\/115729532660121059","error":""},"_links":{"self":[{"href":"https:\/\/www.europesays.com\/no\/wp-json\/wp\/v2\/posts\/114674","targetHints":{"allow":["GET"]}}],"collection":[{"href":"https:\/\/www.europesays.com\/no\/wp-json\/wp\/v2\/posts"}],"about":[{"href":"https:\/\/www.europesays.com\/no\/wp-json\/wp\/v2\/types\/post"}],"author":[{"embeddable":true,"href":"https:\/\/www.europesays.com\/no\/wp-json\/wp\/v2\/users\/2"}],"replies":[{"embeddable":true,"href":"https:\/\/www.europesays.com\/no\/wp-json\/wp\/v2\/comments?post=114674"}],"version-history":[{"count":0,"href":"https:\/\/www.europesays.com\/no\/wp-json\/wp\/v2\/posts\/114674\/revisions"}],"wp:featuredmedia":[{"embeddable":true,"href":"https:\/\/www.europesays.com\/no\/wp-json\/wp\/v2\/media\/114675"}],"wp:attachment":[{"href":"https:\/\/www.europesays.com\/no\/wp-json\/wp\/v2\/media?parent=114674"}],"wp:term":[{"taxonomy":"category","embeddable":true,"href":"https:\/\/www.europesays.com\/no\/wp-json\/wp\/v2\/categories?post=114674"},{"taxonomy":"post_tag","embeddable":true,"href":"https:\/\/www.europesays.com\/no\/wp-json\/wp\/v2\/tags?post=114674"}],"curies":[{"name":"wp","href":"https:\/\/api.w.org\/{rel}","templated":true}]}}