{"id":114676,"date":"2025-12-16T13:41:09","date_gmt":"2025-12-16T13:41:09","guid":{"rendered":"https:\/\/www.europesays.com\/no\/114676\/"},"modified":"2025-12-16T13:41:09","modified_gmt":"2025-12-16T13:41:09","slug":"54-aring-domt-til-21-ar-og-seks-maneder-fengsel-for-a-ha-kjort-inn-i-liverpool-parade","status":"publish","type":"post","link":"https:\/\/www.europesays.com\/no\/114676\/","title":{"rendered":"54-\u00e5ring d\u00f8mt til 21 \u00e5r og seks m\u00e5neder fengsel for \u00e5 ha kj\u00f8rt inn i Liverpool-parade"},"content":{"rendered":"\n<p class=\"_lead_o9xde_2 _lead_xtcu6_50 layout-component text-serif-m layout-normal text-serif-l layout-component layout-wide layout-padded _wide_17hqh_1 layout-padded\">Retten i Liverpool har d\u00f8mt Paul Doyle (54) til 21 \u00e5r og seks m\u00e5neder fengsel for \u00e5 ha kj\u00f8rt inn i flere mennesker som feiret Liverpools ligagull i mai.<\/p>\n<p> <img class=\"_image_qp4xg_65 layout-component layout-wide\" data-fullscreen- data-track-element-type=\"Article image fullscreen\" data-track-name=\"ImageFullscreen\" fetchpriority=\"high\" decoding=\"sync\" loading=\"eager\" height=\"181\" itemprop=\"image\"  src=\"https:\/\/www.europesays.com\/no\/wp-content\/uploads\/2025\/12\/426b39e08a7f177f374b9c22119af30d.jpg\"  style=\"object-position:50% 50%;aspect-ratio:1.75;height:auto;object-fit:cover;width:100%\" width=\"102\"\/>  <\/p>\n<ul aria-hidden=\"true\" class=\"_images_ntbth_112\">\n<li><a class=\"_link_ntbth_117\" href=\"https:\/\/www.vg.no\/forfatter\/ntb\" style=\"z-index:1\" title=\"NTB\" rel=\"nofollow noopener\" target=\"_blank\"><img alt=\"Bilde av NTB\" class=\"_image_ntbth_93\" fetchpriority=\"low\" loading=\"lazy\" decoding=\"async\" itemprop=\"image\"  src=\"https:\/\/www.europesays.com\/no\/wp-content\/uploads\/2025\/12\/1765892468_796_c33980b0-5d07-4027-84a1-813f90a7c8d6\"  width=\"480\"\/><\/a><\/li>\n<\/ul>\n<p> Oppdatert tirsdag 16. desember kl. 14:14     <\/p>\n<p class=\"_paragraph_o9xde_4 _paragraph_xtcu6_10 layout-component text-serif-m layout-normal text-serif-m layout-padded\">Den 54 \u00e5r gamle mannen fikk straffen sin i Liverpool Crown Court tirsdag. I rettssaken i november erkjente han straffskyld for 31 tiltalepunkter, blant annet overlagt grov kroppsskade, vold og uaktsom kj\u00f8ring.<\/p>\n<p class=\"_paragraph_o9xde_4 _paragraph_xtcu6_10 layout-component text-serif-m layout-normal text-serif-m layout-padded\">134 mennesker ble skadet da den tidligere marinesoldaten kj\u00f8rte bilen sin inn i folkemengden i Liverpool sentrum, blant dem mange barn. Ingen liv gikk tapt, men 50 personer ble sendt til sykehus.<\/p>\n<p class=\"_paragraph_o9xde_4 _paragraph_xtcu6_10 layout-component text-serif-m layout-normal text-serif-m layout-padded\">Tiltalepunktene mot Doyle gjaldt 29 ofre i alderen 6 m\u00e5neder til 77 \u00e5r.<\/p>\n<p class=\"_paragraph_o9xde_4 _paragraph_xtcu6_10 layout-component text-serif-m layout-normal text-serif-m layout-padded\">Doyle har sittet i varetekt siden han ble p\u00e5grepet p\u00e5 \u00e5stedet kort tid etter p\u00e5kj\u00f8rselen. Han nektet f\u00f8rst straffskyld, men under rettssaken i forrige m\u00e5ned knakk han sammen og endret forklaringen sin.<\/p>\n<p><img alt=\"Politi og andre n\u00f8detater p\u00e5 stedet etter at Paul Doyle kj\u00f8rte p\u00e5 over 100 mennesker under Liverpools tittelparade i mai.   Foto: Jon Super \/ AP \/ NTB\" class=\"_image_qp4xg_65 layout-component layout-normal\" data-fullscreen- data-track-element-type=\"Article image fullscreen\" data-track-name=\"ImageFullscreen\" decoding=\"async\" loading=\"lazy\" height=\"3136\" itemprop=\"image\"  src=\"https:\/\/www.europesays.com\/no\/wp-content\/uploads\/2025\/12\/99891899-d604-432f-b58c-151f8b955d6a\"  style=\"object-position:0% 0%\" width=\"4704\"\/>Politi og andre n\u00f8detater p\u00e5 stedet etter at Paul Doyle kj\u00f8rte p\u00e5 over 100 mennesker under Liverpools tittelparade i mai.   Foto: Jon Super \/ AP \/ NTB<\/p>\n<p class=\"_paragraph_o9xde_4 _paragraph_xtcu6_10 layout-component text-serif-m layout-normal text-serif-m layout-padded\">Strafferammen for de mest alvorlige tiltalepunktene var livstid i fengsel. <\/p>\n<p class=\"_paragraph_o9xde_4 _paragraph_xtcu6_10 layout-component text-serif-m layout-normal text-serif-m layout-padded\">Politiet erkl\u00e6rte raskt etter hendelsen at det ikke dreide seg om terror, men omstendighetene rundt angrepet var i stor grad uklare fram til rettssaken startet.<\/p>\n<p class=\"_paragraph_o9xde_4 _paragraph_xtcu6_10 layout-component text-serif-m layout-normal text-serif-m layout-padded\">Der kom det fram at Doyle var til stede ved paraden for \u00e5 hente en kamerat. Han mistet besinnelsen gjentatte ganger p\u00e5 grunn av den tette ansamlingen av mennesker, og han bannet og tutet p\u00e5 fotgjengere f\u00f8r han kj\u00f8rte p\u00e5 flere av dem.<\/p>\n<p class=\"_paragraph_o9xde_4 _paragraph_xtcu6_10 layout-component text-serif-m layout-normal text-serif-m layout-padded\">\u2013 I stedet for \u00e5 vente p\u00e5 at de skulle passere, kj\u00f8rte han med vilje mot dem og tvang seg gjennom. Dette var ikke et feilgrep i \u00f8yeblikket fra Paul Doyle \u2013 det var et valg han tok den dagen, og det forvandlet feiring til kaos, sa aktor Sarah Hammond under rettssaken.<\/p>\n<p><img alt=\"50 mennesker ble fraktet til sykehus etter den britiske 54-\u00e5ringens ville bilferd.   Foto: Jon Super \/ AP \/ NTB\" class=\"_image_qp4xg_65 layout-component layout-normal\" data-fullscreen- data-track-element-type=\"Article image fullscreen\" data-track-name=\"ImageFullscreen\" decoding=\"async\" loading=\"lazy\" height=\"5277\" itemprop=\"image\"  src=\"https:\/\/www.europesays.com\/no\/wp-content\/uploads\/2025\/12\/069dc2b6-11f7-4201-9e5f-b017da1f7505\"  style=\"object-position:0% 0%\" width=\"7916\"\/>50 mennesker ble fraktet til sykehus etter den britiske 54-\u00e5ringens ville bilferd.   Foto: Jon Super \/ AP \/ NTB<\/p>\n<p class=\"_paragraph_o9xde_4 _paragraph_xtcu6_10 layout-component text-serif-m layout-normal text-serif-m layout-padded\">I rettssaken kom det ogs\u00e5 fram at Doyle, etter \u00e5 ha truffet de f\u00f8rste ofrene, fortsatte \u00e5 kj\u00f8re nedover en annen gate der han traff flere mennesker f\u00f8r han rygget p\u00e5 andre og krasjet i en ambulanse.<\/p>\n<p class=\"_paragraph_o9xde_4 _paragraph_xtcu6_10 layout-component text-serif-m layout-normal text-serif-m layout-padded\">En mann klarte \u00e5 ta seg inn i bilen og dyttet girspaken til \u00abparkering\u00bb. Det endte Doyles ville ferd.<\/p>\n","protected":false},"excerpt":{"rendered":"Retten i Liverpool har d\u00f8mt Paul Doyle (54) til 21 \u00e5r og seks m\u00e5neder fengsel for \u00e5 ha&hellip;\n","protected":false},"author":2,"featured_media":114677,"comment_status":"","ping_status":"","sticky":false,"template":"","format":"standard","meta":{"footnotes":""},"categories":[5],"tags":[20,21,24,25,92,15,19,22,23,114,17,18,13,30,28,29,14,16,26,27],"class_list":{"0":"post-114676","1":"post","2":"type-post","3":"status-publish","4":"format-standard","5":"has-post-thumbnail","7":"category-overskrifter","8":"tag-breaking-news","9":"tag-breakingnews","10":"tag-featured-news","11":"tag-featurednews","12":"tag-fotball","13":"tag-headlines","14":"tag-hovedoppslag","15":"tag-latest-news","16":"tag-latestnews","17":"tag-liverpool-fc","18":"tag-main-news","19":"tag-mainnews","20":"tag-news","21":"tag-no","22":"tag-norge","23":"tag-norway","24":"tag-nyheter","25":"tag-overskrifter","26":"tag-top-stories","27":"tag-topstories"},"share_on_mastodon":{"url":"https:\/\/pubeurope.com\/@no\/115729536495066472","error":""},"_links":{"self":[{"href":"https:\/\/www.europesays.com\/no\/wp-json\/wp\/v2\/posts\/114676","targetHints":{"allow":["GET"]}}],"collection":[{"href":"https:\/\/www.europesays.com\/no\/wp-json\/wp\/v2\/posts"}],"about":[{"href":"https:\/\/www.europesays.com\/no\/wp-json\/wp\/v2\/types\/post"}],"author":[{"embeddable":true,"href":"https:\/\/www.europesays.com\/no\/wp-json\/wp\/v2\/users\/2"}],"replies":[{"embeddable":true,"href":"https:\/\/www.europesays.com\/no\/wp-json\/wp\/v2\/comments?post=114676"}],"version-history":[{"count":0,"href":"https:\/\/www.europesays.com\/no\/wp-json\/wp\/v2\/posts\/114676\/revisions"}],"wp:featuredmedia":[{"embeddable":true,"href":"https:\/\/www.europesays.com\/no\/wp-json\/wp\/v2\/media\/114677"}],"wp:attachment":[{"href":"https:\/\/www.europesays.com\/no\/wp-json\/wp\/v2\/media?parent=114676"}],"wp:term":[{"taxonomy":"category","embeddable":true,"href":"https:\/\/www.europesays.com\/no\/wp-json\/wp\/v2\/categories?post=114676"},{"taxonomy":"post_tag","embeddable":true,"href":"https:\/\/www.europesays.com\/no\/wp-json\/wp\/v2\/tags?post=114676"}],"curies":[{"name":"wp","href":"https:\/\/api.w.org\/{rel}","templated":true}]}}