{"id":114680,"date":"2025-12-16T13:48:14","date_gmt":"2025-12-16T13:48:14","guid":{"rendered":"https:\/\/www.europesays.com\/no\/114680\/"},"modified":"2025-12-16T13:48:14","modified_gmt":"2025-12-16T13:48:14","slug":"fau-ved-giske-ungdomsskule-sluttar-med-personleg-gave-til-laeraren-nrk-more-og-romsdal-lokale-nyheter-tv-og-radio","status":"publish","type":"post","link":"https:\/\/www.europesays.com\/no\/114680\/","title":{"rendered":"FAU ved Giske ungdomsskule sluttar med personleg g\u00e5ve til l\u00e6raren \u2013 NRK M\u00f8re og Romsdal \u2013 Lokale nyheter, TV og radio"},"content":{"rendered":"<p>Saka oppsummert<\/p>\n<ul>\n<li>FAU ved Giske ungdomsskule har bestemt at l\u00e6rarar ikkje skal f\u00e5 personlege juleg\u00e5ver fr\u00e5 elevar og foreldre.<\/li>\n<li>I staden blir det gitt ei fellesg\u00e5ve til l\u00e6rarrommet, som inkluderer alle tilsette.<\/li>\n<li>M\u00e5let er \u00e5 unng\u00e5 \u00f8konomisk press blant foreldre og sikre rettferdigheit mellom l\u00e6rarane.<\/li>\n<li>Det nasjonale foreldreutvalet (FUG) st\u00f8ttar l\u00e5ge, frivillige og like g\u00e5ver for \u00e5 unng\u00e5 ulikskap og \u00f8konomisk press.<\/li>\n<li>Tiltaket blir sett p\u00e5 som positivt av b\u00e5de elevar, l\u00e6rarar og rektor, som meiner det anerkjenner alle som jobbar p\u00e5 skulen.<\/li>\n<\/ul>\n<p>I heile landet blir det samla inn pengar fr\u00e5 heimane for \u00e5 gi ei personlege juleg\u00e5ver til l\u00e6rarane.<\/p>\n<p>Dette skaper stor debatt blant foreldre, for medan nokon meiner ein twistpose f\u00e5r halde, legg andre lista langt h\u00f8gare, med til d\u00f8mes dyre g\u00e5vekort.<\/p>\n<p>P\u00e5 Giske ungdomsskule p\u00e5 Sunnm\u00f8re er det slutt p\u00e5 g\u00e5ver til den enkelte l\u00e6rar. Det har FAU bestemt.<\/p>\n<p>Dei ser at det ofte blir tilfeldig kven av l\u00e6rarane som f\u00e5r g\u00e5ve og at det er urettferdig.<\/p>\n<p><strong>\u2013 I nokre klasser er foreldre gode til \u00e5 samle inn pengar og gi g\u00e5ve. Og s\u00e5 er det klasser der det ikkje blir gjort, seier FAU-leiar Barbro Fj\u00f8rtoft.<\/strong><\/p>\n<p><img decoding=\"async\"   src=\"data:image\/gif;base64,R0lGODlhAQABAIAAAAAAAP\/\/\/yH5BAEAAAAALAAAAAABAAEAAAIBRAA7\" loading=\"eager\" alt=\"Flere personer st\u00e5r i et kj\u00f8kken og baker sm\u00e5kaker. Noen ruller ut deigen, mens andre skj\u00e6rer ut former. Kj\u00f8kkenet er moderne, med lyse vegger og metallic innredning. Det ligger utplassert kakerester p\u00e5 benken. (Bildebeskrivelsen er laget av en KI-tjeneste)\" title=\"Foto: \u00d8yvind Sandnes\/NRK\"\/><\/p>\n<p class=\"\">Det er tradisjon for at foreldre samlar inn pengar for \u00e5 kj\u00f8pe g\u00e5ve til l\u00e6raren fr\u00e5 elevane. <\/p>\n<p>Foto: \u00d8yvind Sandnes\/NRK<\/p>\n<p>        B\u00f8r l\u00e6raren f\u00e5 juleg\u00e5ve med innsamla pengar fr\u00e5 foreldra?<\/p>\n<p>        Ja, klart det. L\u00e6raren jobbar hardt og fortener ei lita merksemd<\/p>\n<p>        Nei, det er un\u00f8dvendig<\/p>\n<p>        Elevane kan heller lage noko<\/p>\n<p>        Ei fellesg\u00e5ve p\u00e5 deling er fint<\/p>\n<p>      Vis resultat<\/p>\n<p class=\"pin-nrkno-poll__disclaimer\">\n    Denne avstemningen viser ikke hva befolkningen mener om sp\u00f8rsm\u00e5let.<br \/>\n    Resultatet viser hva de som selv har valgt \u00e5 stemme mener,<br \/>\n    og avstemningen har ikke et utvalg som gj\u00f8r den representativ for alle som bor i landet.\n  <\/p>\n<p>Sponsar felles lunsj<\/p>\n<p>Giske ungdomsskule er ny, og har samla elevane fr\u00e5 heile kommunen. Foreldra har hatt ulike tradisjonar for \u00e5 gi l\u00e6rarg\u00e5ver. Nokre foreldre har ogs\u00e5 gitt eigne juleg\u00e5ver til l\u00e6raren fr\u00e5 sitt barn.<\/p>\n<p>Som regel er det kontaktl\u00e6raren som f\u00e5r g\u00e5ve, medan fagl\u00e6rarar ikkje f\u00e5r.<\/p>\n<p><strong>No gir FAU ei fellesg\u00e5ve til l\u00e6rarrommet: ein lunsj for alle tilsette ved ungdomsskulen.<\/strong><\/p>\n<p>Pengane g\u00e5r fr\u00e5 kontoen til FAU, som dei har f\u00e5tt inn gjennom dugnadar.<\/p>\n<p>\u2013 Det er ein m\u00e5te \u00e5 anerkjenne alle som jobbar her, ikkje berre dei som er klassekontaktar, seier Fj\u00f8rtoft.<\/p>\n<p><img decoding=\"async\"   src=\"data:image\/gif;base64,R0lGODlhAQABAIAAAAAAAP\/\/\/yH5BAEAAAAALAAAAAABAAEAAAIBRAA7\" loading=\"eager\" alt=\"En kvinne med langt, lyst h\u00e5r st\u00e5r foran et juletre. Hun har p\u00e5 seg en m\u00f8rk genser med h\u00f8y hals. I bakgrunnen er det lys og pynt, som bidrar til en festlig atmosf\u00e6re. Bildeutsnittet fokuserer p\u00e5 kvinnen og treet. (Bildebeskrivelsen er laget av en KI-tjeneste)\" title=\"Foto: \u00d8yvind Sandnes\/NRK\"\/><\/p>\n<p class=\"\">Barbro Fj\u00f8rtoft opplever at det varierer fr\u00e5 klasse til klasse korleis juleg\u00e5ver til l\u00e6rarane blir handtert. <\/p>\n<p>Foto: \u00d8yvind Sandnes\/NRK<\/p>\n<p>Vil ikkje ha \u00f8konomisk press<\/p>\n<p>Det nasjonale Foreldreutvalet for grunnoppl\u00e6ringa (FUG) ser at det er store forskjellar i praksisen med juleg\u00e5ver rundt om i landet.<\/p>\n<p>Dei er opptekne av at skulen skal vere gratis, og at foreldre ikkje m\u00e5 kjenne eit press p\u00e5 \u00e5 gi.<\/p>\n<p><strong>\u2013 Vi r\u00e5r til \u00e5 halde niv\u00e5et l\u00e5gt. Ei helsing, eit kort eller ei symbolsk markering kan vere nok. Dersom det blir gitt g\u00e5ver, b\u00f8r dei vere rimelege, frivillige og helst like for alle, utan individuelle innsamlingar. Ingen skal kjenne \u00f8konomisk press, seier leiar St\u00e5le Sand Kalkvik.<\/strong><\/p>\n<p>Han opplever at fleire skular no har<strong> <\/strong>avvikla juleg\u00e5vepraksisen.<\/p>\n<p><img decoding=\"async\"   src=\"data:image\/gif;base64,R0lGODlhAQABAIAAAAAAAP\/\/\/yH5BAEAAAAALAAAAAABAAEAAAIBRAA7\" loading=\"eager\" alt=\"St\u00e5le Sand Kalkevik, leiar i FUG\" title=\"Foto: Ingunn Moen \/ FUG\"\/><\/p>\n<p class=\"\">St\u00e5le Sand Kalkvik i FUG seier det kan vere problematisk \u00e5 samle inn pengar til l\u00e6rarg\u00e5ver, dersom ikkje foreldre er samde om dette. <\/p>\n<p>Foto: Ingunn Moen \/ FUG<\/p>\n<p>\u2013 Fortener merksemd<\/p>\n<p>P\u00e5 skulekj\u00f8kkenet i Giske er 9.-klassing Sofie Brandshaug i full gang med julemannbaking. Ho ser at l\u00e6rarane gjer ein stor innsats og meiner dei fortener litt merksemd.<\/p>\n<p>\u2013 Det er lurt med ei felles g\u00e5ve. Det er nokre som ikkje blir inkludert like mykje som andre. Det er ulikt fr\u00e5 trinn til trinn, seier Brandshaug.<\/p>\n<p><img decoding=\"async\"   src=\"data:image\/gif;base64,R0lGODlhAQABAIAAAAAAAP\/\/\/yH5BAEAAAAALAAAAAABAAEAAAIBRAA7\" loading=\"eager\" alt=\"Sofie Brandshaug, elev ved Giske ungdomsskule\" title=\"Foto: \u00d8yvind Sandnes\/NRK\"\/><\/p>\n<p class=\"\">Sofie Brandshaug g\u00e5r i 9. klasse og meiner at l\u00e6rarane fortener litt merksemd for jobben dei gjer. <\/p>\n<p>Foto: \u00d8yvind Sandnes\/NRK<\/p>\n<p>Tungvint \u00e5 samle inn<\/p>\n<p>Lise Hoff er l\u00e6rarvikar og synest det er fint og bli sett pris av FAU. Ho er tidlegare sjukepleiar og er ganske fersk i l\u00e6raryrket. Ho har end\u00e5 ikkje opplevd \u00e5 f\u00e5 g\u00e5ve fr\u00e5 elevane.<\/p>\n<p>\u2013 Det er alltid kjekt \u00e5 bli huska p\u00e5, men s\u00e5 er jo problemet dersom nokon ikkje blir huska, seier Hoff.<\/p>\n<p>Det ho har mest erfaring med er \u00e5 bidra med pengar til d\u00f8trene sine l\u00e6rarar.<\/p>\n<p>Ho opplever at det ofte er dei same foreldra som tar initiativ til pengeinnsamlinga og som m\u00e5 tenke ut ei passande g\u00e5ve.<\/p>\n<p>Prisniv\u00e5et ligg ofte p\u00e5 30\u201350 kroner per elev og det er frivillig \u00e5 vere med.<\/p>\n<p>\u2013 Det er ein tungvint m\u00e5te, seier Hoff.<\/p>\n<p><img decoding=\"async\"   src=\"data:image\/gif;base64,R0lGODlhAQABAIAAAAAAAP\/\/\/yH5BAEAAAAALAAAAAABAAEAAAIBRAA7\" loading=\"eager\" alt=\"Lise Hoff, vikarl\u00e6rar ved Giske ungdomsskule\" title=\"Foto: \u00d8yvind Sandnes\/NRK\"\/><\/p>\n<p class=\"\">Lise Hoff er vikarl\u00e6rar ved Giske ungdomsskule. I dag er det julekakebaking i mat og helse. <\/p>\n<p>Foto: \u00d8yvind Sandnes\/NRK<\/p>\n<p>Ikkje berre l\u00e6rarar p\u00e5 skulen<\/p>\n<p>Rektor Gry St\u00f8bakk Ytterland set pris p\u00e5 at FAU har laga rutinar for g\u00e5ver, slik at det blir f\u00f8reseieleg for foreldra, og likt for dei tilsette.<\/p>\n<p><strong>\u2013 Det viser at du ogs\u00e5 set pris p\u00e5 milj\u00f8terapeutar, fagarbeidarar, helsesjukepleiarar og andre som ogs\u00e5 jobbar her. For det er mange som jobbar rundt elevane, ikkje berre l\u00e6rarane, seier Ytterland.<\/strong><\/p>\n<p><img decoding=\"async\"   src=\"data:image\/gif;base64,R0lGODlhAQABAIAAAAAAAP\/\/\/yH5BAEAAAAALAAAAAABAAEAAAIBRAA7\" loading=\"eager\" alt=\"To personer st\u00e5r mot hverandre i et lyst rom med en d\u00f8r og en stol i bakgrunnen. De har fokus p\u00e5 noe utenfor bildets ramme. En av dem har en m\u00f8rk genser og holder hendene i lommen. P\u00e5 bordet foran dem ligger det en deigklump. (Bildebeskrivelsen er laget av en KI-tjeneste)\" title=\"Foto: \u00d8yvind Sandnes\/NRK\"\/><\/p>\n<p class=\"\">Rektor Gry St\u00f8bakk Ytterland synest det er bra at FAU har laga nye rutinar for g\u00e5vegiving til jul. <\/p>\n<p>Foto: \u00d8yvind Sandnes\/NRK<\/p>\n<p>Publisert<\/p>\n<p>16.12.2025, kl. 12.20<\/p>\n","protected":false},"excerpt":{"rendered":"Saka oppsummert FAU ved Giske ungdomsskule har bestemt at l\u00e6rarar ikkje skal f\u00e5 personlege juleg\u00e5ver fr\u00e5 elevar og&hellip;\n","protected":false},"author":2,"featured_media":114681,"comment_status":"","ping_status":"","sticky":false,"template":"","format":"standard","meta":{"footnotes":""},"categories":[10],"tags":[20,21,24,25,15,22,23,13,30,28,29,14,16,26,27],"class_list":{"0":"post-114680","1":"post","2":"type-post","3":"status-publish","4":"format-standard","5":"has-post-thumbnail","7":"category-norge","8":"tag-breaking-news","9":"tag-breakingnews","10":"tag-featured-news","11":"tag-featurednews","12":"tag-headlines","13":"tag-latest-news","14":"tag-latestnews","15":"tag-news","16":"tag-no","17":"tag-norge","18":"tag-norway","19":"tag-nyheter","20":"tag-overskrifter","21":"tag-top-stories","22":"tag-topstories"},"share_on_mastodon":{"url":"https:\/\/pubeurope.com\/@no\/115729564094883003","error":""},"_links":{"self":[{"href":"https:\/\/www.europesays.com\/no\/wp-json\/wp\/v2\/posts\/114680","targetHints":{"allow":["GET"]}}],"collection":[{"href":"https:\/\/www.europesays.com\/no\/wp-json\/wp\/v2\/posts"}],"about":[{"href":"https:\/\/www.europesays.com\/no\/wp-json\/wp\/v2\/types\/post"}],"author":[{"embeddable":true,"href":"https:\/\/www.europesays.com\/no\/wp-json\/wp\/v2\/users\/2"}],"replies":[{"embeddable":true,"href":"https:\/\/www.europesays.com\/no\/wp-json\/wp\/v2\/comments?post=114680"}],"version-history":[{"count":0,"href":"https:\/\/www.europesays.com\/no\/wp-json\/wp\/v2\/posts\/114680\/revisions"}],"wp:featuredmedia":[{"embeddable":true,"href":"https:\/\/www.europesays.com\/no\/wp-json\/wp\/v2\/media\/114681"}],"wp:attachment":[{"href":"https:\/\/www.europesays.com\/no\/wp-json\/wp\/v2\/media?parent=114680"}],"wp:term":[{"taxonomy":"category","embeddable":true,"href":"https:\/\/www.europesays.com\/no\/wp-json\/wp\/v2\/categories?post=114680"},{"taxonomy":"post_tag","embeddable":true,"href":"https:\/\/www.europesays.com\/no\/wp-json\/wp\/v2\/tags?post=114680"}],"curies":[{"name":"wp","href":"https:\/\/api.w.org\/{rel}","templated":true}]}}