{"id":114682,"date":"2025-12-16T13:49:16","date_gmt":"2025-12-16T13:49:16","guid":{"rendered":"https:\/\/www.europesays.com\/no\/114682\/"},"modified":"2025-12-16T13:49:16","modified_gmt":"2025-12-16T13:49:16","slug":"domt-for-draps-trusler","status":"publish","type":"post","link":"https:\/\/www.europesays.com\/no\/114682\/","title":{"rendered":"D\u00f8mt for draps-trusler"},"content":{"rendered":"<p>  Mannen (27) ville true Nora Haukland til \u00e5 trekke anmeldelsen mot Marius Borg H\u00f8iby. N\u00e5 er han d\u00f8mt.<\/p>\n<p>\n    BLE TRUET: Nora Haukland, her avbildet med sin bistandsadvokat Heidi Reisvang, under rettssaken i Buskerud tingrett tidligere denne m\u00e5neden. Foto: Katrine Bjelke \/ Dagbladet\n  <\/p>\n<p>I starten av desember m\u00f8tte 27-\u00e5ringen i Buskerud tingrett i Drammen, tiltalt for en rekke forhold. Han erkjente seg skyldig etter tiltalen.\u00a0<\/p>\n<p>N\u00e5 har tingretten avsagt dom i saken &#8211; hvor han d\u00f8mmes til\u00a0<a href=\"https:\/\/www.dagbladet.no\/nyheter\/ber-om-fengsel-for-trussel-tiltalt\/83931028\" rel=\"nofollow noopener\" target=\"_blank\">to \u00e5r og seks m\u00e5neder i fengsel<\/a>, der ett \u00e5r gj\u00f8res betinget &#8211; med en pr\u00f8vetid p\u00e5 tre \u00e5r.\u00a0<\/p>\n<p>Dette er i tr\u00e5d med statsadvokat Christer Gangs\u00f8s p\u00e5stand i retten.\u00a0<\/p>\n<p>&#8211;\u00a0 Klient er informert om resultatet uten at vi har gjennomg\u00e5tt detaljene. Han vil vurdere \u00e5 bruke rettsmidler mot dommen, men tar betenkningstid. S\u00e6rlig er det straffeutm\u00e5ling som vurderes angrepet da denne etter v\u00e5r mening er for streng. En er tilfreds med at retten har avskj\u00e6rt p\u00e5d\u00f8mmelse av sivile krav utover oppreisning, skriver forsvarer Ole Magnus Str\u00f8mmen i en SMS til Dagbladet.<\/p>\n<p>Blant det 27-\u00e5ringen er d\u00f8mt for er en trussel-mail til Nora Haukland, hvor han truet henne til \u00e5 trekke anmeldelsen mot Marius Borg H\u00f8iby. Han kontaktet ogs\u00e5 en tidligere torpedo og ba ham om \u00e5 drepe eller kidnappe henne dersom hun ikke betalte ham en million kroner.<\/p>\n<p>    <a itemprop=\"url\" href=\"https:\/\/www.dagbladet.no\/nyheter\/truet-med-torpedo-i-trussel-mail\/83925448\" rel=\"nofollow noopener\" target=\"_blank\"><\/p>\n<p>        <img loading=\"lazy\" decoding=\"async\" src=\"https:\/\/www.europesays.com\/no\/wp-content\/uploads\/2025\/12\/1765892955_64_83925601.webp\" width=\"980\" height=\"441\" title=\"Truet med torpedo i trussel-mail\" alt=\"\" class=\"lazyload\" style=\"--aspect-ratio-image: 2.22; \"\/><\/p>\n<p>        Truet med torpedo i trussel-mail<\/p>\n<p>    <\/a><\/p>\n<p>&#8211; Var litt lei\t<\/p>\n<p>I retten fortalte mannen at han leste om H\u00f8iby-saken i media.\u00a0<\/p>\n<p>&#8211; Jeg syntes det var litt rart og var litt lei. Jeg ville ikke h\u00f8re om det, sa han.<\/p>\n<p>Han sa at han ikke hadde noe svar p\u00e5 hvorfor han ikke likte nyhetssakene om H\u00f8iby.<\/p>\n<p>&#8211; Jeg var litt irritert. Jeg opplevde at kongehuset skulle bli straffet, s\u00e5 det var kanskje derfor jeg ble litt irritert.<\/p>\n<p>Under rettssaken kom det ogs\u00e5 fram at Juliane Snekkestad ble nevnt i e-posten han sendte til Haukland.\u00a0<\/p>\n<p>Da\u00a0<a href=\"https:\/\/www.dagbladet.no\/nyheter\/vitner-folte-meg-ikke-trygg\/83925828\" rel=\"nofollow noopener\" target=\"_blank\">Nora Haukland inntok vitneboksen<\/a>\u00a0fortalte hun at hun f\u00f8rst trodde at det var venner av H\u00f8iby i MC-milj\u00f8et som fors\u00f8kte \u00e5 presse henne.<\/p>\n<p>&#8211; Jeg har forst\u00e5tt at det finnes psykisk syke mennesker som f\u00f8ler at de har en relasjon til meg, som trenger \u00e5 f\u00f8le at de er en del av noe st\u00f8rre. At de ser p\u00e5 meg som noe farlig i saken jeg st\u00e5r i mot Marius. Jeg har alltid tenkt at jeg f\u00f8ler meg trygg i Norge. Man ser ikke alltid de menneskene, s\u00e5 verden blir plutselig mye skumlere, sa hun.\u00a0<\/p>\n<p>Buskerud tingrett skriver i dommen at retten legger til grunn Hauklands forklaring, og er ikke i tvil om at saken har v\u00e6rt en stor<br \/>\npsykisk belastning for henne.\u00a0<\/p>\n<p>Mannen er ogs\u00e5 d\u00f8mt til \u00e5 betale en oppreisningserstatning til Haukland p\u00e5 20 000 kroner.<\/p>\n<p>    <a itemprop=\"url\" href=\"https:\/\/www.dagbladet.no\/nyheter\/vitner-folte-meg-ikke-trygg\/83925828\" rel=\"nofollow noopener\" target=\"_blank\"><\/p>\n<p>        <img loading=\"lazy\" decoding=\"async\" src=\"https:\/\/www.europesays.com\/no\/wp-content\/uploads\/2025\/12\/83926176.webp\" width=\"980\" height=\"441\" title=\"Vitner: - F\u00f8lte meg ikke trygg\" alt=\"\" class=\"lazyload\" style=\"--aspect-ratio-image: 2.22; \"\/><\/p>\n<p>        Vitner: &#8211; F\u00f8lte meg ikke trygg<\/p>\n<p>    <\/a><\/p>\n<p>&#8211; V\u00e6rt mer krevende\t<\/p>\n<p>Det var politiet &#8211; og ikke Haukland eller Snekkestad &#8211; som anmeldte H\u00f8iby. Bistandsadvokat Heidi Reisvang i advokatfirmaet Elden understrekte i sin prosedyre hvordan saken har p\u00e5virket Haukland negativt.<\/p>\n<p>&#8211; Denne saken har v\u00e6rt en merbelastning\u00a0for Haukland som allerede er forn\u00e6rmet i H\u00f8iby-saken. N\u00e5r det gjelder den konkrete dommen er det et forventet resultat, og Haukland har f\u00e5tt tilkjent erstatning for truslene hun har blitt utsatt for. Hun opplever at saken har blitt tatt p\u00e5 alvor, sier Reisvang til Dagbladet.<\/p>\n<p>De sakkyndige konkluderte med at mannen har en IQ p\u00e5 68, at han er lettere psykisk utviklingshemmet og at han har en autisme-diagnose.<\/p>\n<p>&#8211; Han har ingen svikt i virkelighetsforst\u00e5elsen. S\u00e5nn som jeg oppfatter den sakkyndige erkl\u00e6ringen, og det som har fremkommet i saken, s\u00e5 mener jeg at han har skyldevne og at han er tilregnelig, sa statsadvokaten i sin prosedyre i retten.<\/p>\n<p>27-\u00e5ringen er d\u00f8mt for fire\u00a0trusler mot Stortinget, to fors\u00f8k p\u00e5 utpressing, en trussel mot en akt\u00f8r i rettsvesenet, 16 alminnelige trusler, ett tilfelle av<br \/>\nplagsom eller hensynsl\u00f8s adferd, fire identitetstyverier og fem brudd p\u00e5 bes\u00f8ksforbud. <\/p>\n<p>\t\t\t\tsiste om h\u00f8iby-saken<\/p>\n<p class=\"tags button-group no-margin\">\n\t\t\t\t\t\t<a class=\"button small neutral\" href=\"https:\/\/www.dagbladet.no\/emne\/marius borg h\u00f8iby\" rel=\"nofollow noopener\" target=\"_blank\">marius borg h\u00f8iby<\/a>\n\t\t\t<\/p>\n","protected":false},"excerpt":{"rendered":"Mannen (27) ville true Nora Haukland til \u00e5 trekke anmeldelsen mot Marius Borg H\u00f8iby. N\u00e5 er han d\u00f8mt.&hellip;\n","protected":false},"author":2,"featured_media":114683,"comment_status":"","ping_status":"","sticky":false,"template":"","format":"standard","meta":{"footnotes":""},"categories":[5],"tags":[20,21,24,25,15,19,22,23,17,18,400,13,30,28,29,14,16,26,27],"class_list":{"0":"post-114682","1":"post","2":"type-post","3":"status-publish","4":"format-standard","5":"has-post-thumbnail","7":"category-overskrifter","8":"tag-breaking-news","9":"tag-breakingnews","10":"tag-featured-news","11":"tag-featurednews","12":"tag-headlines","13":"tag-hovedoppslag","14":"tag-latest-news","15":"tag-latestnews","16":"tag-main-news","17":"tag-mainnews","18":"tag-marius-borg-hoiby","19":"tag-news","20":"tag-no","21":"tag-norge","22":"tag-norway","23":"tag-nyheter","24":"tag-overskrifter","25":"tag-top-stories","26":"tag-topstories"},"share_on_mastodon":{"url":"https:\/\/pubeurope.com\/@no\/115729568193649364","error":""},"_links":{"self":[{"href":"https:\/\/www.europesays.com\/no\/wp-json\/wp\/v2\/posts\/114682","targetHints":{"allow":["GET"]}}],"collection":[{"href":"https:\/\/www.europesays.com\/no\/wp-json\/wp\/v2\/posts"}],"about":[{"href":"https:\/\/www.europesays.com\/no\/wp-json\/wp\/v2\/types\/post"}],"author":[{"embeddable":true,"href":"https:\/\/www.europesays.com\/no\/wp-json\/wp\/v2\/users\/2"}],"replies":[{"embeddable":true,"href":"https:\/\/www.europesays.com\/no\/wp-json\/wp\/v2\/comments?post=114682"}],"version-history":[{"count":0,"href":"https:\/\/www.europesays.com\/no\/wp-json\/wp\/v2\/posts\/114682\/revisions"}],"wp:featuredmedia":[{"embeddable":true,"href":"https:\/\/www.europesays.com\/no\/wp-json\/wp\/v2\/media\/114683"}],"wp:attachment":[{"href":"https:\/\/www.europesays.com\/no\/wp-json\/wp\/v2\/media?parent=114682"}],"wp:term":[{"taxonomy":"category","embeddable":true,"href":"https:\/\/www.europesays.com\/no\/wp-json\/wp\/v2\/categories?post=114682"},{"taxonomy":"post_tag","embeddable":true,"href":"https:\/\/www.europesays.com\/no\/wp-json\/wp\/v2\/tags?post=114682"}],"curies":[{"name":"wp","href":"https:\/\/api.w.org\/{rel}","templated":true}]}}