{"id":114696,"date":"2025-12-16T14:02:09","date_gmt":"2025-12-16T14:02:09","guid":{"rendered":"https:\/\/www.europesays.com\/no\/114696\/"},"modified":"2025-12-16T14:02:09","modified_gmt":"2025-12-16T14:02:09","slug":"uvaer-torden-lyn-nye-farevarsler-sterk-vind-og-torden-med-mye-lyn","status":"publish","type":"post","link":"https:\/\/www.europesays.com\/no\/114696\/","title":{"rendered":"Uv\u00e6r, Torden &#038; Lyn | Nye farevarsler: \u2013 Sterk vind og torden med mye lyn"},"content":{"rendered":"\n<p>De siste dagene har meldingene om gult farevarsel kommet jevnt og trutt fra Meteorologisk institutt. Tirsdag er det ikke mindre enn to farevarsel.<\/p>\n<p>Der meldes om vind fra s\u00f8r og s\u00f8rvest som kan komme opp i stiv kuling. Vinden vil spakne natt til onsdag.<\/p>\n<p>Mye lyn<\/p>\n<p>Mandag ettermiddag ble det registrert flere lynnedslag i Lofoten.<\/p>\n<p>  <a href=\"https:\/\/www.lofotposten.no\/5-29-1260491\" class=\"related-teaser has-image default-story-teaser article--c-eRUmMG article--c-eRUmMG-jKCPdD-design-default\" rel=\"nofollow noopener\" target=\"_blank\"><\/p>\n<p>    <img decoding=\"async\" loading=\"lazy\"  src=\"https:\/\/www.europesays.com\/no\/wp-content\/uploads\/2025\/12\/5_29_968422_Lyn.jpg\" alt=\"\" class=\"brick-c-cFOWSL\" style=\"\"\/><\/p>\n<p>\n            Les ogs\u00e5<\/p>\n<p>              Har du sett lynet i kveld?\n        <\/p>\n<p>  <\/a><\/p>\n<p>Tirsdag er det sendt ut gult farevarsel for lyn.<\/p>\n<p>\u2013 Fra tirsdag kveld er det fare for tordenv\u00e6r med mye lyn, f\u00f8rst i vestlige deler. Det vil v\u00e6re lokale forskjeller i intensitet. Noen steder vil ikke f\u00e5 tordenv\u00e6r. Tidlig onsdag er faren over, f\u00f8rst i nord, heter det i meldingen.<\/p>\n<p>Gode r\u00e5d<\/p>\n<p>Meteorologisk institutt har f\u00f8lgende r\u00e5d for \u00e5 unng\u00e5 \u00e5 sette seg selv i fare.<\/p>\n<p>\u2013 Unng\u00e5 utend\u00f8rsaktiviteter p\u00e5 utsatte omr\u00e5der, som p\u00e5 fjellet, i vann eller p\u00e5 \u00e5pne sletter. Unng\u00e5 \u00e5 v\u00e6re det h\u00f8yeste punktet i omr\u00e5det. S\u00f8k ly mens tordenv\u00e6ret p\u00e5g\u00e5r, men unng\u00e5 \u00e5 s\u00f8ke ly under et tre. Ikke opphold deg i vann eller i en liten b\u00e5t.<\/p>\n<p>If\u00f8lge lynkartet til Yr er det tirsdag formiddag registrert 3 lynnedslag i Vestfjorden og 2 p\u00e5 Yttersia. <\/p>\n","protected":false},"excerpt":{"rendered":"De siste dagene har meldingene om gult farevarsel kommet jevnt og trutt fra Meteorologisk institutt. Tirsdag er det&hellip;\n","protected":false},"author":2,"featured_media":114697,"comment_status":"","ping_status":"","sticky":false,"template":"","format":"standard","meta":{"footnotes":""},"categories":[10],"tags":[36,20,21,24,25,1186,15,22,23,13,30,28,29,14,16,1463,1510,26,27,13931,3230,1459,1462,3468,1460],"class_list":{"0":"post-114696","1":"post","2":"type-post","3":"status-publish","4":"format-standard","5":"has-post-thumbnail","7":"category-norge","8":"tag-art","9":"tag-breaking-news","10":"tag-breakingnews","11":"tag-featured-news","12":"tag-featurednews","13":"tag-flakstad","14":"tag-headlines","15":"tag-latest-news","16":"tag-latestnews","17":"tag-news","18":"tag-no","19":"tag-norge","20":"tag-norway","21":"tag-nyheter","22":"tag-overskrifter","23":"tag-rost","24":"tag-story","25":"tag-top-stories","26":"tag-topstories","27":"tag-torden-lyn","28":"tag-uvaer","29":"tag-vagan","30":"tag-vaeroy","31":"tag-vervarslinga-i-nord-norge","32":"tag-vestvagoy"},"share_on_mastodon":{"url":"https:\/\/pubeurope.com\/@no\/115729619128586200","error":""},"_links":{"self":[{"href":"https:\/\/www.europesays.com\/no\/wp-json\/wp\/v2\/posts\/114696","targetHints":{"allow":["GET"]}}],"collection":[{"href":"https:\/\/www.europesays.com\/no\/wp-json\/wp\/v2\/posts"}],"about":[{"href":"https:\/\/www.europesays.com\/no\/wp-json\/wp\/v2\/types\/post"}],"author":[{"embeddable":true,"href":"https:\/\/www.europesays.com\/no\/wp-json\/wp\/v2\/users\/2"}],"replies":[{"embeddable":true,"href":"https:\/\/www.europesays.com\/no\/wp-json\/wp\/v2\/comments?post=114696"}],"version-history":[{"count":0,"href":"https:\/\/www.europesays.com\/no\/wp-json\/wp\/v2\/posts\/114696\/revisions"}],"wp:featuredmedia":[{"embeddable":true,"href":"https:\/\/www.europesays.com\/no\/wp-json\/wp\/v2\/media\/114697"}],"wp:attachment":[{"href":"https:\/\/www.europesays.com\/no\/wp-json\/wp\/v2\/media?parent=114696"}],"wp:term":[{"taxonomy":"category","embeddable":true,"href":"https:\/\/www.europesays.com\/no\/wp-json\/wp\/v2\/categories?post=114696"},{"taxonomy":"post_tag","embeddable":true,"href":"https:\/\/www.europesays.com\/no\/wp-json\/wp\/v2\/tags?post=114696"}],"curies":[{"name":"wp","href":"https:\/\/api.w.org\/{rel}","templated":true}]}}