{"id":11471,"date":"2025-08-18T15:03:15","date_gmt":"2025-08-18T15:03:15","guid":{"rendered":"https:\/\/www.europesays.com\/no\/11471\/"},"modified":"2025-08-18T15:03:15","modified_gmt":"2025-08-18T15:03:15","slug":"tiril-eckhoff-sport-tiril-eckhoff-skal-vaere-med-i-skal-vi-danse","status":"publish","type":"post","link":"https:\/\/www.europesays.com\/no\/11471\/","title":{"rendered":"Tiril Eckhoff, Sport | Tiril Eckhoff skal v\u00e6re med i \u00abSkal vi danse\u00bb"},"content":{"rendered":"\n<p>Det ble klart mandag, da deltagerne ble presentert av TV-kanalen. Etter et \u00e5rs pause er det fra 4. oktober duket for jubileumssesong for \u00abSkal vi danse\u00bb. Den kommende sesongen er nummer 20 i rekken.<\/p>\n<p>En av deltagerne er den tidligere skiskytteren Tiril Eckhoff fra Fossum og B\u00e6rum.<\/p>\n<p>If\u00f8lge Nettavisen er ikke 35-\u00e5ringen fra B\u00e6rum helt komfortabel med deltagelsen. Tiril Eckhoff forteller at hun allerede angrer p\u00e5 at hun meldte seg p\u00e5.<\/p>\n<p>\u2013 Ja, absolutt, svarer hun p\u00e5 sp\u00f8rsm\u00e5l fra programleder Anders Hoff da deltagerne ble presentert.<\/p>\n<p>  <a href=\"https:\/\/www.budstikka.no\/5-55-1913276\" class=\"related-teaser has-image default-story-teaser article--c-eRUmMG article--c-eRUmMG-jKCPdD-design-default\" rel=\"nofollow noopener\" target=\"_blank\"><\/p>\n<p>    <img decoding=\"async\" loading=\"lazy\"  src=\"https:\/\/www.europesays.com\/no\/wp-content\/uploads\/2025\/08\/NTB_Nv4B7TPflSI.jpg\" alt=\"\" class=\"brick-c-cFOWSL\" style=\"\"\/><\/p>\n<p>\n            Les ogs\u00e5<\/p>\n<p>              Sl\u00e5r ring om Ingrid etter hatsk melding: \u2013 Det gj\u00f8r j\u00e6vlig vondt\n        <\/p>\n<p>  <\/a><br \/>\n  La opp 2023<\/p>\n<p>35-\u00e5ringen fra B\u00e6rum meldte i 2023 at hun la opp som skiskytter. Hun har en rekke gull-, s\u00f8lv- og bronsemedaljer fra OL og VM.<\/p>\n<p>TV 2s programredakt\u00f8r Trygve R\u00f8nningen konstaterer at seerne elsker \u00abSkal vi danse\u00bb.<\/p>\n<p>  <a href=\"https:\/\/www.budstikka.no\/5-55-1874278\" class=\"related-teaser has-image default-story-teaser article--c-eRUmMG article--c-eRUmMG-jKCPdD-design-default\" rel=\"nofollow noopener\" target=\"_blank\"><\/p>\n<p>    <img decoding=\"async\" loading=\"lazy\"  src=\"https:\/\/www.europesays.com\/no\/wp-content\/uploads\/2025\/08\/Tiril+Eckhoff.bin\" alt=\"\" class=\"brick-c-cFOWSL\" style=\"\"\/><\/p>\n<p>\n            Les ogs\u00e5<\/p>\n<p>              Ble satt ut da hun bes\u00f8kte norsk fengsel\n        <\/p>\n<p>  <\/a><\/p>\n<p>\u2013 Engasjementet har v\u00e6rt stort ogs\u00e5 det \u00e5ret programmet har v\u00e6rt borte. N\u00e5 har vi brukt tiden godt og h\u00e5per at vi kan ta programmet til nye h\u00f8yder, sier han if\u00f8lge NTB.<\/p>\n<p>I tillegg til Tiril Eckhoff, er dette deltagerne i \u00e5rets \u00abSkal vi danse\u00bb:<\/p>\n<p>Tobias Brandal Bus\u00e6t, Carina Dahl, Trygve Bennetsen, Danby Choi, Bernt Hulsker, Tale Torjussen, Desta Marie Beeder, Emilie Enger Mehl, Halvor Bakke, Emma Ellingsen, Vendela Kirsebom og Viggo Venn.<\/p>\n<p>Programledere er Helene Olafsen og Anders Hoff, mens dommerpanelet best\u00e5r av Cengiz Al, Jan Thomas, Nadya Khamitskaya og Merete M\u00f8rk Lingj\u00e6rde.<\/p>\n<p>Les mer om: artikkelemnene<\/p>\n","protected":false},"excerpt":{"rendered":"Det ble klart mandag, da deltagerne ble presentert av TV-kanalen. Etter et \u00e5rs pause er det fra 4.&hellip;\n","protected":false},"author":2,"featured_media":11472,"comment_status":"","ping_status":"","sticky":false,"template":"","format":"standard","meta":{"footnotes":""},"categories":[58],"tags":[36,71,410,30,28,29,2280,83,1510,2287,72],"class_list":{"0":"post-11471","1":"post","2":"type-post","3":"status-publish","4":"format-standard","5":"has-post-thumbnail","7":"category-underholdning","8":"tag-art","9":"tag-entertainment","10":"tag-kultur","11":"tag-no","12":"tag-norge","13":"tag-norway","14":"tag-skal-vi-danse","15":"tag-sport","16":"tag-story","17":"tag-tiril-eckhoff","18":"tag-underholdning"},"share_on_mastodon":{"url":"","error":""},"_links":{"self":[{"href":"https:\/\/www.europesays.com\/no\/wp-json\/wp\/v2\/posts\/11471","targetHints":{"allow":["GET"]}}],"collection":[{"href":"https:\/\/www.europesays.com\/no\/wp-json\/wp\/v2\/posts"}],"about":[{"href":"https:\/\/www.europesays.com\/no\/wp-json\/wp\/v2\/types\/post"}],"author":[{"embeddable":true,"href":"https:\/\/www.europesays.com\/no\/wp-json\/wp\/v2\/users\/2"}],"replies":[{"embeddable":true,"href":"https:\/\/www.europesays.com\/no\/wp-json\/wp\/v2\/comments?post=11471"}],"version-history":[{"count":0,"href":"https:\/\/www.europesays.com\/no\/wp-json\/wp\/v2\/posts\/11471\/revisions"}],"wp:featuredmedia":[{"embeddable":true,"href":"https:\/\/www.europesays.com\/no\/wp-json\/wp\/v2\/media\/11472"}],"wp:attachment":[{"href":"https:\/\/www.europesays.com\/no\/wp-json\/wp\/v2\/media?parent=11471"}],"wp:term":[{"taxonomy":"category","embeddable":true,"href":"https:\/\/www.europesays.com\/no\/wp-json\/wp\/v2\/categories?post=11471"},{"taxonomy":"post_tag","embeddable":true,"href":"https:\/\/www.europesays.com\/no\/wp-json\/wp\/v2\/tags?post=11471"}],"curies":[{"name":"wp","href":"https:\/\/api.w.org\/{rel}","templated":true}]}}