{"id":114715,"date":"2025-12-16T14:25:08","date_gmt":"2025-12-16T14:25:08","guid":{"rendered":"https:\/\/www.europesays.com\/no\/114715\/"},"modified":"2025-12-16T14:25:08","modified_gmt":"2025-12-16T14:25:08","slug":"tv-2-sender-norges-apningskamp-i-vm","status":"publish","type":"post","link":"https:\/\/www.europesays.com\/no\/114715\/","title":{"rendered":"TV 2 sender Norges \u00e5pningskamp i VM"},"content":{"rendered":"\n<p class=\"_lead_o9xde_2 _lead_xtcu6_50 layout-component text-serif-m layout-normal text-serif-l layout-component layout-wide layout-padded _wide_17hqh_1 layout-padded\">TV 2 sender landslagets f\u00f8rste VM-kamp p\u00e5 28 \u00e5r. <\/p>\n<p><img alt=\" Foto: Bj\u00f8rn S. Delebekk \/ VG\" class=\"_image_qp4xg_65 layout-component layout-wide\" data-fullscreen- data-track-element-type=\"Article image fullscreen\" data-track-name=\"ImageFullscreen\" fetchpriority=\"high\" decoding=\"sync\" loading=\"eager\" height=\"4736\" itemprop=\"image\"  src=\"https:\/\/www.europesays.com\/no\/wp-content\/uploads\/2025\/12\/489d9000-31fc-4ba9-aed5-edfa0b748ffe\"  style=\"object-position:0% 0%\" width=\"7174\"\/> Foto: Bj\u00f8rn S. Delebekk \/ VG<\/p>\n<ul aria-hidden=\"true\" class=\"_images_ntbth_112\">\n<li><a class=\"_link_ntbth_117\" href=\"https:\/\/www.vg.no\/forfatter\/steffen-stenersen\" style=\"z-index:1\" title=\"Steffen Stenersen\" rel=\"nofollow noopener\" target=\"_blank\"><img alt=\"Bilde av Steffen Stenersen\" class=\"_image_ntbth_93\" fetchpriority=\"low\" loading=\"lazy\" decoding=\"async\" itemprop=\"image\"  src=\"https:\/\/www.europesays.com\/no\/wp-content\/uploads\/2025\/12\/1765895108_692_53060b84-6e6f-4eee-9b23-952f524bbbf0\"  width=\"480\"\/><\/a><\/li>\n<\/ul>\n<p> Oppdatert tirsdag 16. desember kl. 14:51     <\/p>\n<p class=\"_paragraph_o9xde_4 _paragraph_xtcu6_10 layout-component text-serif-m layout-normal text-serif-m layout-padded\">\u00c5pningskampen mot playoffvinneren av Surinam, Irak og Bolivia g\u00e5r p\u00e5 TV 2. Samtidig har NRK f\u00e5tt de to siste gruppespillskampene mot henholdsvis Senegal og Frankrike. <\/p>\n<p class=\"_paragraph_o9xde_4 _paragraph_xtcu6_10 layout-component text-serif-m layout-normal text-serif-m layout-padded\">\u2013 Vi tar en kalkulert risiko og stoler p\u00e5 at St\u00e5le Solbakken og hans menn tar Norge videre til 16-delsfinale p\u00e5 TV 2. S\u00e5pass tro m\u00e5 vi ha p\u00e5 Norge i VM, sier TV 2 Sportens redakt\u00f8r Vegard Jansen Hagen i en pressemelding. <\/p>\n<p class=\"_paragraph_o9xde_4 _paragraph_xtcu6_10 layout-component text-serif-m layout-normal text-serif-m layout-padded\">Skulle Norge g\u00e5 videre til 16-delsfinale, sendes den p\u00e5 TV 2. En eventuell \u00e5ttedelsfinale vises p\u00e5 NRK, mens kvartfinalen igjen g\u00e5r til TV 2.<\/p>\n<p class=\"_paragraph_o9xde_4 _paragraph_xtcu6_10 layout-component text-serif-m layout-normal text-serif-m layout-padded\">VM starter med \u00e5pningskampen mellom Mexico og S\u00f8r-Afrika 11. juni p\u00e5 TV 2. Finalen og bronsekampen 19. juli sendes p\u00e5 NRK, mens begge semifinalene vises p\u00e5 TV 2.<\/p>\n","protected":false},"excerpt":{"rendered":"TV 2 sender landslagets f\u00f8rste VM-kamp p\u00e5 28 \u00e5r. Foto: Bj\u00f8rn S. Delebekk \/ VG Oppdatert tirsdag 16.&hellip;\n","protected":false},"author":2,"featured_media":114716,"comment_status":"","ping_status":"","sticky":false,"template":"","format":"standard","meta":{"footnotes":""},"categories":[5],"tags":[20,21,24,25,8634,15,3163,19,22,23,17,18,13,30,28,29,14,16,26,27],"class_list":{"0":"post-114715","1":"post","2":"type-post","3":"status-publish","4":"format-standard","5":"has-post-thumbnail","7":"category-overskrifter","8":"tag-breaking-news","9":"tag-breakingnews","10":"tag-featured-news","11":"tag-featurednews","12":"tag-fotball-vm-2026","13":"tag-headlines","14":"tag-herrelandslaget-fotball","15":"tag-hovedoppslag","16":"tag-latest-news","17":"tag-latestnews","18":"tag-main-news","19":"tag-mainnews","20":"tag-news","21":"tag-no","22":"tag-norge","23":"tag-norway","24":"tag-nyheter","25":"tag-overskrifter","26":"tag-top-stories","27":"tag-topstories"},"share_on_mastodon":{"url":"https:\/\/pubeurope.com\/@no\/115729709570935626","error":""},"_links":{"self":[{"href":"https:\/\/www.europesays.com\/no\/wp-json\/wp\/v2\/posts\/114715","targetHints":{"allow":["GET"]}}],"collection":[{"href":"https:\/\/www.europesays.com\/no\/wp-json\/wp\/v2\/posts"}],"about":[{"href":"https:\/\/www.europesays.com\/no\/wp-json\/wp\/v2\/types\/post"}],"author":[{"embeddable":true,"href":"https:\/\/www.europesays.com\/no\/wp-json\/wp\/v2\/users\/2"}],"replies":[{"embeddable":true,"href":"https:\/\/www.europesays.com\/no\/wp-json\/wp\/v2\/comments?post=114715"}],"version-history":[{"count":0,"href":"https:\/\/www.europesays.com\/no\/wp-json\/wp\/v2\/posts\/114715\/revisions"}],"wp:featuredmedia":[{"embeddable":true,"href":"https:\/\/www.europesays.com\/no\/wp-json\/wp\/v2\/media\/114716"}],"wp:attachment":[{"href":"https:\/\/www.europesays.com\/no\/wp-json\/wp\/v2\/media?parent=114715"}],"wp:term":[{"taxonomy":"category","embeddable":true,"href":"https:\/\/www.europesays.com\/no\/wp-json\/wp\/v2\/categories?post=114715"},{"taxonomy":"post_tag","embeddable":true,"href":"https:\/\/www.europesays.com\/no\/wp-json\/wp\/v2\/tags?post=114715"}],"curies":[{"name":"wp","href":"https:\/\/api.w.org\/{rel}","templated":true}]}}