{"id":114719,"date":"2025-12-16T14:35:08","date_gmt":"2025-12-16T14:35:08","guid":{"rendered":"https:\/\/www.europesays.com\/no\/114719\/"},"modified":"2025-12-16T14:35:08","modified_gmt":"2025-12-16T14:35:08","slug":"eivind-traedal-gar-inn-i-venstresidens-magawatch-prosjekt","status":"publish","type":"post","link":"https:\/\/www.europesays.com\/no\/114719\/","title":{"rendered":"Eivind Tr\u00e6dal g\u00e5r inn i venstresidens \u00abMAGAwatch\u00bb-prosjekt"},"content":{"rendered":"<p><strong>Det venstreorienterte mediehuset Manifest Media har f\u00e5tt med seg MDG-politiker Eivind Tr\u00e6dal i sitt kommende prosjekt \u00abMAGAwatch\u00bb, et program som skal rette s\u00f8kelys mot det de omtaler som \u00abMAGA-regimet\u00bb under president Donald Trump.<\/strong><\/p>\n<p>Tr\u00e6dal bekrefter deltakelsen i et <a href=\"https:\/\/www.facebook.com\/eivindtraedal\/posts\/pfbid0xVERMeGZzRPUddezEsJJ4khsf4ZNjW7YNrS67prAVNs9FN6hzC4o4vjiapPJG5o5l\" rel=\"nofollow noopener\" target=\"_blank\">Facebook-innlegg<\/a>, der han omtaler prosjektet som et \u00abdr\u00f8mmeoppdrag\u00bb og skriver at pilotepisoder allerede er spilt inn. Lansering er planlagt over jul, if\u00f8lge Tr\u00e6dal.<\/p>\n<p>Norsk mediedekning av USA mangler ofte b\u00e5de bakgrunnskunnskap og dybde, sier han til iNyheter.<\/p>\n<p><strong>Ber\u00f8ringsangst og naivitet<\/strong><\/p>\n<p>Prosjektet ledes av Manifest-redakt\u00f8r Magnus Engen Marsdal og skal publiseres som podkast, YouTube-innhold og kortvideoer. Ogs\u00e5 forfatter og journalist Vegas Tenold deltar i satsingen.<\/p>\n<p>\u2013 Etter et \u00e5r der norske medier har vist forbl\u00f8ffende naivitet, ber\u00f8ringsangst og mangel p\u00e5 innsikt b\u00e5de i m\u00f8te med \u00e5penlyse nazihilsener, fascistisk retorikk og h\u00f8yreradikale influencere som Charlie Kirk, trengs det \u00e5penbart flere som kan dekke galskapen i USA med litt mer bakgrunnskunnskap og kritisk sans, skriver Tr\u00e6dal p\u00e5 <a href=\"https:\/\/www.facebook.com\/eivindtraedal\/posts\/pfbid0xVERMeGZzRPUddezEsJJ4khsf4ZNjW7YNrS67prAVNs9FN6hzC4o4vjiapPJG5o5l\" rel=\"nofollow noopener\" target=\"_blank\">Facebook<\/a>.<\/p>\n<p>Manifest Media <a href=\"https:\/\/inyheter.no\/10\/11\/2025\/planlegger-magawatch-ber-om-stotte-til-nytt-prosjekt\/\" rel=\"nofollow noopener\" target=\"_blank\">varslet oppstarten av \u00abMAGAwatch\u00bb tidligere i h\u00f8st<\/a>. Samtidig ba mediehuset publikum om \u00f8konomisk st\u00f8tte for \u00e5 f\u00e5 prosjektet i gang. If\u00f8lge Manifest var m\u00e5let \u00e5 samle inn 100.000 kroner, hvorav en betydelig andel ble samlet inn umiddelbart etter at prosjektet ble presentert.<\/p>\n<p>Marsdal, som selv er tidligere journalist for Klassekampen, har omtalt satsingen som et journalistisk initiativ \u2013 men ogs\u00e5 som et fors\u00f8k p\u00e5 \u00e5 dekke et felt han mener norske medier har oversett.<\/p>\n<p>Manifest Media har markert seg tydelig p\u00e5 venstresiden i norsk offentlighet. Mediehuset har tidligere m\u00f8tt kritikk for ideologisk ladede analyser, blant annet da de hevdet at 71 prosent av NRKs kommentatorer er h\u00f8yrevridde.<\/p>\n<p>Vegas Tenold er p\u00e5 sin side forfatter av boken Everything You Love Will Burn: Inside the Rebirth of White Nationalism in America, samt tidligere journalist for Dagens N\u00e6ringsliv, The New York Times og Rolling Stone Magazine. Han har <a href=\"https:\/\/www.theguardian.com\/books\/2018\/feb\/17\/vegas-tenold-everything-you-love-will-burn-q-and-a-nazis\" rel=\"nofollow noopener\" target=\"_blank\">bred erfaring<\/a> fra \u00e5 dekke h\u00f8yreekstremistiske og nynazistiske milj\u00f8er, og har tidligere havnet i storm etter \u00e5 ha<a href=\"https:\/\/www.vg.no\/nyheter\/i\/lAeM0L\/nordmann-i-twitter-storm-etter-aa-ha-kalt-trump-rasist-paa-tv\" rel=\"nofollow noopener\" target=\"_blank\"> omtalt Trump-st\u00f8ttere som rasister<\/a> p\u00e5 amerikansk nasjonal TV.<\/p>\n<p>\u2013 Hvilke saker eller tema mener dere det er viktig \u00e5 opplyse den norske befolkningen om, som de ikke f\u00e5r i dag gjennom den norske mediedekningen?, sp\u00f8r iNyheter.<\/p>\n<p>\u2013 Som navnet antyder vil vi ha hovedfokus p\u00e5 MAGA og omegn, svarer Eivind Tr\u00e6dal.<\/p>\n<p>\u2013 Trump-administrasjonens angrep b\u00e5de p\u00e5 USAs institusjoner, akademia, frie medier og sivilsamfunn savner sidestykke i amerikansk historie, og har ogs\u00e5 skjedd raskere enn vi har sett i andre land som har opplevd demokratisk tilbakegang, sier Tr\u00e6dal videre til iNyheter.<\/p>\n<p><strong>Les ogs\u00e5: <a href=\"https:\/\/inyheter.no\/10\/11\/2025\/planlegger-magawatch-ber-om-stotte-til-nytt-prosjekt\/\" rel=\"nofollow noopener\" target=\"_blank\">Planlegger \u00abMAGAwatch\u00bb \u2013 ber om st\u00f8tte til nytt prosjekt<\/a><\/strong><\/p>\n<p><strong>Midt mellom journalistikk og politikk<\/strong><\/p>\n<p>Eivind Tr\u00e6dal er i dag aktiv politiker for Milj\u00f8partiet De Gr\u00f8nne. Hans deltakelse i \u00abMAGAwatch\u00bb inneb\u00e6rer dermed at en sittende politiker g\u00e5r inn i et prosjekt som omtales som journalistisk, men som samtidig har et tydelig politisk og ideologisk utgangspunkt.<\/p>\n<p>I Facebook-innlegget beskriver Tr\u00e6dal \u00abMAGAwatch\u00bb som en ukentlig oppsummering for dem som \u00abikke helt orker \u00e5 f\u00f8lge med p\u00e5 all galskapen i USA p\u00e5 daglig basis\u00bb, men som \u00f8nsker analyser av \u00aballe de store og sm\u00e5 fascistene som har makta der\u00bb.<\/p>\n<p>\u2013 Hva mener du skiller MAGAwatch fra annen dekning av amerikansk politikk i norske medier?<\/p>\n<p>\u2013 Norske medier er jo mangfoldige, men vi har akkurat sett eksempler p\u00e5 at det mangler b\u00e5de bakgrunnskunnskap og dybde i dekninga av store hendelser som drapet p\u00e5 Charlie Kirk. At brorparten av norske kommentatorer ikke hadde h\u00f8rt om mannen, sier sitt, svarer Tr\u00e6dal iNyheter.<\/p>\n<p>Satsingen kommer etter at Marsdal har v\u00e6rt sentral i en offentlig ordkrig med blant annet Subjekt-redakt\u00f8r Danby Choi, etter beskyldninger om at Choi bidrar til \u00e5 \u00abrenvaske\u00bb Trump-bevegelsen. Choi har avvist kritikken og hevdet at Marsdal overdriver trusselbildet fra amerikansk h\u00f8yreside og fors\u00f8ker \u00e5 kneble uenighet.<\/p>\n<p>Marsdal har tidligere f\u00e5tt kritikk for sin dekning av amerikansk politikk, s\u00e6rlig for \u00e5 trekke vidtrekkende paralleller mellom konservative bevegelser og fascisme \u2013 vurderinger som av flere er blitt karakterisert som ideologisk ladede og lite redelige. <\/p>\n<p><strong>MAGAwatch skal, if\u00f8lge dem selv, fortelle norske st\u00f8ttespillere av Trump hva det er de egentlig st\u00e5r for politisk \u2013 slik at man slipper \u00e5 f\u00f8lge med selv. Norske medier er nemlig for balansert i sin dekning, skal man tro initiativtakerne.<\/strong><\/p>\n","protected":false},"excerpt":{"rendered":"Det venstreorienterte mediehuset Manifest Media har f\u00e5tt med seg MDG-politiker Eivind Tr\u00e6dal i sitt kommende prosjekt \u00abMAGAwatch\u00bb, et&hellip;\n","protected":false},"author":2,"featured_media":114720,"comment_status":"","ping_status":"","sticky":false,"template":"","format":"standard","meta":{"footnotes":""},"categories":[12],"tags":[20,21,4675,24,25,15,22,23,13933,5630,13934,13,30,28,29,14,16,26,27,42,43,44,45],"class_list":{"0":"post-114719","1":"post","2":"type-post","3":"status-publish","4":"format-standard","5":"has-post-thumbnail","7":"category-verden","8":"tag-breaking-news","9":"tag-breakingnews","10":"tag-eivind-traedal","11":"tag-featured-news","12":"tag-featurednews","13":"tag-headlines","14":"tag-latest-news","15":"tag-latestnews","16":"tag-magawatch","17":"tag-magnus-marsdal","18":"tag-manifest-media","19":"tag-news","20":"tag-no","21":"tag-norge","22":"tag-norway","23":"tag-nyheter","24":"tag-overskrifter","25":"tag-top-stories","26":"tag-topstories","27":"tag-verden","28":"tag-world","29":"tag-world-news","30":"tag-worldnews"},"share_on_mastodon":{"url":"https:\/\/pubeurope.com\/@no\/115729748860095978","error":""},"_links":{"self":[{"href":"https:\/\/www.europesays.com\/no\/wp-json\/wp\/v2\/posts\/114719","targetHints":{"allow":["GET"]}}],"collection":[{"href":"https:\/\/www.europesays.com\/no\/wp-json\/wp\/v2\/posts"}],"about":[{"href":"https:\/\/www.europesays.com\/no\/wp-json\/wp\/v2\/types\/post"}],"author":[{"embeddable":true,"href":"https:\/\/www.europesays.com\/no\/wp-json\/wp\/v2\/users\/2"}],"replies":[{"embeddable":true,"href":"https:\/\/www.europesays.com\/no\/wp-json\/wp\/v2\/comments?post=114719"}],"version-history":[{"count":0,"href":"https:\/\/www.europesays.com\/no\/wp-json\/wp\/v2\/posts\/114719\/revisions"}],"wp:featuredmedia":[{"embeddable":true,"href":"https:\/\/www.europesays.com\/no\/wp-json\/wp\/v2\/media\/114720"}],"wp:attachment":[{"href":"https:\/\/www.europesays.com\/no\/wp-json\/wp\/v2\/media?parent=114719"}],"wp:term":[{"taxonomy":"category","embeddable":true,"href":"https:\/\/www.europesays.com\/no\/wp-json\/wp\/v2\/categories?post=114719"},{"taxonomy":"post_tag","embeddable":true,"href":"https:\/\/www.europesays.com\/no\/wp-json\/wp\/v2\/tags?post=114719"}],"curies":[{"name":"wp","href":"https:\/\/api.w.org\/{rel}","templated":true}]}}